{"id":593295,"date":"2023-07-21T21:17:02","date_gmt":"2023-07-21T21:17:02","guid":{"rendered":"https:\/\/dimensionturistica.com\/es\/?p=593295"},"modified":"2023-07-21T21:17:02","modified_gmt":"2023-07-21T21:17:02","slug":"iran-blames-political-motives-for-the-eus-latest-sanctions-against-them","status":"publish","type":"post","link":"https:\/\/dimensionturistica.com\/es\/iran-blames-political-motives-for-the-eus-latest-sanctions-against-them\/","title":{"rendered":"Iran blames &#8220;political motives&#8221; for the EU&#8217;s latest sanctions against them"},"content":{"rendered":"<p>El enfoque en el enlace proporcionado es la respuesta de Ir\u00e1n hacia las nuevas sanciones impuestas por la Uni\u00f3n Europea. En este art\u00edculo, echamos un vistazo a las declaraciones de Ir\u00e1n y su argumento de que estas sanciones tienen motivaciones pol\u00edticas en lugar de ser medidas justas basadas en comportamientos objetivos.<\/p>\n<p>Ir\u00e1n ha acusado a la Uni\u00f3n Europea de imponer sanciones como resultado de una agenda pol\u00edtica, en lugar de abordar cuestiones objetivas relacionadas con la seguridad y el cumplimiento de los compromisos nucleares. Seg\u00fan las declaraciones de funcionarios iran\u00edes, estas sanciones son un intento de socavar al pa\u00eds y su papel en el escenario internacional.<\/p>\n<p>Desde la perspectiva de Ir\u00e1n, estas sanciones est\u00e1n motivadas por los intereses pol\u00edticos de ciertos pa\u00edses europeos y no por acciones concretas que violen acuerdos internacionales. El pa\u00eds ha reiterado su compromiso de continuar con sus programas nucleares para fines pac\u00edficos y ha sostenido que no ha incumplido ninguno de los acuerdos establecidos.<\/p>\n<p>Esta situaci\u00f3n ha llevado a tensiones crecientes entre Ir\u00e1n y la Uni\u00f3n Europea. Ir\u00e1n ha manifestado su descontento y ha anunciado que tomar\u00e1 medidas correspondientes para defender sus intereses. Sin embargo, ha dejado en claro que est\u00e1 dispuesto a negociar y encontrar una soluci\u00f3n diplom\u00e1tica para superar esta situaci\u00f3n.<\/p>\n<p>Es importante destacar que las relaciones entre Ir\u00e1n y la Uni\u00f3n Europea han sido hist\u00f3ricamente complejas, especialmente debido a las preocupaciones de la comunidad internacional sobre el programa nuclear de Ir\u00e1n. Las tensiones y los desacuerdos han llevado a la imposici\u00f3n de sanciones en el pasado, y esta situaci\u00f3n actual refleja una continuaci\u00f3n de esta din\u00e1mica.<\/p>\n<p>A medida que se desarrolla esta situaci\u00f3n, ser\u00e1 fundamental que ambas partes busquen un di\u00e1logo constructivo y busquen un terreno com\u00fan para resolver sus diferencias. Las sanciones podr\u00edan ser perjudiciales para ambas partes, y un enfoque negociado ser\u00eda beneficioso para todos.<\/p>\n<p>En resumen, Ir\u00e1n ha atribuido las nuevas sanciones impuestas por la Uni\u00f3n Europea a objetivos pol\u00edticos en lugar de a comportamientos objetivos. Esta situaci\u00f3n ha generado tensiones entre ambas partes y destaca la complejidad de las relaciones entre Ir\u00e1n y la Uni\u00f3n Europea. Es crucial que se busque una soluci\u00f3n diplom\u00e1tica para superar esta situaci\u00f3n y evitar el deterioro de las relaciones bilaterales.<\/p>\n<p><em> &#8221; Sources www.infobae.com &#8221; <\/em><\/p>\n","protected":false},"excerpt":{"rendered":"<p>El enfoque en el enlace proporcionado es la respuesta de Ir\u00e1n hacia las nuevas sanciones impuestas por la Uni\u00f3n Europea. En este art\u00edculo, echamos un vistazo a las declaraciones de Ir\u00e1n y su argumento de que estas sanciones tienen motivaciones pol\u00edticas en lugar de ser medidas justas basadas en comportamientos objetivos. Ir\u00e1n ha acusado a [&hellip;]<\/p>\n","protected":false},"author":4,"featured_media":593296,"comment_status":"open","ping_status":"closed","sticky":false,"template":"","format":"standard","meta":{"om_disable_all_campaigns":false,"jnews-multi-image_gallery":[],"jnews_single_post":[],"jnews_primary_category":[],"jnews_social_meta":[],"footnotes":""},"categories":[40],"tags":[2171,83170,83169,1565],"class_list":["post-593295","post","type-post","status-publish","format-standard","has-post-thumbnail","hentry","category-industria","tag-iran","tag-nuevas-sanciones","tag-objetivos-politicos","tag-ue"],"_links":{"self":[{"href":"https:\/\/dimensionturistica.com\/es\/wp-json\/wp\/v2\/posts\/593295","targetHints":{"allow":["GET"]}}],"collection":[{"href":"https:\/\/dimensionturistica.com\/es\/wp-json\/wp\/v2\/posts"}],"about":[{"href":"https:\/\/dimensionturistica.com\/es\/wp-json\/wp\/v2\/types\/post"}],"author":[{"embeddable":true,"href":"https:\/\/dimensionturistica.com\/es\/wp-json\/wp\/v2\/users\/4"}],"replies":[{"embeddable":true,"href":"https:\/\/dimensionturistica.com\/es\/wp-json\/wp\/v2\/comments?post=593295"}],"version-history":[{"count":0,"href":"https:\/\/dimensionturistica.com\/es\/wp-json\/wp\/v2\/posts\/593295\/revisions"}],"wp:featuredmedia":[{"embeddable":true,"href":"https:\/\/dimensionturistica.com\/es\/wp-json\/wp\/v2\/media\/593296"}],"wp:attachment":[{"href":"https:\/\/dimensionturistica.com\/es\/wp-json\/wp\/v2\/media?parent=593295"}],"wp:term":[{"taxonomy":"category","embeddable":true,"href":"https:\/\/dimensionturistica.com\/es\/wp-json\/wp\/v2\/categories?post=593295"},{"taxonomy":"post_tag","embeddable":true,"href":"https:\/\/dimensionturistica.com\/es\/wp-json\/wp\/v2\/tags?post=593295"}],"curies":[{"name":"wp","href":"https:\/\/api.w.org\/{rel}","templated":true}]}}