{"id":592737,"date":"2023-07-21T10:20:29","date_gmt":"2023-07-21T10:20:29","guid":{"rendered":"https:\/\/dimensionturistica.com\/es\/?p=592737"},"modified":"2023-07-21T10:20:29","modified_gmt":"2023-07-21T10:20:29","slug":"the-training-ship-juan-sebastian-elcano-returns-to-cadiz-after-its-95th-instructional-voyage","status":"publish","type":"post","link":"https:\/\/dimensionturistica.com\/es\/the-training-ship-juan-sebastian-elcano-returns-to-cadiz-after-its-95th-instructional-voyage\/","title":{"rendered":"The Training Ship Juan Sebasti\u00e1n Elcano Returns to C\u00e1diz after its 95th Instructional Voyage"},"content":{"rendered":"<p>\u00a1El majestuoso regreso del Buque Escuela Juan Sebasti\u00e1n Elcano a C\u00e1diz tras su emocionante crucero de instrucci\u00f3n n\u00famero 95!<\/p>\n<p>En un espect\u00e1culo mar\u00edtimo que dej\u00f3 sin aliento a propios y extra\u00f1os, el Buque Escuela Juan Sebasti\u00e1n Elcano hizo su grandioso regreso al puerto de C\u00e1diz. Despu\u00e9s de meses de navegaci\u00f3n por los mares m\u00e1s desafiantes, este ic\u00f3nico barco de la Armada Espa\u00f1ola ha demostrado una vez m\u00e1s su poder\u00edo y esplendor.<\/p>\n<p>Con su imponente estampa y su bandera al viento, el Juan Sebasti\u00e1n Elcano ha cautivado la atenci\u00f3n de todos aquellos que tuvieron el privilegio de presenciar su llegada. Sus velas blancas y relucientes han sido testigos de innumerables aventuras y formaci\u00f3n de los futuros navegantes de la Armada.<\/p>\n<p>Durante su crucero de instrucci\u00f3n n\u00famero 95, este buque s\u00edmbolo de la tradici\u00f3n marinera espa\u00f1ola ha navegado por los mares Mediterr\u00e1neo y Atl\u00e1ntico, visitando puertos emblem\u00e1ticos y dejando una estela de orgullo y admiraci\u00f3n a su paso. Las tripulaciones, compuestas por j\u00f3venes oficiales y guardiamarinas, han tenido la oportunidad de adquirir valiosos conocimientos sobre navegaci\u00f3n y liderazgo en alta mar.<\/p>\n<p>El retorno del Juan Sebasti\u00e1n Elcano a su hogar en C\u00e1diz ha sido recibido con j\u00fabilo y emoci\u00f3n por parte de la comunidad local. Familiares, amigos y admiradores se han congregado para dar la bienvenida a los valientes marinos que han surcado los oc\u00e9anos con determinaci\u00f3n y coraje.<\/p>\n<p>Este buque escuela, que lleva el nombre del c\u00e9lebre navegante espa\u00f1ol Juan Sebasti\u00e1n Elcano, contin\u00faa siendo un s\u00edmbolo de excelencia y disciplina en la Armada Espa\u00f1ola. Sus tripulantes han sido formados en las m\u00e1s rigurosas t\u00e9cnicas de navegaci\u00f3n y han demostrado su compromiso y dedicaci\u00f3n a lo largo de esta traves\u00eda.<\/p>\n<p>El crucero de instrucci\u00f3n del Juan Sebasti\u00e1n Elcano es mucho m\u00e1s que un simple viaje en alta mar. Es una experiencia que moldea el car\u00e1cter y construye la confianza de aquellos que aspiran a convertirse en los mejores marinos de nuestro pa\u00eds. Durante este viaje, los j\u00f3venes oficiales han enfrentado desaf\u00edos \u00fanicos, superando obst\u00e1culos y adquiriendo habilidades vitales para su futura carrera naval.<\/p>\n<p>El regreso del Juan Sebasti\u00e1n Elcano marca el final de un cap\u00edtulo lleno de aprendizaje y crecimiento personal. Los marinos que han tenido el privilegio de formar parte de esta traves\u00eda seguramente llevar\u00e1n consigo recuerdos imborrables y amistades que durar\u00e1n toda la vida.<\/p>\n<p>Mientras el Juan Sebasti\u00e1n Elcano descansa en el puerto de C\u00e1diz, listo para su pr\u00f3ximo desaf\u00edo, no podemos evitar sentirnos maravillados por la grandeza de este buque y el legado que representa. Sus velas, siempre izadas al viento, nos inspiran a perseguir nuestros sue\u00f1os con determinaci\u00f3n y valent\u00eda.<\/p>\n<p>En definitiva, el regreso del Buque Escuela Juan Sebasti\u00e1n Elcano a C\u00e1diz tras su crucero de instrucci\u00f3n n\u00famero 95 es un hito que merece ser celebrado. Este majestuoso barco sigue dejando una huella imborrable tanto en los mares como en nuestros corazones, record\u00e1ndonos que la tradici\u00f3n y la pasi\u00f3n por la navegaci\u00f3n perduran a trav\u00e9s de los siglos.<\/p>\n<p><em> &#8221; Fuentes www.infobae.com &#8221; <\/em><\/p>\n","protected":false},"excerpt":{"rendered":"<p>\u00a1El majestuoso regreso del Buque Escuela Juan Sebasti\u00e1n Elcano a C\u00e1diz tras su emocionante crucero de instrucci\u00f3n n\u00famero 95! En un espect\u00e1culo mar\u00edtimo que dej\u00f3 sin aliento a propios y extra\u00f1os, el Buque Escuela Juan Sebasti\u00e1n Elcano hizo su grandioso regreso al puerto de C\u00e1diz. Despu\u00e9s de meses de navegaci\u00f3n por los mares m\u00e1s desafiantes, [&hellip;]<\/p>\n","protected":false},"author":4,"featured_media":592160,"comment_status":"open","ping_status":"closed","sticky":false,"template":"","format":"standard","meta":{"om_disable_all_campaigns":false,"jnews-multi-image_gallery":[],"jnews_single_post":[],"jnews_primary_category":[],"jnews_social_meta":[],"footnotes":""},"categories":[41],"tags":[5734,82889,82888],"class_list":["post-592737","post","type-post","status-publish","format-standard","has-post-thumbnail","hentry","category-cruceros","tag-cadiz","tag-crucero-de-instruccion-95","tag-el-buque-escuela-juan-sebastian-elcano"],"_links":{"self":[{"href":"https:\/\/dimensionturistica.com\/es\/wp-json\/wp\/v2\/posts\/592737","targetHints":{"allow":["GET"]}}],"collection":[{"href":"https:\/\/dimensionturistica.com\/es\/wp-json\/wp\/v2\/posts"}],"about":[{"href":"https:\/\/dimensionturistica.com\/es\/wp-json\/wp\/v2\/types\/post"}],"author":[{"embeddable":true,"href":"https:\/\/dimensionturistica.com\/es\/wp-json\/wp\/v2\/users\/4"}],"replies":[{"embeddable":true,"href":"https:\/\/dimensionturistica.com\/es\/wp-json\/wp\/v2\/comments?post=592737"}],"version-history":[{"count":0,"href":"https:\/\/dimensionturistica.com\/es\/wp-json\/wp\/v2\/posts\/592737\/revisions"}],"wp:featuredmedia":[{"embeddable":true,"href":"https:\/\/dimensionturistica.com\/es\/wp-json\/wp\/v2\/media\/592160"}],"wp:attachment":[{"href":"https:\/\/dimensionturistica.com\/es\/wp-json\/wp\/v2\/media?parent=592737"}],"wp:term":[{"taxonomy":"category","embeddable":true,"href":"https:\/\/dimensionturistica.com\/es\/wp-json\/wp\/v2\/categories?post=592737"},{"taxonomy":"post_tag","embeddable":true,"href":"https:\/\/dimensionturistica.com\/es\/wp-json\/wp\/v2\/tags?post=592737"}],"curies":[{"name":"wp","href":"https:\/\/api.w.org\/{rel}","templated":true}]}}