{"id":592056,"date":"2023-07-21T01:13:17","date_gmt":"2023-07-21T01:13:17","guid":{"rendered":"https:\/\/dimensionturistica.com\/es\/?p=592056"},"modified":"2023-07-21T01:13:17","modified_gmt":"2023-07-21T01:13:17","slug":"this-is-the-ultimate-car-rental-service-in-the-world-and-it-can-be-found-in-the-canary-islands","status":"publish","type":"post","link":"https:\/\/dimensionturistica.com\/es\/this-is-the-ultimate-car-rental-service-in-the-world-and-it-can-be-found-in-the-canary-islands\/","title":{"rendered":"This is the ultimate car rental service in the world and it can be found in the Canary Islands."},"content":{"rendered":"<p>Descubre la f\u00f3rmula secreta para encontrar el mejor rent a car del mundo en Canarias<\/p>\n<p>\u00a1Atenci\u00f3n! Si eres amante de los viajes y est\u00e1s planeando una escapada a las maravillosas Islas Canarias, esta es la lectura que estabas esperando. Hoy te revelamos el secreto mejor guardado para encontrar el mejor rent a car en el mundo y, por supuesto, en este para\u00edso terrenal.<\/p>\n<p>Las Islas Canarias son conocidas por sus espectaculares playas, paisajes volc\u00e1nicos \u00fanicos y una cultura vibrante. Para explorar cada rinc\u00f3n de este archipi\u00e9lago, contar con un medio de transporte fiable y c\u00f3modo es fundamental. Y ah\u00ed es donde entra en juego el rent a car perfecto.<\/p>\n<p>En nuestra investigaci\u00f3n exhaustiva por el mundo de los alquileres de veh\u00edculos, nos ha llamado la atenci\u00f3n una compa\u00f1\u00eda que destaca del resto. Sin embargo, para mantener la intriga y emoci\u00f3n, no revelaremos su nombre. \u00bfPreparado para sumergirte en un mundo de prestigio y calidad?<\/p>\n<p>Este revolucionario rent a car ha sabido conquistar los corazones de los visitantes de Canarias. \u00bfC\u00f3mo lo ha logrado? Su flota de veh\u00edculos modernos y bien equipados es solo el comienzo. Apostando por la \u00faltima tecnolog\u00eda, esta empresa ha sabido ofrecer a sus clientes una experiencia sin igual.<\/p>\n<p>No solo eso, tambi\u00e9n se enfocan en brindar un servicio al cliente de primera categor\u00eda. Su personal amable, profesional y multiling\u00fce est\u00e1 siempre dispuesto a brindar asistencia y consejos para que tu experiencia sea inolvidable. Adem\u00e1s, su pol\u00edtica transparente de precios y condiciones te garantiza que no encontrar\u00e1s sorpresas desagradables al momento de devolver el veh\u00edculo.<\/p>\n<p>Pero aqu\u00ed viene el plato fuerte: esta empresa ha incorporado una visi\u00f3n sostenible que la diferencia del resto. Son pioneros en el alquiler de veh\u00edculos el\u00e9ctricos, promoviendo as\u00ed un turismo responsable y respetuoso con el medio ambiente. \u00bfSe imaginan recorriendo las hermosas carreteras de Canarias en un veh\u00edculo el\u00e9ctrico, sintiendo la brisa marina y reduciendo la huella de carbono? Sin duda, una experiencia \u00fanica.<\/p>\n<p>Si te est\u00e1s preguntando c\u00f3mo puedes acceder a este rent a car revolucionario, no te desesperes. Afortunadamente, puedes encontrar m\u00e1s informaci\u00f3n y hacer tu reserva a trav\u00e9s de su p\u00e1gina web oficial. Te aseguramos que no te arrepentir\u00e1s de vivir la aventura canaria en uno de los veh\u00edculos de esta compa\u00f1\u00eda.<\/p>\n<p>En resumen, si sue\u00f1as con descubrir cada rinc\u00f3n de las Islas Canarias de una forma c\u00f3moda y sostenible, no busques m\u00e1s. Este rent a car encarna todo lo que necesitas y mucho m\u00e1s. No podemos esperar para que vivas esta experiencia inolvidable y te adentres en un mundo de calidad y prestigio.<\/p>\n<p>\u00a1Prep\u00e1rate para una aventura \u00fanica en Canarias con el mejor rent a car del mundo!<\/p>\n<p><em> &#8221; Sources www.laprovincia.es &#8221; <\/em><\/p>\n","protected":false},"excerpt":{"rendered":"<p>Descubre la f\u00f3rmula secreta para encontrar el mejor rent a car del mundo en Canarias \u00a1Atenci\u00f3n! Si eres amante de los viajes y est\u00e1s planeando una escapada a las maravillosas Islas Canarias, esta es la lectura que estabas esperando. Hoy te revelamos el secreto mejor guardado para encontrar el mejor rent a car en el [&hellip;]<\/p>\n","protected":false},"author":4,"featured_media":592057,"comment_status":"open","ping_status":"closed","sticky":false,"template":"","format":"standard","meta":{"om_disable_all_campaigns":false,"jnews-multi-image_gallery":[],"jnews_single_post":[],"jnews_primary_category":[],"jnews_social_meta":[],"footnotes":""},"categories":[40],"tags":[7264,1483,52217,4024,4223,23525,43551,715,9156,1484,4115,6738,604,2065,17636,11968,1398,797,36598,9429,82540,2067,82543,685,544,18815,82541,41091,3242,2462,64904,82542,61398,7815],"class_list":["post-592056","post","type-post","status-publish","format-standard","has-post-thumbnail","hentry","category-industria","tag-alquiler","tag-canarias","tag-car","tag-coche","tag-coches","tag-coches-de-alquiler","tag-dv","tag-economia","tag-el-hierro","tag-encuesta","tag-fuerteventura","tag-gran-canaria","tag-industria","tag-la-gomera","tag-la-palma","tag-lanzarote","tag-mejor","tag-mundo","tag-noticia-viral","tag-noticias-virales","tag-rent","tag-tenerife","tag-the-comma-separated-list-of-tags-for-this-title-would-be-car-rental","tag-travel","tag-turismo","tag-turismo-canarias","tag-turismo-en-canarias","tag-turismo-interior","tag-vehiculos","tag-viral","tag-viral-canarias","tag-viral-en-canarias","tag-viral-noticia","tag-virales"],"_links":{"self":[{"href":"https:\/\/dimensionturistica.com\/es\/wp-json\/wp\/v2\/posts\/592056","targetHints":{"allow":["GET"]}}],"collection":[{"href":"https:\/\/dimensionturistica.com\/es\/wp-json\/wp\/v2\/posts"}],"about":[{"href":"https:\/\/dimensionturistica.com\/es\/wp-json\/wp\/v2\/types\/post"}],"author":[{"embeddable":true,"href":"https:\/\/dimensionturistica.com\/es\/wp-json\/wp\/v2\/users\/4"}],"replies":[{"embeddable":true,"href":"https:\/\/dimensionturistica.com\/es\/wp-json\/wp\/v2\/comments?post=592056"}],"version-history":[{"count":0,"href":"https:\/\/dimensionturistica.com\/es\/wp-json\/wp\/v2\/posts\/592056\/revisions"}],"wp:featuredmedia":[{"embeddable":true,"href":"https:\/\/dimensionturistica.com\/es\/wp-json\/wp\/v2\/media\/592057"}],"wp:attachment":[{"href":"https:\/\/dimensionturistica.com\/es\/wp-json\/wp\/v2\/media?parent=592056"}],"wp:term":[{"taxonomy":"category","embeddable":true,"href":"https:\/\/dimensionturistica.com\/es\/wp-json\/wp\/v2\/categories?post=592056"},{"taxonomy":"post_tag","embeddable":true,"href":"https:\/\/dimensionturistica.com\/es\/wp-json\/wp\/v2\/tags?post=592056"}],"curies":[{"name":"wp","href":"https:\/\/api.w.org\/{rel}","templated":true}]}}