{"id":592034,"date":"2023-07-21T00:54:52","date_gmt":"2023-07-21T00:54:52","guid":{"rendered":"https:\/\/dimensionturistica.com\/es\/?p=592034"},"modified":"2023-07-21T00:54:52","modified_gmt":"2023-07-21T00:54:52","slug":"grupo-merica-foods-selected-as-official-supplier-for-la-vuelta-23-delivering-unparalleled-support-to-the-prestigious-cycling-event","status":"publish","type":"post","link":"https:\/\/dimensionturistica.com\/es\/grupo-merica-foods-selected-as-official-supplier-for-la-vuelta-23-delivering-unparalleled-support-to-the-prestigious-cycling-event\/","title":{"rendered":"Grupo M\u00e9rica Foods Selected as Official Supplier for La Vuelta 23: Delivering Unparalleled Support to the Prestigious Cycling Event"},"content":{"rendered":"<p>\u00a1Incre\u00edble noticia para los amantes del deporte y la comida! El Grupo Merica Foods ha sido nombrado proveedor oficial de la emocionante Vuelta 23. \u00bfEst\u00e1s preparado para vivir una experiencia \u00fanica que combina el ciclismo m\u00e1s emocionante y los alimentos m\u00e1s deliciosos?<\/p>\n<p>Este comunicado nos revela que el Grupo Merica Foods ha sido seleccionado como el proveedor exclusivo de alimentos para uno de los eventos deportivos m\u00e1s importantes del a\u00f1o, la Vuelta 23. Con su experiencia en la industria alimentaria, esta reconocida empresa ha sido elegida para ofrecer a los participantes y espectadores una experiencia culinaria de primer nivel.<\/p>\n<p>La Vuelta 23 es una competencia ciclista que re\u00fane a los mejores corredores del mundo. Durante varias etapas emocionantes, los ciclistas recorrer\u00e1n los paisajes m\u00e1s hermosos de nuestro pa\u00eds, desafiando sus l\u00edmites y dejando a los espectadores sin aliento. Y ahora, gracias al Grupo Merica Foods, tambi\u00e9n podr\u00e1n disfrutar de una excelente oferta gastron\u00f3mica durante todo el evento.<\/p>\n<p>Desde su amplia selecci\u00f3n de productos frescos y saludables, hasta sus exquisitos platos preparados, el Grupo Merica Foods se asegurar\u00e1 de que tanto los atletas como los aficionados al ciclismo, tengan la energ\u00eda necesaria para disfrutar plenamente de esta apasionante competencia. Sin duda, la combinaci\u00f3n perfecta entre deporte y nutrici\u00f3n.<\/p>\n<p>Pero eso no es todo, el Grupo Merica Foods tambi\u00e9n se ha comprometido con el medio ambiente. En l\u00ednea con su filosof\u00eda de sostenibilidad, han implementado medidas para minimizar el impacto ambiental durante la Vuelta 23. Esto incluye el uso de envases reciclables y la reducci\u00f3n de residuos, demostrando su compromiso con un futuro m\u00e1s verde.<\/p>\n<p>Esta noticia sin duda generar\u00e1 gran expectaci\u00f3n entre los amantes del deporte y la buena comida. \u00a1Imag\u00ednate disfrutar de la emoci\u00f3n de la Vuelta 23 mientras saboreas los exquisitos productos del Grupo Merica Foods! Una experiencia inigualable que seguramente deleitar\u00e1 a todos los asistentes.<\/p>\n<p>Ya sea que te apasione el ciclismo o simplemente disfrutes de una buena comida, no puedes perderte la Vuelta 23 y la deliciosa propuesta gastron\u00f3mica del Grupo Merica Foods. Prep\u00e1rate para vivir una experiencia \u00fanica llena de sabor y adrenalina, \u00a1te esperamos en este emocionante evento que combina deporte y gastronom\u00eda de primer nivel!<\/p>\n<p><em> &#8221; Sources www.europapress.es &#8221; <\/em><\/p>\n","protected":false},"excerpt":{"rendered":"<p>\u00a1Incre\u00edble noticia para los amantes del deporte y la comida! El Grupo Merica Foods ha sido nombrado proveedor oficial de la emocionante Vuelta 23. \u00bfEst\u00e1s preparado para vivir una experiencia \u00fanica que combina el ciclismo m\u00e1s emocionante y los alimentos m\u00e1s deliciosos? Este comunicado nos revela que el Grupo Merica Foods ha sido seleccionado como [&hellip;]<\/p>\n","protected":false},"author":2,"featured_media":592035,"comment_status":"open","ping_status":"closed","sticky":false,"template":"","format":"standard","meta":{"om_disable_all_campaigns":false,"jnews-multi-image_gallery":[],"jnews_single_post":[],"jnews_primary_category":[],"jnews_social_meta":[],"footnotes":""},"categories":[43],"tags":[82527,82531,82530,82528,82529],"class_list":["post-592034","post","type-post","status-publish","format-standard","has-post-thumbnail","hentry","category-gourmet","tag-grupo-merica-foods","tag-la-vuelta-23","tag-proveedor-oficial","tag-proveedor-oficial-de-la-vuelta-23","tag-tags-grupo-merica-foods"],"_links":{"self":[{"href":"https:\/\/dimensionturistica.com\/es\/wp-json\/wp\/v2\/posts\/592034","targetHints":{"allow":["GET"]}}],"collection":[{"href":"https:\/\/dimensionturistica.com\/es\/wp-json\/wp\/v2\/posts"}],"about":[{"href":"https:\/\/dimensionturistica.com\/es\/wp-json\/wp\/v2\/types\/post"}],"author":[{"embeddable":true,"href":"https:\/\/dimensionturistica.com\/es\/wp-json\/wp\/v2\/users\/2"}],"replies":[{"embeddable":true,"href":"https:\/\/dimensionturistica.com\/es\/wp-json\/wp\/v2\/comments?post=592034"}],"version-history":[{"count":0,"href":"https:\/\/dimensionturistica.com\/es\/wp-json\/wp\/v2\/posts\/592034\/revisions"}],"wp:featuredmedia":[{"embeddable":true,"href":"https:\/\/dimensionturistica.com\/es\/wp-json\/wp\/v2\/media\/592035"}],"wp:attachment":[{"href":"https:\/\/dimensionturistica.com\/es\/wp-json\/wp\/v2\/media?parent=592034"}],"wp:term":[{"taxonomy":"category","embeddable":true,"href":"https:\/\/dimensionturistica.com\/es\/wp-json\/wp\/v2\/categories?post=592034"},{"taxonomy":"post_tag","embeddable":true,"href":"https:\/\/dimensionturistica.com\/es\/wp-json\/wp\/v2\/tags?post=592034"}],"curies":[{"name":"wp","href":"https:\/\/api.w.org\/{rel}","templated":true}]}}