{"id":591278,"date":"2023-07-16T16:03:11","date_gmt":"2023-07-16T16:03:11","guid":{"rendered":"https:\/\/dimensionturistica.com\/es\/?p=591278"},"modified":"2023-07-16T16:03:11","modified_gmt":"2023-07-16T16:03:11","slug":"reunion-entre-la-federacion-de-empresarios-turisticos-y-el-instituto-politecnico-nacional-para-promover-el-servicio-social-y-la-colaboracion-con-el-sector-empresarial","status":"publish","type":"post","link":"https:\/\/dimensionturistica.com\/es\/reunion-entre-la-federacion-de-empresarios-turisticos-y-el-instituto-politecnico-nacional-para-promover-el-servicio-social-y-la-colaboracion-con-el-sector-empresarial\/","title":{"rendered":"Reuni\u00f3n entre la Federaci\u00f3n de Empresarios Tur\u00edsticos y el Instituto Polit\u00e9cnico Nacional para promover el servicio social y la colaboraci\u00f3n con el sector empresarial"},"content":{"rendered":"<p>En una reuni\u00f3n significativa encabezada por Margarita Carbajal Carmona, Presidente de FETUR Nacional, y la Dra. Marissa Alonso Marian, Directora de la Escuela Superior de Turismo del Instituto Polit\u00e9cnico Nacional (IPN), se estableci\u00f3 una colaboraci\u00f3n s\u00f3lida entre ambas instituciones para fortalecer la vinculaci\u00f3n de los estudiantes de turismo con el sector empresarial y promover su servicio social.<br \/>\nEl objetivo principal de este encuentro fue dar seguimiento al convenio de colaboraci\u00f3n existente entre FETUR y el IPN. Durante la reuni\u00f3n, se presentaron diversas oportunidades para que los estudiantes de turismo realicen su servicio social y adquieran experiencia pr\u00e1ctica en el campo<img decoding=\"async\" class=\" wp-image-591280 alignleft\" src=\"https:\/\/dimensionturistica.com\/es\/wp-content\/uploads\/2023\/07\/TURISMO-300x180.jpg\" alt=\"\" width=\"775\" height=\"465\" srcset=\"https:\/\/dimensionturistica.com\/es\/wp-content\/uploads\/2023\/07\/TURISMO-300x180.jpg 300w, https:\/\/dimensionturistica.com\/es\/wp-content\/uploads\/2023\/07\/TURISMO.jpg 600w\" sizes=\"(max-width: 775px) 100vw, 775px\" \/> laboral.<br \/>\nLa duraci\u00f3n del servicio social ser\u00e1 de 480 horas, permitiendo una flexibilidad de horario que se adapte a la disponibilidad de los estudiantes. El trabajo podr\u00e1 realizarse tanto de lunes a viernes como en fines de semana, con un total de 10 horas por semana.<br \/>\nAsimismo, se ofrecer\u00e1 la opci\u00f3n de realizar el servicio social a distancia, mediante el uso de una plataforma digital.<br \/>\nLos estudiantes seleccionados tendr\u00e1n la oportunidad de participar en proyectos relacionados con la industria tur\u00edstica, como el desarrollo de planes de modalidad a distancia, el an\u00e1lisis de temas legislativos sobre la Ley General de Turismo, la normatividad en competencias laborales para hoteles, actividades de buceo y campamento, asesor\u00edas en reglas de operaci\u00f3n, planificaci\u00f3n y desarrollo municipal, estudios y planes de capacidad de carga, entre otros.<br \/>\nAdem\u00e1s, los estudiantes contar\u00e1n con mentor\u00eda especializada de profesores y profesionales del sector, as\u00ed como acceso a casos de \u00e9xito en el campo de la planificaci\u00f3n tur\u00edstica. Durante el proceso, se proporcionar\u00e1 a los estudiantes informaci\u00f3n detallada y los requisitos necesarios para su participaci\u00f3n.\u2026<br \/>\nAl finalizar el periodo de servicio social, se emitir\u00e1 una carta de t\u00e9rmino a cargo del empresario correspondiente. Tambi\u00e9n se llevar\u00e1 a cabo un cuestionario de seguimiento y evaluaci\u00f3n para recopilar la retroalimentaci\u00f3n de los estudiantes.<br \/>\nLa reuni\u00f3n cont\u00f3 con la participaci\u00f3n de destacadas personalidades, entre ellas la Mtra..<br \/>\nZadith Iliana Rajin, Subdirectora Acad\u00e9mica, Mtra. Nayeli Serrano, Subdirectora de Servicios Educativos e Integraci\u00f3n Social, Mtra. Nashelly Ira\u00eds Barrientos, Jefa del Departamento de Extensi\u00f3n y Apoyos Educativos, Lic. Ang\u00e9lica M\u00e1rquez, Jefa de Departamento de Formaci\u00f3n Profesional Espec\u00edfica, Mtra. Mar\u00eda Elena Villarroel, encargada del \u00e1rea de pr\u00e1cticas y visitas profesionales, Lic. Jos\u00e9 Antonio Dur\u00e1n Romero, Jefe de Unidad Polit\u00e9cnica de Integraci\u00f3n Social, y Lic. Juan de Dios Olivares, Encargado de Convenios de la EST.<br \/>\nEsta colaboraci\u00f3n entre FETUR y el IPN representa un paso importante para fomentar la vinculaci\u00f3n de los estudiantes de turismo con el sector empresarial y proporcionarles oportunidades pr\u00e1cticas en el campo laboral. Ambas instituciones se comprometen a impulsar el crecimiento y desarrollo de la industria tur\u00edstica en M\u00e9xico.<\/p>\n","protected":false},"excerpt":{"rendered":"<p>En una reuni\u00f3n significativa encabezada por Margarita Carbajal Carmona, Presidente de FETUR Nacional, y la Dra. Marissa Alonso Marian, Directora de la Escuela Superior de Turismo del Instituto Polit\u00e9cnico Nacional (IPN), se estableci\u00f3 una colaboraci\u00f3n s\u00f3lida entre ambas instituciones para fortalecer la vinculaci\u00f3n de los estudiantes de turismo con el sector empresarial y promover su [&hellip;]<\/p>\n","protected":false},"author":1,"featured_media":591279,"comment_status":"open","ping_status":"closed","sticky":false,"template":"","format":"standard","meta":{"om_disable_all_campaigns":false,"jnews-multi-image_gallery":[],"jnews_single_post":{"source_name":"","source_url":"","via_name":"","via_url":"","override_template":"0","override":[{"template":"1","single_blog_custom":"","parallax":"1","fullscreen":"1","layout":"right-sidebar","sidebar":"default-sidebar","second_sidebar":"default-sidebar","sticky_sidebar":"1","share_position":"top","share_float_style":"share-monocrhome","show_share_counter":"1","show_view_counter":"1","show_featured":"1","show_post_meta":"1","show_post_author":"1","show_post_author_image":"1","show_post_date":"1","post_date_format":"default","post_date_format_custom":"Y\/m\/d","show_post_category":"1","show_post_reading_time":"0","post_reading_time_wpm":"300","show_zoom_button":"0","zoom_button_out_step":"2","zoom_button_in_step":"3","show_post_tag":"1","show_prev_next_post":"1","show_popup_post":"1","number_popup_post":"1","show_author_box":"0","show_post_related":"0","show_inline_post_related":"0"}],"override_image_size":"0","image_override":[{"single_post_thumbnail_size":"crop-500","single_post_gallery_size":"crop-500"}],"trending_post":"0","trending_post_position":"meta","trending_post_label":"Trending","sponsored_post":"0","sponsored_post_label":"Sponsored by","sponsored_post_name":"","sponsored_post_url":"","sponsored_post_logo_enable":"0","sponsored_post_logo":"","sponsored_post_desc":"","disable_ad":"0"},"jnews_primary_category":{"id":"","hide":""},"jnews_social_meta":{"fb_title":"","fb_description":"","fb_image":"","twitter_title":"","twitter_description":"","twitter_image":""},"footnotes":""},"categories":[39],"tags":[],"class_list":["post-591278","post","type-post","status-publish","format-standard","has-post-thumbnail","hentry","category-viajes"],"_links":{"self":[{"href":"https:\/\/dimensionturistica.com\/es\/wp-json\/wp\/v2\/posts\/591278","targetHints":{"allow":["GET"]}}],"collection":[{"href":"https:\/\/dimensionturistica.com\/es\/wp-json\/wp\/v2\/posts"}],"about":[{"href":"https:\/\/dimensionturistica.com\/es\/wp-json\/wp\/v2\/types\/post"}],"author":[{"embeddable":true,"href":"https:\/\/dimensionturistica.com\/es\/wp-json\/wp\/v2\/users\/1"}],"replies":[{"embeddable":true,"href":"https:\/\/dimensionturistica.com\/es\/wp-json\/wp\/v2\/comments?post=591278"}],"version-history":[{"count":0,"href":"https:\/\/dimensionturistica.com\/es\/wp-json\/wp\/v2\/posts\/591278\/revisions"}],"wp:featuredmedia":[{"embeddable":true,"href":"https:\/\/dimensionturistica.com\/es\/wp-json\/wp\/v2\/media\/591279"}],"wp:attachment":[{"href":"https:\/\/dimensionturistica.com\/es\/wp-json\/wp\/v2\/media?parent=591278"}],"wp:term":[{"taxonomy":"category","embeddable":true,"href":"https:\/\/dimensionturistica.com\/es\/wp-json\/wp\/v2\/categories?post=591278"},{"taxonomy":"post_tag","embeddable":true,"href":"https:\/\/dimensionturistica.com\/es\/wp-json\/wp\/v2\/tags?post=591278"}],"curies":[{"name":"wp","href":"https:\/\/api.w.org\/{rel}","templated":true}]}}