{"id":577607,"date":"2023-06-28T08:12:20","date_gmt":"2023-06-28T08:12:20","guid":{"rendered":"https:\/\/dimensionturistica.com\/es\/?p=577607"},"modified":"2023-06-28T08:12:20","modified_gmt":"2023-06-28T08:12:20","slug":"disfruta-de-un-paquete-especial-de-viajar-para-tus-aventuras-de-verano","status":"publish","type":"post","link":"https:\/\/dimensionturistica.com\/es\/disfruta-de-un-paquete-especial-de-viajar-para-tus-aventuras-de-verano\/","title":{"rendered":"Disfruta de un paquete especial de VIAJAR para tus aventuras de verano"},"content":{"rendered":"<p>Si eres un amante de los viajes y las aventuras, este enlace es perfecto para ti. Te llevar\u00e1 a un art\u00edculo que revela una emocionante noticia sobre un &#8220;pack especial de vacaciones&#8221;. Este paquete puede ser el regalo perfecto para cualquier persona que ame explorar nuevos destinos.<\/p>\n<p>El art\u00edculo destaca que viajar nos regala experiencias inolvidables y nos permite sumergirnos en diferentes culturas. El enlace proporciona detalles sobre este emocionante paquete de vacaciones que sin duda te har\u00e1 sentir emocionado por planificar tu pr\u00f3ximo viaje.<\/p>\n<p>Sin mencionar el t\u00edtulo y autor del art\u00edculo, el enlace promete revelar informaci\u00f3n sobre un paquete de viaje especial que seguramente te encantar\u00e1. Los viajes son una excelente manera de relajarse y recargar energ\u00edas, y este paquete especial te brinda la oportunidad de hacerlo en un destino impresionante.<\/p>\n<p>El enlace menciona que este pack de vacaciones incluye una variedad de experiencias y actividades emocionantes. No importa si eres un amante de la playa, un aficionado a la aventura o un entusiasta de la cultura, este paquete tiene algo para todos. Puedes explorar hermosas playas de ensue\u00f1o, disfrutar de actividades al aire libre como senderismo o buceo, o sumergirte en la rica historia y las tradiciones de un lugar ex\u00f3tico.<\/p>\n<p>El art\u00edculo tambi\u00e9n destaca que este paquete de vacaciones ofrece opciones de hospedaje de alta calidad. Ya sea que prefieras un lujoso resort frente al mar, una acogedora casa de campo en medio de la naturaleza o un hotel boutique en una ciudad vibrante, este pack tiene la elecci\u00f3n perfecta para ti.<\/p>\n<p>Al leer este enlace, te sentir\u00e1s inspirado a planificar tus pr\u00f3ximas vacaciones y descubrir nuevos destinos. \u00bfQu\u00e9 mejor manera de regalarte un tiempo de calidad y crear recuerdos inolvidables?<\/p>\n<p>En resumen, este enlace te invita a descubrir un emocionante pack de vacaciones que seguramente te encantar\u00e1. Viajar es una verdadera bendici\u00f3n y este paquete especial garantiza una experiencia inolvidable llena de aventuras y descanso. No importa cu\u00e1l sea tu preferencia, hay algo para todos en este asombroso destino. \u00bfEst\u00e1s listo para embarcarte en la aventura de tus sue\u00f1os? Haz clic en el enlace y comienza a planificar tu pr\u00f3xima escapada.<\/p>\n<p><em> &#8221; Fuentes amp.epe.es &#8221; <\/em><\/p>\n","protected":false},"excerpt":{"rendered":"<p>Si eres un amante de los viajes y las aventuras, este enlace es perfecto para ti. Te llevar\u00e1 a un art\u00edculo que revela una emocionante noticia sobre un &#8220;pack especial de vacaciones&#8221;. Este paquete puede ser el regalo perfecto para cualquier persona que ame explorar nuevos destinos. El art\u00edculo destaca que viajar nos regala experiencias [&hellip;]<\/p>\n","protected":false},"author":4,"featured_media":577608,"comment_status":"open","ping_status":"closed","sticky":false,"template":"","format":"standard","meta":{"om_disable_all_campaigns":false,"jnews-multi-image_gallery":[],"jnews_single_post":[],"jnews_primary_category":[],"jnews_social_meta":[],"footnotes":""},"categories":[39],"tags":[4285,3918,77266,3657,8883,1861,4725,2873,790],"class_list":["post-577607","post","type-post","status-publish","format-standard","has-post-thumbnail","hentry","category-viajes","tag-familia","tag-francia","tag-pack-especial","tag-planes","tag-regalo","tag-vacaciones","tag-vacaciones-de-verano","tag-verano","tag-viajar"],"_links":{"self":[{"href":"https:\/\/dimensionturistica.com\/es\/wp-json\/wp\/v2\/posts\/577607","targetHints":{"allow":["GET"]}}],"collection":[{"href":"https:\/\/dimensionturistica.com\/es\/wp-json\/wp\/v2\/posts"}],"about":[{"href":"https:\/\/dimensionturistica.com\/es\/wp-json\/wp\/v2\/types\/post"}],"author":[{"embeddable":true,"href":"https:\/\/dimensionturistica.com\/es\/wp-json\/wp\/v2\/users\/4"}],"replies":[{"embeddable":true,"href":"https:\/\/dimensionturistica.com\/es\/wp-json\/wp\/v2\/comments?post=577607"}],"version-history":[{"count":0,"href":"https:\/\/dimensionturistica.com\/es\/wp-json\/wp\/v2\/posts\/577607\/revisions"}],"wp:featuredmedia":[{"embeddable":true,"href":"https:\/\/dimensionturistica.com\/es\/wp-json\/wp\/v2\/media\/577608"}],"wp:attachment":[{"href":"https:\/\/dimensionturistica.com\/es\/wp-json\/wp\/v2\/media?parent=577607"}],"wp:term":[{"taxonomy":"category","embeddable":true,"href":"https:\/\/dimensionturistica.com\/es\/wp-json\/wp\/v2\/categories?post=577607"},{"taxonomy":"post_tag","embeddable":true,"href":"https:\/\/dimensionturistica.com\/es\/wp-json\/wp\/v2\/tags?post=577607"}],"curies":[{"name":"wp","href":"https:\/\/api.w.org\/{rel}","templated":true}]}}