{"id":556117,"date":"2023-06-07T01:11:35","date_gmt":"2023-06-07T01:11:35","guid":{"rendered":"https:\/\/dimensionturistica.com\/es\/?p=556117"},"modified":"2023-06-07T01:11:35","modified_gmt":"2023-06-07T01:11:35","slug":"asiste-cuba-a-convencion-ventas-cvc-de-brasil","status":"publish","type":"post","link":"https:\/\/dimensionturistica.com\/es\/asiste-cuba-a-convencion-ventas-cvc-de-brasil\/","title":{"rendered":"Asiste Cuba a Convenci\u00f3n Ventas CVC de Brasil"},"content":{"rendered":"<p> <br \/>\n<\/p>\n<div property=\"schema:text\">\n<p><span><span><span>Con una representaci\u00f3n de agencias pertenecientes el Ministerio de Turismo participa Cuba en la <strong>Convenci\u00f3n Ventas CVC de Brasil<\/strong>, evento que tiene lugar en Expocentro Balne\u00e1rio Cambori\u00fa J\u00falio Tedesco en el Estado de Santa Catarina, inform\u00f3 la Agencia de Viajes Cubatur en su p\u00e1gina en Facebook.<\/span><\/span><\/span><\/p>\n<p><span><span><span>Turoperador CVC es el mayor operador de viajes de Brasil, y a la que convenci\u00f3n que organiza asisten m\u00e1s de 400 agentes de viajes presentes en su red de ventas.<\/span><\/span><\/span><\/p>\n<p><span><span><span>De acuerdo con informaciones en redes sociales la delegaci\u00f3n cubana incluye representantes de Cubanacan, Cubatur, Cubasol, Palmares y Caracol, entre otras, las que presentan novedades del destino y facilidades para el\u00a0turismo de negocios que engloba el \u00e1mbito del turismo de reuniones, incentivos, conferencias y exposiciones (MICE).<\/span><\/span><\/span><\/p>\n<p><span><span><span>El espacio cubano en la Convenci\u00f3n est\u00e1 decorado con fotos de sus destinos, donde muestran las cualidades que hacen de la Mayor de las Antillas una escapada \u00fanica en el Caribe.<\/span><\/span><\/span><\/p>\n<p>Foto: Agencia de Viajes Cubatur\/Facebook<\/p>\n<\/div>\n\n<p><em> &#8221; Fuentes www.excelenciascuba.com &#8221; <\/em><\/p>\n","protected":false},"excerpt":{"rendered":"<p>Con una representaci\u00f3n de agencias pertenecientes el Ministerio de Turismo participa Cuba en la Convenci\u00f3n Ventas CVC de Brasil, evento que tiene lugar en Expocentro Balne\u00e1rio Cambori\u00fa J\u00falio Tedesco en el Estado de Santa Catarina, inform\u00f3 la Agencia de Viajes Cubatur en su p\u00e1gina en Facebook. Turoperador CVC es el mayor operador de viajes de [&hellip;]<\/p>\n","protected":false},"author":4,"featured_media":0,"comment_status":"open","ping_status":"closed","sticky":false,"template":"","format":"standard","meta":{"om_disable_all_campaigns":false,"jnews-multi-image_gallery":[],"jnews_single_post":[],"jnews_primary_category":[],"jnews_social_meta":[],"footnotes":""},"categories":[40],"tags":[1824,69142,956,705,544],"class_list":["post-556117","post","type-post","status-publish","format-standard","hentry","category-industria","tag-brasil","tag-convencion-ventas-cvc","tag-cuba","tag-noticias","tag-turismo"],"_links":{"self":[{"href":"https:\/\/dimensionturistica.com\/es\/wp-json\/wp\/v2\/posts\/556117","targetHints":{"allow":["GET"]}}],"collection":[{"href":"https:\/\/dimensionturistica.com\/es\/wp-json\/wp\/v2\/posts"}],"about":[{"href":"https:\/\/dimensionturistica.com\/es\/wp-json\/wp\/v2\/types\/post"}],"author":[{"embeddable":true,"href":"https:\/\/dimensionturistica.com\/es\/wp-json\/wp\/v2\/users\/4"}],"replies":[{"embeddable":true,"href":"https:\/\/dimensionturistica.com\/es\/wp-json\/wp\/v2\/comments?post=556117"}],"version-history":[{"count":0,"href":"https:\/\/dimensionturistica.com\/es\/wp-json\/wp\/v2\/posts\/556117\/revisions"}],"wp:attachment":[{"href":"https:\/\/dimensionturistica.com\/es\/wp-json\/wp\/v2\/media?parent=556117"}],"wp:term":[{"taxonomy":"category","embeddable":true,"href":"https:\/\/dimensionturistica.com\/es\/wp-json\/wp\/v2\/categories?post=556117"},{"taxonomy":"post_tag","embeddable":true,"href":"https:\/\/dimensionturistica.com\/es\/wp-json\/wp\/v2\/tags?post=556117"}],"curies":[{"name":"wp","href":"https:\/\/api.w.org\/{rel}","templated":true}]}}