{"id":555986,"date":"2023-06-06T19:50:42","date_gmt":"2023-06-06T19:50:42","guid":{"rendered":"https:\/\/dimensionturistica.com\/es\/?p=555986"},"modified":"2024-02-29T17:14:55","modified_gmt":"2024-02-29T17:14:55","slug":"cam-organizo-el-ii-encuentro-de-turismo-cooperativo-mutual-y-de-base-comunitaria","status":"publish","type":"post","link":"https:\/\/dimensionturistica.com\/es\/cam-organizo-el-ii-encuentro-de-turismo-cooperativo-mutual-y-de-base-comunitaria\/","title":{"rendered":"CAM organiz\u00f3 el II Encuentro de Turismo Cooperativo, Mutual y de Base Comunitaria"},"content":{"rendered":"<p> <br \/>\n<\/p>\n<div>\n<p><strong>6 de junio de 2023, CABA (Ansol) \u2013<\/strong> El pasado mi\u00e9rcoles 31 de mayo, la <strong>Confederaci\u00f3n Argentina de Mutualidades<\/strong> (CAM) organiz\u00f3 el <strong>II Encuentro de <a rel=\"nofollow noopener\" target=\"_blank\" href=\"https:\/\/ansol.com.ar\/mesa-de-turismo-cooperativo-mutualista-y-comunitario-hay-voluntad-de-trabajar-juntos\/mutualismo\/\">Turismo Cooperativo<\/a>, Mutual y de Base Comunitaria<\/strong>, con la participaci\u00f3n de m\u00e1s de 120 personas en el Hotel del C\u00edrculo de Oficiales de Mar (COM) de la Ciudad de Buenos Aires. <\/p>\n<p>El evento cont\u00f3 con el auspicio y apoyo de <strong>Cooperar<\/strong>, <strong><a rel=\"nofollow noopener\" target=\"_blank\" href=\"https:\/\/www.argentina.gob.ar\/inaes\">INAES<\/a><\/strong>, el <strong>Ministerio de Turismo y Deportes<\/strong> de la Naci\u00f3n, la <strong>Mesa Nacional de Turismo Cooperativo<\/strong>, Mutual y de Base Comunitaria, el Centro de Estudios de la Econom\u00eda Social de la <strong>Universidad Nacional de Tres de Febrero<\/strong> (CEES UNTREF) y el Centro de Iniciativas de la Econom\u00eda Social (CIES).<\/p>\n<figure class=\"wp-block-image size-full\"><img decoding=\"async\" loading=\"lazy\" width=\"795\" height=\"450\" src=\"https:\/\/ansol.com.ar\/wp-content\/uploads\/2023\/06\/turismo-cooperativo-segundo-encuentro-cam-2.jpg\" alt=\"CAM organiz\u00f3 el II Encuentro de Turismo Cooperativo, Mutual y de Base Comunitaria\" class=\"wp-image-32131\" srcset=\"https:\/\/ansol.com.ar\/wp-content\/uploads\/2023\/06\/turismo-cooperativo-segundo-encuentro-cam-2.jpg 795w, https:\/\/ansol.com.ar\/wp-content\/uploads\/2023\/06\/turismo-cooperativo-segundo-encuentro-cam-2-300x170.jpg 300w, https:\/\/ansol.com.ar\/wp-content\/uploads\/2023\/06\/turismo-cooperativo-segundo-encuentro-cam-2-768x435.jpg 768w\" sizes=\"auto, (max-width: 795px) 100vw, 795px\"\/><\/figure>\n<p>Se hicieron presentes representantes pertenecientes a distintas mutuales, cooperativas y organizaciones comunitarias de todo el pa\u00eds, as\u00ed como de universidades, organismos p\u00fablicos y municipios. Esta jornada se dio en continuidad a lo desarrollado durante primer Encuentro, realizado durante abril de 2022 en la Unidad Tur\u00edstica del Ministerio de Turismo y Deportes en Embalse, C\u00f3rdoba.<\/p>\n<h2 class=\"wp-block-heading\">Una jornada a puro turismo cooperativo<\/h2>\n<p>En el C\u00edrculo de Oficiales de Mar se llevaron a cabo distintas actividades y propuestas de trabajo con ejes tem\u00e1ticos, donde se evaluaron y se compartieron los avances realizados, <strong>se abordaron las problem\u00e1ticas identificadas en el \u00faltimo encuentro<\/strong> y se debatieron las pr\u00f3ximas l\u00edneas de acci\u00f3n a llevar adelante.<\/p>\n<p>Por la ma\u00f1ana se realizaron tres talleres: <strong>Fortalecimiento de capacidades de las experiencias tur\u00edsticas<\/strong>, <strong>Cat\u00e1logo de experiencias de turismo cooperativo, mutual y de base comunitaria<\/strong> y <strong>Agencias de viajes para mutuales y cooperativas<\/strong>. All\u00ed se destac\u00f3 la actividad de los equipos de trabajo integrados por C\u00e9sar Basa\u00f1es, Federico Chab, Juanita Ben\u00edtez, Federico Tonarelli, Domingo Hart, Alejandra Amantini, Rodrigo Fern\u00e1ndez Miranda, Valeria Laborda, Agostina Diez, Jezabel Torres, Diego Kajin y Christian Hendl.<\/p>\n<p>A los talleres les sigui\u00f3 la <strong>primera ronda de negocios para fomentar la vinculaci\u00f3n comercial<\/strong> entre aquellas organizaciones prestadoras de servicios tur\u00edsticos como alojamientos, transporte, gastronom\u00eda y excursiones con las agencias de viaje del sector cooperativo y mutual. <\/p>\n<figure class=\"wp-block-image size-full\"><img decoding=\"async\" loading=\"lazy\" width=\"795\" height=\"450\" src=\"https:\/\/ansol.com.ar\/wp-content\/uploads\/2023\/06\/turismo-cooperativo-segundo-encuentro-cam-3.jpg\" alt=\"turismo cooperativo\" class=\"wp-image-32132\" srcset=\"https:\/\/ansol.com.ar\/wp-content\/uploads\/2023\/06\/turismo-cooperativo-segundo-encuentro-cam-3.jpg 795w, https:\/\/ansol.com.ar\/wp-content\/uploads\/2023\/06\/turismo-cooperativo-segundo-encuentro-cam-3-300x170.jpg 300w, https:\/\/ansol.com.ar\/wp-content\/uploads\/2023\/06\/turismo-cooperativo-segundo-encuentro-cam-3-768x435.jpg 768w\" sizes=\"auto, (max-width: 795px) 100vw, 795px\"\/><\/figure>\n<p>Por la tarde lleg\u00f3 el turno de los paneles expositivos, para poner en com\u00fan las conclusiones de cada uno de los talleres. En paralelo, se presentaron experiencias de capacitaci\u00f3n y formaci\u00f3n realizadas por universidades y centros de estudio. Para ello, expusieron la decana de la Licenciatura en Turismo de la Universidad Atl\u00e1ntida, <strong>Marta Muro<\/strong>; <strong>Rodrigo Fern\u00e1ndez Miranda<\/strong>, del Centro de Estudios de la Econom\u00eda Social de la Universidad Nacional de Tres de Febrero; <strong>Daniel Garc\u00eda<\/strong>, de la Incubadora de Turismo Socio Solidario de Base Comunitaria de la Universidad Nacional de Quilmes;\u00a0<strong>Ramiro Ragno<\/strong>, de la Red Argentina de Turismo Rural Comunitario; y <strong>Marcelo Felizzola<\/strong>, de la Mutual Conexi\u00f3n que presento la P\u00e1gina Interactiva de Turismo de CAM.<\/p>\n<p>Para finalizar el Encuentro, las autoridades del sector compartieron unas palabras de reflexi\u00f3n acerca de la jornada y la importancia de haber realizado este encuentro, adem\u00e1s de la necesidad de seguir fortaleciendo al sector del Turismo de la Econom\u00eda Social y Solidaria. Dicho panel estuvo integrado por <strong>H\u00e9ctor Acosta<\/strong>, secretario de Relaciones Internacionales de CAM; <strong>Alberto Bavestrello<\/strong>, vicepresidente de COOPERAR; e <strong>In\u00e9s Albergucci<\/strong>, Subsecretaria de Calidad, Accesibilidad y Sustentabilidad de la cartera de Turismo nacional.<\/p>\n<\/p><\/div>\n\n<p><em> &#8221; Fuentes ansol.com.ar &#8221; <\/em><\/p>\n","protected":false},"excerpt":{"rendered":"<p>6 de junio de 2023, CABA (Ansol) \u2013 El pasado mi\u00e9rcoles 31 de mayo, la Confederaci\u00f3n Argentina de Mutualidades (CAM) organiz\u00f3 el II Encuentro de Turismo Cooperativo, Mutual y de Base Comunitaria, con la participaci\u00f3n de m\u00e1s de 120 personas en el Hotel del C\u00edrculo de Oficiales de Mar (COM) de la Ciudad de Buenos [&hellip;]<\/p>\n","protected":false},"author":4,"featured_media":555987,"comment_status":"open","ping_status":"closed","sticky":false,"template":"","format":"standard","meta":{"om_disable_all_campaigns":false,"jnews-multi-image_gallery":[],"jnews_single_post":[],"jnews_primary_category":[],"jnews_social_meta":[],"footnotes":""},"categories":[144872,40],"tags":[],"class_list":["post-555986","post","type-post","status-publish","format-standard","has-post-thumbnail","hentry","category-fashion","category-industria"],"_links":{"self":[{"href":"https:\/\/dimensionturistica.com\/es\/wp-json\/wp\/v2\/posts\/555986","targetHints":{"allow":["GET"]}}],"collection":[{"href":"https:\/\/dimensionturistica.com\/es\/wp-json\/wp\/v2\/posts"}],"about":[{"href":"https:\/\/dimensionturistica.com\/es\/wp-json\/wp\/v2\/types\/post"}],"author":[{"embeddable":true,"href":"https:\/\/dimensionturistica.com\/es\/wp-json\/wp\/v2\/users\/4"}],"replies":[{"embeddable":true,"href":"https:\/\/dimensionturistica.com\/es\/wp-json\/wp\/v2\/comments?post=555986"}],"version-history":[{"count":0,"href":"https:\/\/dimensionturistica.com\/es\/wp-json\/wp\/v2\/posts\/555986\/revisions"}],"wp:featuredmedia":[{"embeddable":true,"href":"https:\/\/dimensionturistica.com\/es\/wp-json\/wp\/v2\/media\/555987"}],"wp:attachment":[{"href":"https:\/\/dimensionturistica.com\/es\/wp-json\/wp\/v2\/media?parent=555986"}],"wp:term":[{"taxonomy":"category","embeddable":true,"href":"https:\/\/dimensionturistica.com\/es\/wp-json\/wp\/v2\/categories?post=555986"},{"taxonomy":"post_tag","embeddable":true,"href":"https:\/\/dimensionturistica.com\/es\/wp-json\/wp\/v2\/tags?post=555986"}],"curies":[{"name":"wp","href":"https:\/\/api.w.org\/{rel}","templated":true}]}}