{"id":555678,"date":"2023-06-06T07:53:42","date_gmt":"2023-06-06T07:53:42","guid":{"rendered":"https:\/\/dimensionturistica.com\/es\/?p=555678"},"modified":"2023-06-06T07:53:42","modified_gmt":"2023-06-06T07:53:42","slug":"cual-es-la-mejor-playa-de-espana-sus-acantilados-y-hermosas-aguas-color-turquesa-la-delatan","status":"publish","type":"post","link":"https:\/\/dimensionturistica.com\/es\/cual-es-la-mejor-playa-de-espana-sus-acantilados-y-hermosas-aguas-color-turquesa-la-delatan\/","title":{"rendered":"\u00bfCu\u00e1l es la mejor playa de Espa\u00f1a? Sus acantilados y hermosas aguas color turquesa la delatan"},"content":{"rendered":"<p> <br \/>\n<\/p>\n<div>\n<p> <span class=\"escrito\">Escrito en <\/span> <span class=\"seccion\">DESTINOS<\/span> <span class=\"el\">el<\/span> <time class=\"fecha-time\" itemprop=\"datePublished\" datetime=\"2023-6-1T3:13:00\">1\/6\/2023 \u00b7 03:13 hs<\/time> <\/p>\n<\/p><\/div>\n<div>\n<p>Si eres un trotamundos y gustas de conocer destinos maravillosos a lo largo y ancho del planeta, seguramente te gustar\u00e1 visitar la que est\u00e1 considerada<strong> una de las <a rel=\"nofollow noopener\" target=\"_blank\" href=\"https:\/\/www.escapadah.com\/destinos\/2023\/5\/31\/guia-para-recorrer-faro-de-bucerias-una-de-las-mejores-playas-de-michoacan-10504.html\"><u>playas <\/u><\/a>m\u00e1s espectaculares de <a rel=\"nofollow noopener\" target=\"_blank\" href=\"https:\/\/www.escapadah.com\/tendencias\/2023\/5\/25\/como-buscar-vuelos-baratos-para-conocer-europa-saliendo-de-mexico-ahorrar-un-poco-10341.html\"><u>Europa<\/u><\/a>, y que se ubica en Espa\u00f1a<\/strong>; aunque es un destino que no se caracteriza por los climas tropicales del<a rel=\"nofollow noopener\" target=\"_blank\" href=\"https:\/\/www.escapadah.com\/destinos\/2023\/5\/28\/destinos-del-caribe-para-pasar-las-mejores-vacaciones-de-verano-con-tu-pareja-10425.html\"><u><strong> Caribe<\/strong><\/u><\/a>, tambi\u00e9n tiene encanto propio por sus bellos paisajes, aguas cristalinas en color turquesa.<\/p>\n<p>Claro que la recomendaci\u00f3n es porque <strong>ya viene el Verano y es la mejor \u00e9poca para ir a las playas de Espa\u00f1a<\/strong>, ya en en las temporadas de Oto\u00f1o e Invierno suelen tener bajas temperaturas. as\u00ed que si te da curiosidad saber cu\u00e1l playa es y d\u00f3nde se localiza espec\u00edficamente, a continuaci\u00f3n te daremos esas respuestas, para que planees tus siguientes vacaciones en el continente europeo.<\/p>\n<h2>\u00bfCu\u00e1l es la mejor playa de Espa\u00f1a?<\/h2>\n<p>De acuerdo al portal de viajes espa\u00f1ol <a rel=\"nofollow noopener\" target=\"_blank\" href=\"https:\/\/viajar.elperiodico.com\/viajeros\/playa-espana-50-mejores-mundo-87868405?s=08\"><u><strong>viajar.elperiodico.com<\/strong><\/u><\/a>, tras realizar una votaci\u00f3n con expertos en viajes, el<strong> Cal\u00f3 des Moro, en la isla de Mallorca <\/strong>es la que se considera una de las m\u00e1s espectaculares de Europa, y la ubica <strong>entre las 50 mejores de todo el mundo<\/strong>. Pero, \u00bfqu\u00e9 tiene de espectacular este destino de Mallorca?<\/p>\n<div class=\"image-align-center\">\n<figure class=\"image\"><amp-img alt=\"\" height=\"1365\" src=\"https:\/\/www.escapadah.com\/u\/fotografias\/m\/2023\/5\/31\/f768x1-20940_21067_226.jpg\" width=\"768\" layout=\"responsive\" class=\"imgcuerpo i-amphtml-layout-responsive i-amphtml-layout-size-defined\" lightbox=\"\" i-amphtml-layout=\"responsive\"><i-amphtml-sizer style=\"display:block;padding-top:177.7344%\"\/><\/amp-img><figcaption>Cal\u00f3 de Moro y sus bellas bah\u00edas\/Foto:Unsplash<\/figcaption><\/figure>\n<\/p><\/div>\n<p>Posicionada en el sitio n\u00famero 23 a nivel mundial, el Cal\u00f3 des Moro destaca por sus bah\u00edas que enmarcan a las<strong> aguas color turquesa, y en las orillas de la playa la arena blanca que une los hermosos acantilados de roca caliza<\/strong>, son raz\u00f3n suficiente para destacar lo fabuloso que es este destino de Espa\u00f1a. Como en muchos para\u00edsos de esta naturaleza, la llegada no es sencilla pues hay que recorrer un tramo caminando para finalmente maravillarte con estas aguas cristalinas ante tus ojos.<\/p>\n<p>Como te mencionamos anteriormente, <strong>lo m\u00e1s recomendable para disfrutar de la calidez del agua es en la \u00e9poca de Verano<\/strong> pero debes llegar a primera hora porque llegan muchos turistas; si viajas a Europa en Oto\u00f1o o Invierno, tambi\u00e9n puedes acercarte a Cal\u00f3 des Moro, aunque seguramente solo ser\u00e1 para tomar fotograf\u00edas de la playa m\u00e1s bonita de Espa\u00f1a, porque la temperatura desciende al tal grado que no querr\u00e1s meterte a nadar.<\/p>\n<p>\u00a0<\/p>\n<\/p><\/div>\n\n<p><em> &#8221; Fuentes www.escapadah.com &#8221; <\/em><\/p>\n","protected":false},"excerpt":{"rendered":"<p>Escrito en DESTINOS el 1\/6\/2023 \u00b7 03:13 hs Si eres un trotamundos y gustas de conocer destinos maravillosos a lo largo y ancho del planeta, seguramente te gustar\u00e1 visitar la que est\u00e1 considerada una de las playas m\u00e1s espectaculares de Europa, y que se ubica en Espa\u00f1a; aunque es un destino que no se caracteriza [&hellip;]<\/p>\n","protected":false},"author":4,"featured_media":555679,"comment_status":"open","ping_status":"closed","sticky":false,"template":"","format":"standard","meta":{"om_disable_all_campaigns":false,"jnews-multi-image_gallery":[],"jnews_single_post":[],"jnews_primary_category":[],"jnews_social_meta":[],"footnotes":""},"categories":[39],"tags":[69089,69090,1423],"class_list":["post-555678","post","type-post","status-publish","format-standard","has-post-thumbnail","hentry","category-viajes","tag-la-mejor-playa-de-espana","tag-playas-de-europa","tag-viajes-internacionales"],"_links":{"self":[{"href":"https:\/\/dimensionturistica.com\/es\/wp-json\/wp\/v2\/posts\/555678","targetHints":{"allow":["GET"]}}],"collection":[{"href":"https:\/\/dimensionturistica.com\/es\/wp-json\/wp\/v2\/posts"}],"about":[{"href":"https:\/\/dimensionturistica.com\/es\/wp-json\/wp\/v2\/types\/post"}],"author":[{"embeddable":true,"href":"https:\/\/dimensionturistica.com\/es\/wp-json\/wp\/v2\/users\/4"}],"replies":[{"embeddable":true,"href":"https:\/\/dimensionturistica.com\/es\/wp-json\/wp\/v2\/comments?post=555678"}],"version-history":[{"count":0,"href":"https:\/\/dimensionturistica.com\/es\/wp-json\/wp\/v2\/posts\/555678\/revisions"}],"wp:featuredmedia":[{"embeddable":true,"href":"https:\/\/dimensionturistica.com\/es\/wp-json\/wp\/v2\/media\/555679"}],"wp:attachment":[{"href":"https:\/\/dimensionturistica.com\/es\/wp-json\/wp\/v2\/media?parent=555678"}],"wp:term":[{"taxonomy":"category","embeddable":true,"href":"https:\/\/dimensionturistica.com\/es\/wp-json\/wp\/v2\/categories?post=555678"},{"taxonomy":"post_tag","embeddable":true,"href":"https:\/\/dimensionturistica.com\/es\/wp-json\/wp\/v2\/tags?post=555678"}],"curies":[{"name":"wp","href":"https:\/\/api.w.org\/{rel}","templated":true}]}}