{"id":553312,"date":"2023-06-03T03:36:10","date_gmt":"2023-06-03T03:36:10","guid":{"rendered":"https:\/\/dimensionturistica.com\/es\/?p=553312"},"modified":"2023-06-03T03:36:10","modified_gmt":"2023-06-03T03:36:10","slug":"esta-es-la-forma-de-viajar-con-el-imserso-si-te-has-quedado-sin-plaza","status":"publish","type":"post","link":"https:\/\/dimensionturistica.com\/es\/esta-es-la-forma-de-viajar-con-el-imserso-si-te-has-quedado-sin-plaza\/","title":{"rendered":"Esta es la forma de viajar con el Imserso si te has quedado sin plaza"},"content":{"rendered":"<p> <br \/>\n<\/p>\n<div>\n<p><a rel=\"nofollow noopener\" target=\"_blank\" href=\"https:\/\/www.huffingtonpost.es\/life\/viajes\/quedan-horas-reservar-viaje-imserso-2023-como-que-destinos-disponibles.html\">El plazo para solicitar una plaza para los viajes de Imserso<\/a> en el segundo turno de septiembre a diciembre del 2023 finaliz\u00f3 el pasado 15 de mayo. No obstante, los que se hayan quedado sin plaza todav\u00eda tienen una oportunidad para disfrutar de los mismos.<\/p>\n<p><amp-ad width=\"300\" height=\"600\" type=\"doubleclick\" data-block-on-consent=\"\" data-npa-on-unknown-consent=\"\" data-slot=\"\/7811748\/huffingtonpost_mob\/amp\" data-multi-size=\"300x250\" data-multi-size-validation=\"false\" json=\"{&quot;targeting&quot;: {&quot;pos&quot;: [&quot;mpu1&quot;], &quot;pbskey&quot;: [&quot;amp&quot;]}}\" rtc-config=\"{&quot;vendors&quot;: {&quot;prebidappnexus&quot;: {&quot;PLACEMENT_ID&quot;: &quot;17946178&quot;},&quot;indexexchange&quot;: {&quot;SITE_ID&quot;: &quot;419132&quot;},&quot;criteo&quot;: {&quot;NETWORK_ID&quot;: &quot;9136&quot;, &quot;PUBLISHER_SUB_ID&quot;: &quot;huffingtonpost_mob-google-mpu1&quot;, &quot;LINE_ITEM_RANGES&quot;: &quot;0..10:0.01;10..25:0.05;25..50:0.10;50..100:0.25&quot;}, &quot;aps&quot;:{&quot;PUB_ID&quot;:&quot;3226&quot;,&quot;PARAMS&quot;:{&quot;amp&quot;:&quot;1&quot;}}}}\" style=\"width: 300px; height: 250px;\"\/><\/p>\n<p>Los destinos m\u00e1s demandados por el Imserso suelen ser los paquetes de Canarias y Baleares, con precios que var\u00edan entre los 200 a los 435 euros en funci\u00f3n de los d\u00edas de estancia (de 8 a 10 d\u00edas son las opciones disponibles) y si se solicitan con o sin transporte.<\/p>\n<p>No obstante, adem\u00e1s de la costa insular, los destinos se completan con los de la Costa Mediterr\u00e1nea (Catalu\u00f1a, Comunidad Valencia, Murcia y Andaluc\u00eda), los de turismo de interior y los propios de balnearios y termales, entre otros.<\/p>\n<h3>\u00bfC\u00f3mo conseguir un viaje del Imserso si te has quedado sin plaza?<\/h3>\n<p>Tal y como recoge el Bolet\u00edn Oficial del Estado (BOE), todos los que cumplan los requisitos para acceder a los viajes del Imserso pueden apuntarse a la lista de espera.\u00a0De esta manera, de quedar vacantes o alguno de los inscritos renuncie a su plaza podr\u00e1n optar a las mismas, por supuesto, al mismo precio.<\/p>\n<p>As\u00ed, de acuerdo a lo expuesto por a la entidad en su web, en referencia al citado segundo turno, los jubilados y pensionistas tienen hasta el pr\u00f3ximo 15 de noviembre para realizar la inscripci\u00f3n a dicha lista de espera.<\/p>\n<p><amp-ad width=\"300\" height=\"600\" type=\"doubleclick\" data-block-on-consent=\"\" data-npa-on-unknown-consent=\"\" data-slot=\"\/7811748\/huffingtonpost_mob\/amp\" data-multi-size=\"300x250\" data-multi-size-validation=\"false\" json=\"{&quot;targeting&quot;: {&quot;pos&quot;: [&quot;mpu2&quot;], &quot;pbskey&quot;: [&quot;amp&quot;]}}\" rtc-config=\"{&quot;vendors&quot;: {&quot;prebidappnexus&quot;: {&quot;PLACEMENT_ID&quot;: &quot;17946179&quot;},&quot;indexexchange&quot;: {&quot;SITE_ID&quot;: &quot;419134&quot;},&quot;criteo&quot;: {&quot;NETWORK_ID&quot;: &quot;9136&quot;, &quot;PUBLISHER_SUB_ID&quot;: &quot;huffingtonpost_mob-google-mpu2&quot;, &quot;LINE_ITEM_RANGES&quot;: &quot;0..10:0.01;10..25:0.05;25..50:0.10;50..100:0.25&quot;}, &quot;aps&quot;: {&quot;PUB_ID&quot;:&quot;3226&quot;,&quot;PARAMS&quot;:{&quot;amp&quot;:&quot;1&quot;}}}}\" style=\"width: 300px; height: 250px;\"\/><\/p>\n<p>Dada la gran demanda, el<a rel=\"nofollow noopener\" target=\"_blank\" href=\"https:\/\/www.huffingtonpost.es\/economia\/chollos-imserso-temporada-20232024-puedes-dejar-escapar.html\"> Imserso comunic\u00f3 que para la pr\u00f3xima temporada 2023\/2024 se ampl\u00edan las plazas en 70.000<\/a> con respecto a esta edici\u00f3n, lo que supone alcanzar las 90.000. Sumado a ello, las novedades tambi\u00e9n incluyen destinos en las 52 provincias espa\u00f1olas.\u00a0<\/p>\n<\/div>\n\n<p><em> &#8221; Fuentes www.huffingtonpost.es &#8221; <\/em><\/p>\n","protected":false},"excerpt":{"rendered":"<p>El plazo para solicitar una plaza para los viajes de Imserso en el segundo turno de septiembre a diciembre del 2023 finaliz\u00f3 el pasado 15 de mayo. No obstante, los que se hayan quedado sin plaza todav\u00eda tienen una oportunidad para disfrutar de los mismos. Los destinos m\u00e1s demandados por el Imserso suelen ser los [&hellip;]<\/p>\n","protected":false},"author":4,"featured_media":553313,"comment_status":"open","ping_status":"closed","sticky":false,"template":"","format":"standard","meta":{"om_disable_all_campaigns":false,"jnews-multi-image_gallery":[],"jnews_single_post":[],"jnews_primary_category":[],"jnews_social_meta":[],"footnotes":""},"categories":[39],"tags":[813],"class_list":["post-553312","post","type-post","status-publish","format-standard","has-post-thumbnail","hentry","category-viajes","tag-imserso"],"_links":{"self":[{"href":"https:\/\/dimensionturistica.com\/es\/wp-json\/wp\/v2\/posts\/553312","targetHints":{"allow":["GET"]}}],"collection":[{"href":"https:\/\/dimensionturistica.com\/es\/wp-json\/wp\/v2\/posts"}],"about":[{"href":"https:\/\/dimensionturistica.com\/es\/wp-json\/wp\/v2\/types\/post"}],"author":[{"embeddable":true,"href":"https:\/\/dimensionturistica.com\/es\/wp-json\/wp\/v2\/users\/4"}],"replies":[{"embeddable":true,"href":"https:\/\/dimensionturistica.com\/es\/wp-json\/wp\/v2\/comments?post=553312"}],"version-history":[{"count":0,"href":"https:\/\/dimensionturistica.com\/es\/wp-json\/wp\/v2\/posts\/553312\/revisions"}],"wp:featuredmedia":[{"embeddable":true,"href":"https:\/\/dimensionturistica.com\/es\/wp-json\/wp\/v2\/media\/553313"}],"wp:attachment":[{"href":"https:\/\/dimensionturistica.com\/es\/wp-json\/wp\/v2\/media?parent=553312"}],"wp:term":[{"taxonomy":"category","embeddable":true,"href":"https:\/\/dimensionturistica.com\/es\/wp-json\/wp\/v2\/categories?post=553312"},{"taxonomy":"post_tag","embeddable":true,"href":"https:\/\/dimensionturistica.com\/es\/wp-json\/wp\/v2\/tags?post=553312"}],"curies":[{"name":"wp","href":"https:\/\/api.w.org\/{rel}","templated":true}]}}