{"id":552524,"date":"2023-06-02T14:45:12","date_gmt":"2023-06-02T14:45:12","guid":{"rendered":"https:\/\/dimensionturistica.com\/es\/?p=552524"},"modified":"2023-06-02T14:45:12","modified_gmt":"2023-06-02T14:45:12","slug":"viajes-del-imserso-que-hacer-si-no-he-sido-aceptado","status":"publish","type":"post","link":"https:\/\/dimensionturistica.com\/es\/viajes-del-imserso-que-hacer-si-no-he-sido-aceptado\/","title":{"rendered":"Viajes del Imserso: Qu\u00e9 hacer si no he sido aceptado"},"content":{"rendered":"<p> <br \/>\n<\/p>\n<div>\n<!-- amp-ad GAM: megabanner_dos--><\/p>\n<div class=\"v-mdl-ath\">\n<div class=\"v-mdl-ath__c v-mdl-ath__c--1\">\n<figure class=\"v-mdl-ath__fig\">\n<a rel=\"nofollow noopener\" target=\"_blank\" class=\"v-mdl-ath__fig-link\" href=\"https:\/\/www.lasprovincias.es\/autor\/sara-bonillo-5829.html\" title=\"Sara Bonillo\"><br \/>\n<amp-img class=\"v-mdl-ath__fig-img\" src=\"https:\/\/www.lasprovincias.es\/comun\/img\/2014\/autor\/autor-5829-foto-1.jpeg\" width=\"100\" height=\"100\" layout=\"responsive\" alt=\"Sara Bonillo\"\/><br \/>\n<\/a><br \/>\n<\/figure>\n<p class=\"v-mdl-ath__p v-mdl-ath__p--date\">\nViernes, 2 de junio 2023, 16:35<br \/>\n<time datetime=\"2023-06-02T14:35:14Z\" class=\"v-mdl-ath__time\"><br \/>\n<\/time>\n<\/p>\n<\/div>\n<\/div>\n<p class=\"v-p\">Los viajes del Instituto de Mayores y Servicios Sociales<a rel=\"nofollow noopener\" target=\"_blank\" href=\"https:\/\/www.lasprovincias.es\/alicante\/activan-ayudas-hoteles-imserso-alicante-20230517230854-nt.html\" title=\"www.lasprovincias.es\" data-voc-vtm-id=\"in-text-traffic\"> (IMSERSO)<\/a> son una de las grandes motivaciones de los pensionistas, que esperan &#8216;como agua de mayo&#8217; las fechas estivales para poder disfrutar de unos d\u00edas de descanso y desconexi\u00f3n fuera de la ciudad. <\/p>\n<p class=\"v-p\">\u00c9ste se trata de un programa de turismo que proporciona la Seguridad Social a aquellas personas mayores de 65 a\u00f1os que est\u00e9n jubiladas, por lo que es una buena oportunidad para hacer viajes a un buen precio y conocer diferentes rincones de Espa\u00f1a. Sin embargo, no todas las personas que realizaron la solicitud han sido aceptadas.<\/p>\n<p><!-- amp-ad SMART: layer_inpage--><\/p>\n<p class=\"v-p\">Los motivos por los cu\u00e1les se haya denegado la solicitud pueden ser varios: La primera raz\u00f3n es no haber reunido los requisitos necesarios para optar a ella, como ser pensionista de jubilaci\u00f3n, tener m\u00e1s de 60 a\u00f1os o ser considerado pensionista con 58 a\u00f1os. O bien no haber conseguido el m\u00ednimo de puntos para el destino deseado o no haber presentado la solicitud dentro del l\u00edmite establecido.<\/p>\n<p class=\"v-p\"><a rel=\"nofollow noopener\" target=\"_blank\" href=\"https:\/\/www.lasprovincias.es\/economia\/viajes-imserso-20230517175519-nt.html\" title=\"www.lasprovincias.es\" data-voc-vtm-id=\"in-text-traffic\">Aunque el plazo para presentar esta prestaci\u00f3n termin\u00f3 el pasado 18 de mayo<\/a>, todav\u00eda existe la posibilidad de disfrutar de este programa de turismo vacacional de septiembre a diciembre. El organismo p\u00fablico permitir\u00e1 a la poblaci\u00f3n inscribirse en una lista de espera para poder ser seleccionado.<\/p>\n<p class=\"v-p\">En el supuesto caso de que el total de las plazas no se cubran este a\u00f1o o haya personas que renuncien a este tipo de prestaci\u00f3n, pasar\u00edan a tener prioridad aquellas personas que se encuenten en la lista de espera y no haya conseguir plaza en las convocatorias anteriores siempre y cuando cumpla todos los requisitos. Hay que recalcar que esto no garantiza que esa persona vaya a ser aceptada.<\/p>\n<div class=\"container-wall-exclusive\" amp-access=\"result!='ALLOW_ACCESS'\" amp-access-hide=\"\">\n<div class=\"center-content-exclusive\">\n<div class=\"paragraph-titles-exclus\">\n<span>Este contenido es exclusivo para suscriptores<\/span><\/p>\n<p>Disfruta de acceso ilimitado y ventajas exclusivas<\/p>\n<\/p><\/div>\n<div class=\"content-login\">\n<p>\u00bfYa eres suscriptor? <a rel=\"nofollow noopener\" target=\"_blank\" on=\"tap:amp-access.login-sign-in\">Inicia sesi\u00f3n<\/a><\/p>\n<\/div>\n<\/div>\n<\/div>\n<section class=\"v-mdl-tpc\">\n<\/section>\n<nav class=\"v-d__btn-c\">\n<button on=\"tap:AMP.navigateTo(url=\" https:=\"\" class=\"v-btn v-btn-i v-btn-i--l v-btn--l v-btn--xl-xs v-mdl-b v-btn--cb7\" data-target=\"modal-comments\" data-voc-modal-comments=\"\" data-voc-vtm-id=\"btncomentar\" data-voc-vtm-info=\"abrir-comentarios\"><br \/>\n<span class=\"v-icon\"><br \/>\n<svg xmlns=\"http:\/\/www.w3.org\/2000\/svg\" width=\"24\" height=\"24\" viewbox=\"0 0 24 24\">\n<path data-name=\"Trazado 1616\" d=\"M2519,857h24v17.531h-4.5V881l-7.5-6.469h-12Z\" transform=\"translate(-2519 -857)\"\/>\n<\/svg><br \/>\n<\/span><br \/>\n<span data-voc-comments-count-text=\"\" data-voc-comments-count=\"572142cc-ffb1-11ed-bdc5-0988bd86e373\" data-voc-comments-count-zero-text=\"Comenta\" class=\"voc-number\">Comenta<\/span><br \/>\n<\/button><br \/>\n<button on=\"tap:AMP.navigateTo(url=\" https:=\"\" class=\"v-btn v-btn-i v-btn-i--l v-btn-bs v-btn-bs--cb7 v-mdl-b\" data-target=\"report-error\" data-voc-component=\"modal-b-open\" data-voc-report-error=\"\" data-voc-vtm-id=\"btnreporterror\" data-voc-vtm-info=\"reporte-error\"><br \/>\n<span class=\"v-icon\"><br \/>\n<svg xmlns=\"http:\/\/www.w3.org\/2000\/svg\" width=\"24\" height=\"23.999\" viewbox=\"0 0 24 23.999\">\n<path data-name=\"icon-report-error\" d=\"M-11661,910v-9h1.5v9Zm0-9V886h24l-6,7.5,6,7.5Z\" transform=\"translate(11661.002 -886)\"\/>\n<\/svg><br \/>\n<\/span><br \/>\nReporta un error<br \/>\n<\/button><br \/>\n<\/nav>\n<\/div>\n\n<p><em> &#8221; Fuentes www.lasprovincias.es &#8221; <\/em><\/p>\n","protected":false},"excerpt":{"rendered":"<p>Viernes, 2 de junio 2023, 16:35 Los viajes del Instituto de Mayores y Servicios Sociales (IMSERSO) son una de las grandes motivaciones de los pensionistas, que esperan &#8216;como agua de mayo&#8217; las fechas estivales para poder disfrutar de unos d\u00edas de descanso y desconexi\u00f3n fuera de la ciudad. \u00c9ste se trata de un programa de [&hellip;]<\/p>\n","protected":false},"author":4,"featured_media":0,"comment_status":"open","ping_status":"closed","sticky":false,"template":"","format":"standard","meta":{"om_disable_all_campaigns":false,"jnews-multi-image_gallery":[],"jnews_single_post":[],"jnews_primary_category":[],"jnews_social_meta":[],"footnotes":""},"categories":[39],"tags":[68938,813,3347,545],"class_list":["post-552524","post","type-post","status-publish","format-standard","hentry","category-viajes","tag-conseguido","tag-imserso","tag-plaza","tag-viajes"],"_links":{"self":[{"href":"https:\/\/dimensionturistica.com\/es\/wp-json\/wp\/v2\/posts\/552524","targetHints":{"allow":["GET"]}}],"collection":[{"href":"https:\/\/dimensionturistica.com\/es\/wp-json\/wp\/v2\/posts"}],"about":[{"href":"https:\/\/dimensionturistica.com\/es\/wp-json\/wp\/v2\/types\/post"}],"author":[{"embeddable":true,"href":"https:\/\/dimensionturistica.com\/es\/wp-json\/wp\/v2\/users\/4"}],"replies":[{"embeddable":true,"href":"https:\/\/dimensionturistica.com\/es\/wp-json\/wp\/v2\/comments?post=552524"}],"version-history":[{"count":0,"href":"https:\/\/dimensionturistica.com\/es\/wp-json\/wp\/v2\/posts\/552524\/revisions"}],"wp:attachment":[{"href":"https:\/\/dimensionturistica.com\/es\/wp-json\/wp\/v2\/media?parent=552524"}],"wp:term":[{"taxonomy":"category","embeddable":true,"href":"https:\/\/dimensionturistica.com\/es\/wp-json\/wp\/v2\/categories?post=552524"},{"taxonomy":"post_tag","embeddable":true,"href":"https:\/\/dimensionturistica.com\/es\/wp-json\/wp\/v2\/tags?post=552524"}],"curies":[{"name":"wp","href":"https:\/\/api.w.org\/{rel}","templated":true}]}}