{"id":552311,"date":"2023-06-02T07:08:38","date_gmt":"2023-06-02T07:08:38","guid":{"rendered":"https:\/\/dimensionturistica.com\/es\/?p=552311"},"modified":"2023-06-02T07:08:38","modified_gmt":"2023-06-02T07:08:38","slug":"alava-en-4-dias-la-escapada-perfecta","status":"publish","type":"post","link":"https:\/\/dimensionturistica.com\/es\/alava-en-4-dias-la-escapada-perfecta\/","title":{"rendered":"\u00c1lava en 4 d\u00edas: la escapada perfecta"},"content":{"rendered":"<p> <br \/>\n<\/p>\n<div>\n<p>Nuestra propuesta para completar esta tercera jornada es continuar por carretera hasta el Parque Natural de Valderejo, no sin antes detenernos en la Torre de Los Varona, situada en la localidad de <strong>Villana\u00f1e,<\/strong> a menos de 10 kil\u00f3metros de distancia del Valle Salado. En esta parada descubrir\u00e1s la fortaleza mejor conservada de \u00c1lava. Esta majestuosa torre-palacio es un precioso ejemplo de arquitectura civil medieval cuyos or\u00edgenes se remontan al a\u00f1o 680, aunque no fue hasta el siglo XIV cuando se alz\u00f3 la nueva torre y, un siglo despu\u00e9s, su palacio. En el a\u00f1o 1949 fue catalogada como Monumento Nacional y, en 1982, como <strong>Conjunto Hist\u00f3rico Art\u00edstico Monumental.<\/strong> En su interior guarda detalles de gran inter\u00e9s y valor hist\u00f3rico de los siglos XV al XX, protegidos por la familia Varona, que sigue siendo sigue siendo propietaria de la torre.<\/p>\n<\/div>\n\n<p><em> &#8221; Fuentes viajar.elperiodico.com &#8221; <\/em><\/p>\n","protected":false},"excerpt":{"rendered":"<p>Nuestra propuesta para completar esta tercera jornada es continuar por carretera hasta el Parque Natural de Valderejo, no sin antes detenernos en la Torre de Los Varona, situada en la localidad de Villana\u00f1e, a menos de 10 kil\u00f3metros de distancia del Valle Salado. En esta parada descubrir\u00e1s la fortaleza mejor conservada de \u00c1lava. Esta majestuosa [&hellip;]<\/p>\n","protected":false},"author":4,"featured_media":552313,"comment_status":"open","ping_status":"closed","sticky":false,"template":"","format":"standard","meta":{"om_disable_all_campaigns":false,"jnews-multi-image_gallery":[],"jnews_single_post":[],"jnews_primary_category":[],"jnews_social_meta":[],"footnotes":""},"categories":[39],"tags":[5889,68933],"class_list":["post-552311","post","type-post","status-publish","format-standard","has-post-thumbnail","hentry","category-viajes","tag-alava","tag-alava-en-4-dias-la-escapada-perfecta"],"_links":{"self":[{"href":"https:\/\/dimensionturistica.com\/es\/wp-json\/wp\/v2\/posts\/552311","targetHints":{"allow":["GET"]}}],"collection":[{"href":"https:\/\/dimensionturistica.com\/es\/wp-json\/wp\/v2\/posts"}],"about":[{"href":"https:\/\/dimensionturistica.com\/es\/wp-json\/wp\/v2\/types\/post"}],"author":[{"embeddable":true,"href":"https:\/\/dimensionturistica.com\/es\/wp-json\/wp\/v2\/users\/4"}],"replies":[{"embeddable":true,"href":"https:\/\/dimensionturistica.com\/es\/wp-json\/wp\/v2\/comments?post=552311"}],"version-history":[{"count":0,"href":"https:\/\/dimensionturistica.com\/es\/wp-json\/wp\/v2\/posts\/552311\/revisions"}],"wp:featuredmedia":[{"embeddable":true,"href":"https:\/\/dimensionturistica.com\/es\/wp-json\/wp\/v2\/media\/552313"}],"wp:attachment":[{"href":"https:\/\/dimensionturistica.com\/es\/wp-json\/wp\/v2\/media?parent=552311"}],"wp:term":[{"taxonomy":"category","embeddable":true,"href":"https:\/\/dimensionturistica.com\/es\/wp-json\/wp\/v2\/categories?post=552311"},{"taxonomy":"post_tag","embeddable":true,"href":"https:\/\/dimensionturistica.com\/es\/wp-json\/wp\/v2\/tags?post=552311"}],"curies":[{"name":"wp","href":"https:\/\/api.w.org\/{rel}","templated":true}]}}