{"id":552239,"date":"2023-06-02T02:32:46","date_gmt":"2023-06-02T02:32:46","guid":{"rendered":"https:\/\/dimensionturistica.com\/es\/?p=552239"},"modified":"2023-06-02T02:32:46","modified_gmt":"2023-06-02T02:32:46","slug":"larissa-disparo-contra-los-criticos-de-su-figura","status":"publish","type":"post","link":"https:\/\/dimensionturistica.com\/es\/larissa-disparo-contra-los-criticos-de-su-figura\/","title":{"rendered":"Larissa dispar\u00f3 contra los cr\u00edticos de su figura"},"content":{"rendered":"<p> <br \/>\n<\/p>\n<div>\n<div class=\"pa-c \">\n<p class=\"paragraph\"><b>La conductora de radio Larissa Riquelme respondi\u00f3 con un duro mensaje a aquellos internautas que critican su figura. \u201cDejen de ser tan mediocres\u201d, pidi\u00f3<\/b> la modelo a trav\u00e9s de Instagram y asegur\u00f3 que, sin prestar mucha atenci\u00f3n a los comentarios hirientes, se encuentra disfrutando de su \u201cmejor peso\u201d.<\/p>\n<p class=\"paragraph\">\u201cHe visto comentarios en redes sociales donde me dicen que he subido de peso y que me veo con panza<b>. Si me llaman gorda o flaca, de igual manera juzgan c\u00f3mo me veo.<\/b> Estoy en mi mejor peso, cambiando de medicaci\u00f3n a cada rato para controlar mi tiroides. Hoy podr\u00eda estar hinchada o flaca, pero no pasa por comer o estar gorda, sino por salud\u201d, escribi\u00f3 la recordada \u201cnovia del mundial\u201d en redes sociales.<\/p>\n<p class=\"paragraph\"><b>La locutora lament\u00f3 adem\u00e1s que internautas utilicen las redes sociales para criticar la forma f\u00edsica de los dem\u00e1s, tanto hombres como mujeres. <\/b>\u201c\u00bfC\u00f3mo llamar a esas personas que solo ven lo f\u00edsico? Esas solo suelen enfocarse en se\u00f1alar supuestos defectos o imperfecciones f\u00edsicas de otros, con la intenci\u00f3n de menospreciar o hacer sentir mal a la persona objeto de la cr\u00edtica\u201d, cuestion\u00f3.<\/p>\n<p class=\"paragraph\"><a rel=\"nofollow noopener\" target=\"_blank\" href=\"https:\/\/www.lanacion.com.py\/lnpop\/2023\/06\/01\/este-es-su-ano-missologo-espanol-tira-sus-fichas-para-elicena-andrada\/\"><b>Le\u00e9 tambi\u00e9n: \u201cEste es su a\u00f1o\u201d: miss\u00f3logo espa\u00f1ol tira sus fichas para Elicena Andrada<\/b><\/a><\/p>\n<p class=\"paragraph\"><b>Larissa Riquelme hizo hincapi\u00e9 en que la apariencia f\u00edsica de una persona no define su \u201cvalor\u201d<\/b> y que los comentarios de odio sobre la forma f\u00edsica pueden ser sumamente perjudiciales para la autoestima y el bienestar emocional de los afectados.<\/p>\n<p class=\"paragraph\">\u201cEn mi caso no me afecta, pero <b>qu\u00e9 pasa si dirigen estos comentarios a una persona que est\u00e1 pasando por alguna enfermedad o est\u00e1 en depresi\u00f3n\u201d, pregunt\u00f3<\/b> en redes. El posteo de la conductora de radio r\u00e1pidamente se viraliz\u00f3 en redes sociales y recibi\u00f3 el apoyo de decenas de internautas.<\/p>\n<p class=\"paragraph\"><a rel=\"nofollow noopener\" target=\"_blank\" href=\"https:\/\/www.lanacion.com.py\/espectaculo\/2023\/06\/01\/cuentos-de-terror-eder-acosta-lanza-lasanima\/\"><b>Te puede interesar: Cuentos de terror: Eder Acosta lanza \u201cLas\u00e1nima\u201d<\/b><\/a><\/p>\n<\/div>\n<\/div>\n<p><script>!function(f,b,e,v,n,t,s)\n          {if(f.fbq)return;n=f.fbq=function(){n.callMethod?\n          n.callMethod.apply(n,arguments):n.queue.push(arguments)};\n          if(!f._fbq)f._fbq=n;n.push=n;n.loaded=!0;n.version='2.0';\n          n.queue=[];t=b.createElement(e);t.async=!0;\n          t.src=v;s=b.getElementsByTagName(e)[0];\n          s.parentNode.insertBefore(t,s)}(window, document,'script',\n          'https:\/\/connect.facebook.net\/en_US\/fbevents.js');\n          fbq('init', '291189108605310');\n          fbq('track', 'PageView');<\/script><br \/>\n<br \/><\/p>\n<p><em> &#8221; Fuentes www.lanacion.com.py &#8221; <\/em><\/p>\n","protected":false},"excerpt":{"rendered":"<p>La conductora de radio Larissa Riquelme respondi\u00f3 con un duro mensaje a aquellos internautas que critican su figura. \u201cDejen de ser tan mediocres\u201d, pidi\u00f3 la modelo a trav\u00e9s de Instagram y asegur\u00f3 que, sin prestar mucha atenci\u00f3n a los comentarios hirientes, se encuentra disfrutando de su \u201cmejor peso\u201d. \u201cHe visto comentarios en redes sociales donde [&hellip;]<\/p>\n","protected":false},"author":4,"featured_media":552240,"comment_status":"open","ping_status":"closed","sticky":false,"template":"","format":"standard","meta":{"om_disable_all_campaigns":false,"jnews-multi-image_gallery":[],"jnews_single_post":[],"jnews_primary_category":[],"jnews_social_meta":[],"footnotes":""},"categories":[41],"tags":[68920,68918,68919,2462],"class_list":["post-552239","post","type-post","status-publish","format-standard","has-post-thumbnail","hentry","category-cruceros","tag-cuestiono-comentarios-sobre-su-figura","tag-larissa-riquelme","tag-respondio-a-criticas","tag-viral"],"_links":{"self":[{"href":"https:\/\/dimensionturistica.com\/es\/wp-json\/wp\/v2\/posts\/552239","targetHints":{"allow":["GET"]}}],"collection":[{"href":"https:\/\/dimensionturistica.com\/es\/wp-json\/wp\/v2\/posts"}],"about":[{"href":"https:\/\/dimensionturistica.com\/es\/wp-json\/wp\/v2\/types\/post"}],"author":[{"embeddable":true,"href":"https:\/\/dimensionturistica.com\/es\/wp-json\/wp\/v2\/users\/4"}],"replies":[{"embeddable":true,"href":"https:\/\/dimensionturistica.com\/es\/wp-json\/wp\/v2\/comments?post=552239"}],"version-history":[{"count":0,"href":"https:\/\/dimensionturistica.com\/es\/wp-json\/wp\/v2\/posts\/552239\/revisions"}],"wp:featuredmedia":[{"embeddable":true,"href":"https:\/\/dimensionturistica.com\/es\/wp-json\/wp\/v2\/media\/552240"}],"wp:attachment":[{"href":"https:\/\/dimensionturistica.com\/es\/wp-json\/wp\/v2\/media?parent=552239"}],"wp:term":[{"taxonomy":"category","embeddable":true,"href":"https:\/\/dimensionturistica.com\/es\/wp-json\/wp\/v2\/categories?post=552239"},{"taxonomy":"post_tag","embeddable":true,"href":"https:\/\/dimensionturistica.com\/es\/wp-json\/wp\/v2\/tags?post=552239"}],"curies":[{"name":"wp","href":"https:\/\/api.w.org\/{rel}","templated":true}]}}