{"id":552236,"date":"2023-06-02T02:22:41","date_gmt":"2023-06-02T02:22:41","guid":{"rendered":"https:\/\/dimensionturistica.com\/es\/?p=552236"},"modified":"2023-06-02T02:22:41","modified_gmt":"2023-06-02T02:22:41","slug":"la-nacion-miguel-almiron-disfruta-de-sus-exclusivas-vacaciones-en-grecia","status":"publish","type":"post","link":"https:\/\/dimensionturistica.com\/es\/la-nacion-miguel-almiron-disfruta-de-sus-exclusivas-vacaciones-en-grecia\/","title":{"rendered":"La Naci\u00f3n \/ \u00a1Miguel Almir\u00f3n disfruta de sus exclusivas vacaciones en Grecia!"},"content":{"rendered":"<p> <br \/>\n<\/p>\n<div>\n<div class=\"pa-c \">\n<p class=\"paragraph\">Tras finalizar una temporada m\u00e1s junto al Newcastle de Inglaterra, el futbolista paraguayo <b>Miguel Almir\u00f3n decidi\u00f3 tomarse unas merecidas vacaciones familiares junto a su esposa Alexia Notto, su peque\u00f1o Francesco y su mam\u00e1 Sonia Rejala en las paradis\u00edacas islas de Grecia.<\/b> En redes sociales, el jugador comparti\u00f3 parte de su bella traves\u00eda en Santorini, uno de los atractivos del mar Egeo.<\/p>\n<p class=\"paragraph\">El futbolista compatriota Miguel Almir\u00f3n recientemente celebr\u00f3 su clasificaci\u00f3n con el Newcastle a la UEFA Champions League y, tras este gran logro, opt\u00f3 por relajarse junto a su familia en Grecia, uno de los destinos tur\u00edsticos m\u00e1s exclusivos de Europa. <b>En un avi\u00f3n privado parti\u00f3 desde Inglaterra hasta Santorini (Grecia), donde se encuentra disfrutando de las bellezas que ofrece el mar Egeo.<\/b><\/p>\n<p class=\"paragraph\">Seg\u00fan comparti\u00f3 en redes sociales, \u201cMiggy\u201d no solo logr\u00f3 degustar la gastronom\u00eda griega y los sitios m\u00e1s ic\u00f3nicos del paradis\u00edaco territorio, sino tambi\u00e9n vivi\u00f3 de cerca una puesta del sol del bello Santorini, recorriendo en yate el mar Egeo. <b>Las postales de las exclusivas vacaciones de Almir\u00f3n r\u00e1pidamente se viralizaron en redes sociales y ya acumulan m\u00e1s de 60 mil \u201cme gusta\u201d.<\/b><\/p>\n<p class=\"paragraph\"><a rel=\"nofollow noopener\" target=\"_blank\" href=\"https:\/\/www.lanacion.com.py\/lnpop\/2023\/06\/01\/na-rufina-compartio-sus-secretos-sobre-como-conquistar\/\"><b>Lea tambi\u00e9n: \u00d1a Rufina comparti\u00f3 sus secretos sobre c\u00f3mo conquistar<\/b><\/a><\/p>\n<p class=\"paragraph\">No es la primera vez que Almir\u00f3n y su familia buscan sitios paradis\u00edacos para relajarse.<b> Durante el verano europeo pasado, el paraguayo opt\u00f3 por vacacionar en las Islas Maldivas<\/b>, en el oc\u00e9ano \u00cdndico. Esta vez, el compatriota prefiri\u00f3 a Grecia como destino tur\u00edstico.<\/p>\n<p class=\"paragraph\"><b>El futbolista se encuentra disfrutando de uno de los mejores momentos de su carrera. <\/b>Seg\u00fan se viraliz\u00f3 en redes sociales, el compatriota fue nominado a la categor\u00eda de \u201cmejor gol\u201d de la temporada en la Premier League 2022\/23.<\/p>\n<p class=\"paragraph\"><a rel=\"nofollow noopener\" target=\"_blank\" href=\"https:\/\/www.lanacion.com.py\/lnpop\/2023\/06\/01\/dejen-de-ser-mediocres-larissa-disparo-contra-los-criticos-de-su-figura\/\"><b>Te puede interesar: \u201cDejen de ser mediocres\u201d: Larissa dispar\u00f3 contra los cr\u00edticos de su figura<\/b><\/a><\/p>\n<\/div>\n<\/div>\n<p><script>!function(f,b,e,v,n,t,s)\n          {if(f.fbq)return;n=f.fbq=function(){n.callMethod?\n          n.callMethod.apply(n,arguments):n.queue.push(arguments)};\n          if(!f._fbq)f._fbq=n;n.push=n;n.loaded=!0;n.version='2.0';\n          n.queue=[];t=b.createElement(e);t.async=!0;\n          t.src=v;s=b.getElementsByTagName(e)[0];\n          s.parentNode.insertBefore(t,s)}(window, document,'script',\n          'https:\/\/connect.facebook.net\/en_US\/fbevents.js');\n          fbq('init', '291189108605310');\n          fbq('track', 'PageView');<\/script><br \/>\n<br \/><\/p>\n<p><em> &#8221; Fuentes www.lanacion.com.py &#8221; <\/em><\/p>\n","protected":false},"excerpt":{"rendered":"<p>Tras finalizar una temporada m\u00e1s junto al Newcastle de Inglaterra, el futbolista paraguayo Miguel Almir\u00f3n decidi\u00f3 tomarse unas merecidas vacaciones familiares junto a su esposa Alexia Notto, su peque\u00f1o Francesco y su mam\u00e1 Sonia Rejala en las paradis\u00edacas islas de Grecia. En redes sociales, el jugador comparti\u00f3 parte de su bella traves\u00eda en Santorini, uno [&hellip;]<\/p>\n","protected":false},"author":4,"featured_media":552237,"comment_status":"open","ping_status":"closed","sticky":false,"template":"","format":"standard","meta":{"om_disable_all_campaigns":false,"jnews-multi-image_gallery":[],"jnews_single_post":[],"jnews_primary_category":[],"jnews_social_meta":[],"footnotes":""},"categories":[41],"tags":[68915,68916,32792,68917,2462],"class_list":["post-552236","post","type-post","status-publish","format-standard","has-post-thumbnail","hentry","category-cruceros","tag-alexia-notto","tag-de-vacaciones-en-grecia","tag-miguel-almiron","tag-paradisiacas-islas","tag-viral"],"_links":{"self":[{"href":"https:\/\/dimensionturistica.com\/es\/wp-json\/wp\/v2\/posts\/552236","targetHints":{"allow":["GET"]}}],"collection":[{"href":"https:\/\/dimensionturistica.com\/es\/wp-json\/wp\/v2\/posts"}],"about":[{"href":"https:\/\/dimensionturistica.com\/es\/wp-json\/wp\/v2\/types\/post"}],"author":[{"embeddable":true,"href":"https:\/\/dimensionturistica.com\/es\/wp-json\/wp\/v2\/users\/4"}],"replies":[{"embeddable":true,"href":"https:\/\/dimensionturistica.com\/es\/wp-json\/wp\/v2\/comments?post=552236"}],"version-history":[{"count":0,"href":"https:\/\/dimensionturistica.com\/es\/wp-json\/wp\/v2\/posts\/552236\/revisions"}],"wp:featuredmedia":[{"embeddable":true,"href":"https:\/\/dimensionturistica.com\/es\/wp-json\/wp\/v2\/media\/552237"}],"wp:attachment":[{"href":"https:\/\/dimensionturistica.com\/es\/wp-json\/wp\/v2\/media?parent=552236"}],"wp:term":[{"taxonomy":"category","embeddable":true,"href":"https:\/\/dimensionturistica.com\/es\/wp-json\/wp\/v2\/categories?post=552236"},{"taxonomy":"post_tag","embeddable":true,"href":"https:\/\/dimensionturistica.com\/es\/wp-json\/wp\/v2\/tags?post=552236"}],"curies":[{"name":"wp","href":"https:\/\/api.w.org\/{rel}","templated":true}]}}