{"id":552224,"date":"2023-06-02T02:01:35","date_gmt":"2023-06-02T02:01:35","guid":{"rendered":"https:\/\/dimensionturistica.com\/es\/?p=552224"},"modified":"2023-06-02T02:01:35","modified_gmt":"2023-06-02T02:01:35","slug":"pasajera-se-atraso-un-dia-perdio-su-vuelo-y-su-reaccion-desato-risas-en-internet","status":"publish","type":"post","link":"https:\/\/dimensionturistica.com\/es\/pasajera-se-atraso-un-dia-perdio-su-vuelo-y-su-reaccion-desato-risas-en-internet\/","title":{"rendered":"pasajera se atras\u00f3 un d\u00eda, perdi\u00f3 su vuelo y su reacci\u00f3n desat\u00f3 risas en internet"},"content":{"rendered":"<p> <br \/>\n<\/p>\n<div>\n<div class=\"pa-c \">\n<p class=\"paragraph\"><b>En redes sociales se viraliz\u00f3 la ins\u00f3lita reacci\u00f3n de una pasajera que, por confundir las fechas, lleg\u00f3 retrasada por 24 horas al aeropuerto<\/b> y perdi\u00f3 su avi\u00f3n. Al percatarse de su error, se mostr\u00f3 completamente asombrada y su reacci\u00f3n divirti\u00f3 a usuarios de redes sociales.<\/p>\n<p class=\"paragraph\"><b>La internauta Magdalena Pusso fue quien comparti\u00f3 en redes sociales la reacci\u00f3n de su amiga al llegar al aeropuerto<\/b> y darse cuenta de que hab\u00eda perdido su avi\u00f3n debido a que lleg\u00f3 24 horas tarde al aeropuerto. \u201cEra ayer\u201d, le se\u00f1al\u00f3 una de sus amigas.<\/p>\n<p class=\"paragraph\">Al darse cuenta del terrible error que hab\u00eda cometido, <b>la afectada se qued\u00f3 totalmente quieta, con la mano tap\u00e1ndose la boca en se\u00f1al de asombro y mirando hacia el estacionamiento,<\/b> mientras notaba que no hab\u00eda nadie: \u201cEst\u00e1 vac\u00edo\u201d, logr\u00f3 decir casi en un susurro.<\/p>\n<p class=\"paragraph\"><a rel=\"nofollow noopener\" target=\"_blank\" href=\"https:\/\/www.lanacion.com.py\/lnpop\/2023\/06\/01\/neymar-prepara-una-gran-fiesta-de-tres-dias-en-su-crucero\/\"><b>Lea tambi\u00e9n: Neymar prepara una gran fiesta de tres d\u00edas en su crucero<\/b><\/a><\/p>\n<p class=\"paragraph\"><b>Las amigas intentaron animarla<\/b>, convencerla de que \u201ctodo ten\u00eda soluci\u00f3n\u201d y que al d\u00eda siguiente pod\u00eda llamar a la aerol\u00ednea para explicarles la situaci\u00f3n y tratar que se lo cambien, para finalmente poder emprender viaje a su destino.<\/p>\n<p class=\"paragraph\">Aunque el video dura tan solo 36 segundos y se saben pocos detalles de la ins\u00f3lita situaci\u00f3n, <b>se volvi\u00f3 viral por la graciosa reacci\u00f3n de la joven que qued\u00f3 totalmente asombrada y en shock al notar su equivocaci\u00f3n. <\/b>M\u00e1s de medio mill\u00f3n de personas ya vieron el clip en menos de un d\u00eda y alrededor de 400 internautas comentaron el posteo.<\/p>\n<p class=\"paragraph\">\u201cSoy agente de viajes, estas situaciones pasan miles de veces\u201d, \u201cTen\u00e9s un viaje y \u00bfno est\u00e1s un mes mirando el calendario?\u201d y <b>\u201c\u00bfQui\u00e9n pudiera ser tan relajado?\u201d, fueron solo algunas de las reacciones al video,<\/b> que ya acumul\u00f3 m\u00e1s de 29 mil \u201cme gusta\u201d.<\/p>\n<p class=\"paragraph\"><a rel=\"nofollow noopener\" target=\"_blank\" href=\"https:\/\/www.lanacion.com.py\/lnpop\/2023\/06\/01\/viral-gladis-la-orca-pandillera-que-ataca-veleros-en-gibraltar\/\"><b>Te puede interesar: Viral: Gladis, la orca \u201cpandillera\u201d que ataca veleros en Gibraltar<\/b><\/a><\/p>\n<\/div>\n<\/div>\n<p><script>!function(f,b,e,v,n,t,s)\n          {if(f.fbq)return;n=f.fbq=function(){n.callMethod?\n          n.callMethod.apply(n,arguments):n.queue.push(arguments)};\n          if(!f._fbq)f._fbq=n;n.push=n;n.loaded=!0;n.version='2.0';\n          n.queue=[];t=b.createElement(e);t.async=!0;\n          t.src=v;s=b.getElementsByTagName(e)[0];\n          s.parentNode.insertBefore(t,s)}(window, document,'script',\n          'https:\/\/connect.facebook.net\/en_US\/fbevents.js');\n          fbq('init', '291189108605310');\n          fbq('track', 'PageView');<\/script><br \/>\n<br \/><\/p>\n<p><em> &#8221; Fuentes www.lanacion.com.py &#8221; <\/em><\/p>\n","protected":false},"excerpt":{"rendered":"<p>En redes sociales se viraliz\u00f3 la ins\u00f3lita reacci\u00f3n de una pasajera que, por confundir las fechas, lleg\u00f3 retrasada por 24 horas al aeropuerto y perdi\u00f3 su avi\u00f3n. Al percatarse de su error, se mostr\u00f3 completamente asombrada y su reacci\u00f3n divirti\u00f3 a usuarios de redes sociales. La internauta Magdalena Pusso fue quien comparti\u00f3 en redes sociales [&hellip;]<\/p>\n","protected":false},"author":4,"featured_media":552225,"comment_status":"open","ping_status":"closed","sticky":false,"template":"","format":"standard","meta":{"om_disable_all_campaigns":false,"jnews-multi-image_gallery":[],"jnews_single_post":[],"jnews_primary_category":[],"jnews_social_meta":[],"footnotes":""},"categories":[41],"tags":[68905,68904,68906,68907,2462],"class_list":["post-552224","post","type-post","status-publish","format-standard","has-post-thumbnail","hentry","category-cruceros","tag-24-horas-de-tardanza","tag-pasajera-se-retraso","tag-perdio-su-vuelo","tag-tuvo-insolita-reaccion","tag-viral"],"_links":{"self":[{"href":"https:\/\/dimensionturistica.com\/es\/wp-json\/wp\/v2\/posts\/552224","targetHints":{"allow":["GET"]}}],"collection":[{"href":"https:\/\/dimensionturistica.com\/es\/wp-json\/wp\/v2\/posts"}],"about":[{"href":"https:\/\/dimensionturistica.com\/es\/wp-json\/wp\/v2\/types\/post"}],"author":[{"embeddable":true,"href":"https:\/\/dimensionturistica.com\/es\/wp-json\/wp\/v2\/users\/4"}],"replies":[{"embeddable":true,"href":"https:\/\/dimensionturistica.com\/es\/wp-json\/wp\/v2\/comments?post=552224"}],"version-history":[{"count":0,"href":"https:\/\/dimensionturistica.com\/es\/wp-json\/wp\/v2\/posts\/552224\/revisions"}],"wp:featuredmedia":[{"embeddable":true,"href":"https:\/\/dimensionturistica.com\/es\/wp-json\/wp\/v2\/media\/552225"}],"wp:attachment":[{"href":"https:\/\/dimensionturistica.com\/es\/wp-json\/wp\/v2\/media?parent=552224"}],"wp:term":[{"taxonomy":"category","embeddable":true,"href":"https:\/\/dimensionturistica.com\/es\/wp-json\/wp\/v2\/categories?post=552224"},{"taxonomy":"post_tag","embeddable":true,"href":"https:\/\/dimensionturistica.com\/es\/wp-json\/wp\/v2\/tags?post=552224"}],"curies":[{"name":"wp","href":"https:\/\/api.w.org\/{rel}","templated":true}]}}