{"id":551852,"date":"2023-06-01T15:58:09","date_gmt":"2023-06-01T15:58:09","guid":{"rendered":"https:\/\/dimensionturistica.com\/es\/?p=551852"},"modified":"2023-06-01T15:58:09","modified_gmt":"2023-06-01T15:58:09","slug":"nuevos-horarios-en-la-linea-de-alta-velocidad-madrid-andalucia","status":"publish","type":"post","link":"https:\/\/dimensionturistica.com\/es\/nuevos-horarios-en-la-linea-de-alta-velocidad-madrid-andalucia\/","title":{"rendered":"Nuevos horarios en la l\u00ednea de alta velocidad Madrid\u2013Andaluc\u00eda"},"content":{"rendered":"<p> <br \/>\n<\/p>\n<div id=\"\">\n<p>Entre el 1 de junio y el 30 de septiembre, con motivo de las obras de mejora programadas por Adif en la l\u00ednea de alta velocidad en la provincia de C\u00f3rdoba, y la limitaci\u00f3n de la capacidad operativa que comportan, Renfe ha reprogramado su oferta con objeto de facilitar la movilidad de sus clientes, as\u00ed como garantizar la fiabilidad de los nuevos horarios establecidos.<\/p>\n<p>Como consecuencia de estas actuaciones, se han modificado los horarios habituales de los AVE, Alvia, Intercity que enlazan Sevilla, M\u00e1laga, Granada, C\u00f3rdoba, C\u00e1diz, Huelva y Algeciras con el resto de Espa\u00f1a, fundamentalmente con Madrid y Barcelona, y ya est\u00e1n aplicados en los nuevos horarios ligeros incrementos de los tiempos de viaje para ajustarlos a las marchas establecidas por Adif durante las obras programadas.<\/p>\n<p>Tambi\u00e9n se han producido algunas modificaciones en los servicios Avant que circulan la l\u00ednea de alta velocidad Madrid \u2013 Castilla La Mancha \u2013 Andaluc\u00eda.<\/p>\n<p><b>Compromiso Voluntario de Puntualidad<\/b><br \/>A pesar de las modificaciones derivadas por las obras de mejora de Adif, Renfe mantiene su Compromiso Voluntario de Puntualidad, el mejor del mundo en el sector ferroviario, por el que se devolver\u00e1 en el AVE y en Avant el 50% del billete para retrasos superiores a 15 minutos y el 100% para m\u00e1s de 30 minutos.<\/p>\n<p>Los billetes e informaci\u00f3n de horarios est\u00e1n ya disponibles en los canales habituales: App, www.renfe.com, 912 320 320, taquillas de estaciones y agencias de viajes. Renfe ha reforzado la comunicaci\u00f3n e informaci\u00f3n de los nuevos horarios con un incremento de los recursos de atenci\u00f3n al cliente en todos los puntos.<\/p>\n<p><b>Renovaci\u00f3n integral de la LAV Madrid-Sevilla<\/b><br \/>Adif est\u00e1 abordando la renovaci\u00f3n integral de la infraestructura de la l\u00ednea de Alta Velocidad Madrid-Andaluc\u00eda, con el objetivo de mantener los est\u00e1ndares de fiabilidad y seguridad de los \u00faltimos 30 a\u00f1os, con un conjunto de actuaciones que representan una inversi\u00f3n de 650 millones de euros.<\/p>\n<p>Los trabajos van dirigidos a la renovaci\u00f3n general de la infraestructura y sus diferentes elementos; la renovaci\u00f3n de desv\u00edos, traviesas y balasto; la se\u00f1alizaci\u00f3n de la l\u00ednea, incluyendo la instalaci\u00f3n del ERTMS, el sistema de mando y control de trenes m\u00e1s avanzado del mundo; la actualizaci\u00f3n de las instalaciones de telecomunicaciones y energ\u00eda de la l\u00ednea y la instalaci\u00f3n de iluminaci\u00f3n tipo LED en todos sus t\u00faneles.<\/p>\n<p>Las actuaciones se desarrollan manteniendo el servicio ferroviario, durante la banda de mantenimiento (las horas de la madrugada sin tr\u00e1fico ferroviario, que se aprovechan para labores de conservaci\u00f3n). La dimensi\u00f3n y el volumen de algunos de los trabajos requiere, en algunas ocasiones, ampliar las bandas de mantenimiento, suspender temporalmente el tr\u00e1fico en una de las v\u00edas, manteniendo la circulaci\u00f3n por la otra, o limitar de forma temporal la velocidad en tramos determinados.<br \/>\u00a0<\/p>\n<\/div>\n\n<p><em> &#8221; Fuentes www.renfe.com &#8221; <\/em><\/p>\n","protected":false},"excerpt":{"rendered":"<p>Entre el 1 de junio y el 30 de septiembre, con motivo de las obras de mejora programadas por Adif en la l\u00ednea de alta velocidad en la provincia de C\u00f3rdoba, y la limitaci\u00f3n de la capacidad operativa que comportan, Renfe ha reprogramado su oferta con objeto de facilitar la movilidad de sus clientes, as\u00ed [&hellip;]<\/p>\n","protected":false},"author":4,"featured_media":551853,"comment_status":"open","ping_status":"closed","sticky":false,"template":"","format":"standard","meta":{"om_disable_all_campaigns":false,"jnews-multi-image_gallery":[],"jnews_single_post":[],"jnews_primary_category":[],"jnews_social_meta":[],"footnotes":""},"categories":[40],"tags":[1182,68870,700],"class_list":["post-551852","post","type-post","status-publish","format-standard","has-post-thumbnail","hentry","category-industria","tag-andalucia","tag-castilla-lamancha","tag-madrid"],"_links":{"self":[{"href":"https:\/\/dimensionturistica.com\/es\/wp-json\/wp\/v2\/posts\/551852","targetHints":{"allow":["GET"]}}],"collection":[{"href":"https:\/\/dimensionturistica.com\/es\/wp-json\/wp\/v2\/posts"}],"about":[{"href":"https:\/\/dimensionturistica.com\/es\/wp-json\/wp\/v2\/types\/post"}],"author":[{"embeddable":true,"href":"https:\/\/dimensionturistica.com\/es\/wp-json\/wp\/v2\/users\/4"}],"replies":[{"embeddable":true,"href":"https:\/\/dimensionturistica.com\/es\/wp-json\/wp\/v2\/comments?post=551852"}],"version-history":[{"count":0,"href":"https:\/\/dimensionturistica.com\/es\/wp-json\/wp\/v2\/posts\/551852\/revisions"}],"wp:featuredmedia":[{"embeddable":true,"href":"https:\/\/dimensionturistica.com\/es\/wp-json\/wp\/v2\/media\/551853"}],"wp:attachment":[{"href":"https:\/\/dimensionturistica.com\/es\/wp-json\/wp\/v2\/media?parent=551852"}],"wp:term":[{"taxonomy":"category","embeddable":true,"href":"https:\/\/dimensionturistica.com\/es\/wp-json\/wp\/v2\/categories?post=551852"},{"taxonomy":"post_tag","embeddable":true,"href":"https:\/\/dimensionturistica.com\/es\/wp-json\/wp\/v2\/tags?post=551852"}],"curies":[{"name":"wp","href":"https:\/\/api.w.org\/{rel}","templated":true}]}}