{"id":551843,"date":"2023-06-01T15:52:10","date_gmt":"2023-06-01T15:52:10","guid":{"rendered":"https:\/\/dimensionturistica.com\/es\/?p=551843"},"modified":"2023-06-01T15:52:10","modified_gmt":"2023-06-01T15:52:10","slug":"los-seguros-de-cancelacion-de-viajes-aumentan-ante-el-23-j","status":"publish","type":"post","link":"https:\/\/dimensionturistica.com\/es\/los-seguros-de-cancelacion-de-viajes-aumentan-ante-el-23-j\/","title":{"rendered":"Los seguros de cancelaci\u00f3n de viajes aumentan ante el 23-J"},"content":{"rendered":"<p> <br \/>\n<\/p>\n<div>\n<p>\n    Las b\u00fasquedas de seguros de viaje con cancelaci\u00f3n ha aumentado ante el adelanto eletoral en pleno mes de julio. Un caso se da entre los usuarios de la plataforma <strong>Rastreator <\/strong>, que han aumentado un 47 % desde el anuncio del<strong> de elecciones generales al pr\u00f3ximo 23 de julio<\/strong>, dado el temor de los viajeros a que sean llamados a formar parte de alguna mesa electoral.\n<\/p>\n<p>\n    El comparador de seguros, uno de los m\u00e1s populares en Espa\u00f1a, ha detallado este jueves en un comunicado que ha notado un incremento del 47 % respecto a la semana anterior en este tipo de seguros y prev\u00e9 que en las pr\u00f3ximas semanas se incremente a\u00fan el n\u00famero de personas que &#8220;prefieren asegurar todos los gastos del viaje en el caso de que sus vacaciones coincidan con las elecciones&#8221;.\n<\/p>\n<p>\n    Este tipo de p\u00f3lizas est\u00e1n hechas para ver garantizado el <strong>reembolso parcial o total de un viaje <\/strong>en el caso de imprevistos como el requerimiento de organismos oficiales como las elecciones del<strong> 23J,<\/strong> motivos de salud o familiares, motivos laborales o causas extraordinarias.\n<\/p>\n<p>\n    En el caso de que en las pr\u00f3ximas elecciones un ciudadano fuese convocado a la mesa electoral y tuviese contratada esta cobertura, la<strong> mayor\u00eda de aseguradoras <\/strong>cubren la <strong>cancelaci\u00f3n del viaje<\/strong> al considerarse un asunto burocr\u00e1tico, siempre que haya sido contratado antes de la convocatoria a miembro de la mesa celebrada a finales de junio.\n<\/p>\n<p>\n    El <strong>precio medio <\/strong>de un seguro de estas caracter\u00edsticas para un viaje<strong> dentro de Espa\u00f1a es de 51 euros,<\/strong> incluyendo tambi\u00e9n una cobertura de asistencia m\u00e9dica; en un viaje por <strong>Europa el precio asciende a los 80 euros<\/strong> y destinos como <strong>Estados Unidos o Jap\u00f3n llegan a los 167 euros,<\/strong> seg\u00fan los datos de la compa\u00f1\u00eda.\n<\/p>\n<p>\n    Mientras, hay turoperadores, como <strong>Soltour<\/strong>, que se han adelantado cubriendo los gastos de cancelaci\u00f3n de viaje de sus clientes que sean convocados a la mesa electoral en las elecciones generales del pr\u00f3ximo 23 de julio.\n<\/p>\n<p>\n    La empresa reconoce  que la situaci\u00f3n es &#8220;complicada&#8221; pero &#8220;es una soluci\u00f3n necesaria para que los viajeros puedan ejercer su derecho sin tener que preocuparse por perder sus vacaciones&#8221;, se\u00f1ala en un comunicado.\n<\/p>\n<p>\n    Seg\u00fan la compa\u00f1\u00eda este tipo de acontecimientos como las elecciones del <strong>23J provocan ca\u00eddas en la demanda de viajes <\/strong>de hasta el 50 % y mantiene que los \u00faltimos 15 d\u00edas de campa\u00f1a son los que m\u00e1s afectan a la hora de contratar viajes por la incertidumbre ante la posibilidad de ser convocado a la mesa electoral.\n<\/p>\n<p>\n    El operador de viajes se une de esta manera a otras agencias de viajes como <strong>Mapa Group Travel, <\/strong>que ayer anunci\u00f3 medidas similares ante el adelanto de las elecciones generales, y que contemplaban incluir el seguro de forma gratuita para cubrir esta eventualidad.\n<\/p>\n<p>\n     El <strong>presidente de la Confederaci\u00f3n Espa\u00f1ola de Agencias de Viajes (CEAV), Carlos Garrido<\/strong>, ha expresado su temor a que las elecciones del 23-J afecten al buen ritmo de reservas y ha aconsejado contratar &#8220;unos seguros espec\u00edficos&#8221; que cubren el supuesto de ser convocado en mesa electoral &#8220;para que no se pierdan los importes y se pueda cambiar los viajes&#8221;.\n<\/p>\n<p>\n    Adem\u00e1s, el vicepresidente de la <strong>Mesa del Turismo y CEO de InterMundial Seguros, Manuel L\u00f3pez<\/strong>, ha afirmado que muchos seguros garantizan que se pueda ser miembro de una mesa electoral o suplente, y ha explicado que el sector tur\u00edstico ha reconfigurado los viajes porque &#8220;todo el mundo tiene derecho a viajar&#8221;.\n<\/p>\n<p>\n    &#8220;Si los consumidores no tienen seguro, buscaremos alguna f\u00f3rmula para darles esa oportunidad de que puedan disfrutar las vacaciones&#8221;, ha explicado, aunque L\u00f3pez no ha garantizado que todos puedan ausentarse de una mesa electoral.\n<\/p>\n<p>\n    Por su parte, el presidente de la <strong>Mesa de Turismo, Juan Molas,<\/strong> ha asegurado que les parece &#8220;incomprensible&#8221; que se hayan convocado elecciones generales un 23 de julio y &#8220;hay una gran preocupaci\u00f3n&#8221; en el sector: &#8220;Es absolutamente inoportuno porque puede afectar much\u00edsimo a muchos destinos&#8221;, ha criticado.\n<\/p>\n<\/div>\n\n<p><em> &#8221; Fuentes amp.expansion.com &#8221; <\/em><\/p>\n","protected":false},"excerpt":{"rendered":"<p>Las b\u00fasquedas de seguros de viaje con cancelaci\u00f3n ha aumentado ante el adelanto eletoral en pleno mes de julio. Un caso se da entre los usuarios de la plataforma Rastreator , que han aumentado un 47 % desde el anuncio del de elecciones generales al pr\u00f3ximo 23 de julio, dado el temor de los viajeros [&hellip;]<\/p>\n","protected":false},"author":4,"featured_media":551844,"comment_status":"open","ping_status":"closed","sticky":false,"template":"","format":"standard","meta":{"om_disable_all_campaigns":false,"jnews-multi-image_gallery":[],"jnews_single_post":[],"jnews_primary_category":[],"jnews_social_meta":[],"footnotes":""},"categories":[39],"tags":[715,658],"class_list":["post-551843","post","type-post","status-publish","format-standard","has-post-thumbnail","hentry","category-viajes","tag-economia","tag-seguros"],"_links":{"self":[{"href":"https:\/\/dimensionturistica.com\/es\/wp-json\/wp\/v2\/posts\/551843","targetHints":{"allow":["GET"]}}],"collection":[{"href":"https:\/\/dimensionturistica.com\/es\/wp-json\/wp\/v2\/posts"}],"about":[{"href":"https:\/\/dimensionturistica.com\/es\/wp-json\/wp\/v2\/types\/post"}],"author":[{"embeddable":true,"href":"https:\/\/dimensionturistica.com\/es\/wp-json\/wp\/v2\/users\/4"}],"replies":[{"embeddable":true,"href":"https:\/\/dimensionturistica.com\/es\/wp-json\/wp\/v2\/comments?post=551843"}],"version-history":[{"count":0,"href":"https:\/\/dimensionturistica.com\/es\/wp-json\/wp\/v2\/posts\/551843\/revisions"}],"wp:featuredmedia":[{"embeddable":true,"href":"https:\/\/dimensionturistica.com\/es\/wp-json\/wp\/v2\/media\/551844"}],"wp:attachment":[{"href":"https:\/\/dimensionturistica.com\/es\/wp-json\/wp\/v2\/media?parent=551843"}],"wp:term":[{"taxonomy":"category","embeddable":true,"href":"https:\/\/dimensionturistica.com\/es\/wp-json\/wp\/v2\/categories?post=551843"},{"taxonomy":"post_tag","embeddable":true,"href":"https:\/\/dimensionturistica.com\/es\/wp-json\/wp\/v2\/tags?post=551843"}],"curies":[{"name":"wp","href":"https:\/\/api.w.org\/{rel}","templated":true}]}}