{"id":551289,"date":"2023-06-01T03:26:01","date_gmt":"2023-06-01T03:26:01","guid":{"rendered":"https:\/\/dimensionturistica.com\/es\/?p=551289"},"modified":"2023-06-01T03:26:01","modified_gmt":"2023-06-01T03:26:01","slug":"como-es-el-lujoso-crucero-que-promociona-un-viaje-con-el-crack-brasileno-a-bordo","status":"publish","type":"post","link":"https:\/\/dimensionturistica.com\/es\/como-es-el-lujoso-crucero-que-promociona-un-viaje-con-el-crack-brasileno-a-bordo\/","title":{"rendered":"c\u00f3mo es el lujoso crucero que promociona un viaje con el crack brasile\u00f1o a bordo"},"content":{"rendered":"<p> <br \/>\n<\/p>\n<div id=\"\">\n<p itemprop=\"description\" class=\"amp-sc__font-paragraph\"><b>\u201cNeymar en alta mar.<\/b> Tres d\u00edas de osad\u00eda y alegr\u00eda con uno de los mayores \u00eddolos del f\u00fatbol\u201d. Con esa frase se promociona una propuesta que suena tentadora: compartir con el crack brasile\u00f1o tres jornadas a bordo de un <b>crucero<\/b>.\u00a0\u00bfC\u00f3mo naci\u00f3 esta aventura?\u00a0Debido a que el delantero de PSG no puede jugar de manera profesional desde el 20 de febrero, cuando tuvo que someterse a una cirug\u00eda en los ligamentos de su tobillo derecho, evit\u00f3 enfocarse en su futuro inmediato y opt\u00f3 por iniciar proyectos m\u00e1s all\u00e1 de las canchas.<\/p>\n<p itemprop=\"description\" class=\"amp-sc__font-paragraph\">Con la aprobaci\u00f3n de los dirigentes del club que es due\u00f1o de su ficha,\u00a0Ney hizo oficial el desarrollo de una experiencia \u00fanica: tres d\u00edas junto a \u00e9l a bordo del crucero Preziosa, parte de la flota comercializada por la empresa MSC.<\/p>\n<p><amp-embed width=\"100\" height=\"100\" type=\"taboola\" layout=\"responsive\" data-publisher=\"eluniversal-eluniversal\" data-mode=\"thumbnails-md1\" data-placement=\"Mid Article Thumbnails AMP\" data-target_type=\"mix\" data-article=\"auto\" data-url=\"\"\/><\/p>\n<div class=\"amp-si  lg:ml-2\"><amp-img src=\"https:\/\/www.eluniversal.com.mx\/resizer\/DO1QvvH7fllhfWQbqmOkinWE2c4=\/400x0\/cloudfront-us-east-1.images.arcpublishing.com\/eluniversal\/EA6GRVMUQ5BGHFTDIHIGSVYKTE.jpg\" width=\"728\" height=\"492\" alt=\"Las lujosas instalaciones del crucero que promociona un viaje de tres d\u00edas con Neymar a bordo&#10;\" class=\"amp-si__img block w-full h-auto md:h-full \" layout=\"responsive\"\/><\/p>\n<p>Las lujosas instalaciones del crucero que promociona un viaje de tres d\u00edas con Neymar a bordo\n<\/p>\n<\/div>\n<p itemprop=\"description\" class=\"amp-sc__font-paragraph\">La embarcaci\u00f3n en s\u00ed es a todo lujo: en su interior tiene una escalera de cristal, un parque acu\u00e1tico infantil y\u00a0el tobog\u00e1n acu\u00e1tico m\u00e1s largo de los que ofrecen en altamar: 120 metros de extensi\u00f3n.\u00a0\u201c\u00a1Ser\u00e1n 3 d\u00edas y 3 noches de mucho atrevimiento y alegr\u00eda, celebrando todo lo que m\u00e1s le gusta a nuestro Ney fuera de las canchas!\u201d, anunci\u00f3 la p\u00e1gina oficial del evento, que tambi\u00e9n destaca que el barco es ecol\u00f3gico.<\/p>\n<p itemprop=\"description\" class=\"amp-sc__font-paragraph\">De acuerdo con lo que consigna el diario deportivo franc\u00e9s <b>L\u2019Equipe,<\/b> \u201calgunos califican este viaje como una nueva provocaci\u00f3n por parte de un jugador que ha mostrado en las \u00faltimas semanas un relativo apego a su club\u201d. Y agreg\u00f3: \u201c\u00bfQu\u00e9 poco m\u00e1s para romper el ya distendido v\u00ednculo entre las dos partes? Eso no va a ayudar a traerlo de vuelta\u201d.<\/p>\n<p itemprop=\"description\" class=\"amp-sc__font-paragraph\">Lejos de esa pol\u00e9mica, el propio <b>Neymar <\/b>se mostr\u00f3 muy entusiasmado al compartir las novedades de su nuevo proyecto mediante las redes sociales. \u201cChicos, este diciembre va a ocurrir la primera edici\u00f3n de mi crucero \u2018Ney en Alta Mar\u2019. Habr\u00e1 muchas atracciones, no te atrevas a perd\u00e9rtelo.\u00a0\u00bfEst\u00e1s listo para los tres d\u00edas m\u00e1s emocionantes de tu vida?\u00a0As\u00ed que no te lo pierdas y consigue r\u00e1pido tu camarote. Nos vemos a bordo\u201d.<\/p>\n<p itemprop=\"description\" class=\"amp-sc__font-paragraph\">Como era de imaginarse,\u00a0en pocas horas se agotaron todos los boletos disponibles para esta primera experiencia. Los precios oscilaban entre los US$ 700 y los US$ 1.300, y\u00a0seguramente se anunciar\u00e1n nuevas fechas.<\/p>\n<p itemprop=\"description\" class=\"amp-sc__font-paragraph\">La diferencia con cualquier otro crucero pasa por la posibilidad de compartir la experiencia con <b>Neymar,<\/b> quien confirm\u00f3 que durante la traves\u00eda\u00a0habr\u00e1 fiestas, shows y DJs.\u00a0En el video promocional se evidencia el nivel de la propuesta: 1700 camarotes de diverso costo y comodidades, aunque se asegura que la mayor\u00eda de ellos tienen vista al mar.<\/p>\n<p itemprop=\"description\" class=\"amp-sc__font-paragraph\">Adem\u00e1s, habr\u00e1 tres piscinas al aire libre, otra con techo rebatible, una sala de juegos, un playroom para los m\u00e1s peque\u00f1os y un sal\u00f3n de belleza de casi 1700 metros cuadrados. Tambi\u00e9n promocionan un gimnasio con la m\u00e1s alta tecnolog\u00eda, un teatro con capacidad para m\u00e1s de 1600 personas y ocho restaurantes, con diferentes propuestas gastron\u00f3micas.<\/p>\n<div class=\"amp-si  lg:ml-2\"><amp-img src=\"https:\/\/www.eluniversal.com.mx\/resizer\/F9HPusXoDMvUctgusrTAnfQVZJc=\/400x0\/cloudfront-us-east-1.images.arcpublishing.com\/eluniversal\/ONTFJG7P4VBHLLPFFA5ZW7DTWM.jpg\" width=\"730\" height=\"463\" alt=\"Las lujosas instalaciones del crucero que promociona un viaje de tres d\u00edas con Neymar a bordo\" class=\"amp-si__img block w-full h-auto md:h-full \" layout=\"responsive\"\/><\/p>\n<p>Las lujosas instalaciones del crucero que promociona un viaje de tres d\u00edas con Neymar a bordo<\/p>\n<\/div>\n<p itemprop=\"description\" class=\"amp-sc__font-paragraph\">Lo que est\u00e1 por fuera del valor del ticket y los viajantes deben pagar un plus es el uso del sauna, el bowling, el cine 4D,\u00a0un simulador de F\u00f3rmula 1 de \u00faltima generaci\u00f3n, y la compra de gaseosas y bebidas alcoh\u00f3licas.<\/p>\n<p itemprop=\"description\" class=\"amp-sc__font-paragraph\">El primer viaje saldr\u00e1 de la ciudad brasile\u00f1a de Santos, ciudad de origen del futbolista de 31 a\u00f1os,\u00a0el 26 de diciembre pr\u00f3ximo y regresar\u00e1 all\u00ed el 29. La \u00fanica parada ser\u00e1 en Buzios. Aunque se descuenta que en los pr\u00f3ximos d\u00edas confirmar\u00e1n el recorrido completo, con todas sus escalas.<\/p>\n<p itemprop=\"description\" class=\"amp-sc__font-paragraph\">Si bien da por sentada su participaci\u00f3n a bordo del crucero, lo cierto es que<b>\u00a0Neyma<\/b>r deber\u00e1 aguardar lo que ocurra con su futuro profesional.\u00a0Ocurre que en las \u00faltimas horas\u00a0trascendi\u00f3 un inter\u00e9s de Pep Guardiola por sumarlo a Manchester City\u00a0en el pr\u00f3ximo mercado de pases, y, de concretarse, el permiso recibido por la dirigencia del club parisino ya quedar\u00e1 desactivado. Adem\u00e1s, tanto Mancheter United como Chelsea tambi\u00e9n hicieron consultas para evaluar su contrataci\u00f3n.<\/p>\n<p itemprop=\"description\" class=\"amp-sc__font-paragraph\">A eso se le suma un dato clave:\u00a0si Neymar se mudase a la Premier League, dif\u00edcilmente lo liberen para viajar en un crucero mientras sus compa\u00f1eros compiten en el tradicional Boxing Day\u00a0(la fecha que se disputa hist\u00f3ricamente en Navidad) y en A\u00f1o Nuevo. Por lo pronto, lo \u00fanico firme es que el brasile\u00f1o reci\u00e9n podr\u00e1 volver a las canchas en agosto o septiembre.<\/p>\n<p itemprop=\"description\" class=\"amp-sc__font-paragraph\"><a rel=\"nofollow noopener\" target=\"_blank\" itemprop=\"url\" href=\"https:\/\/www.eluniversal.com.mx\/newsletters\/\"><b>Suscr\u00edbete aqu\u00ed<\/b><\/a> para recibir directo en tu correo nuestras newsletters sobre noticias del d\u00eda, opini\u00f3n y muchas opciones m\u00e1s.<\/p>\n<p itemprop=\"description\" class=\"amp-sc__font-paragraph\"><i>*El Grupo de Diarios Am\u00e9rica (GDA), al cual pertenece EL UNIVERSAL, es una red de medios l\u00edderes fundada en 1991, que promueve los valores democr\u00e1ticos, la prensa independiente y la libertad de expresi\u00f3n en Am\u00e9rica Latina a trav\u00e9s del periodismo de calidad para nuestras audiencias.<\/i><\/p>\n<\/div>\n\n<p><em> &#8221; Fuentes www.eluniversal.com.mx &#8221; <\/em><\/p>\n","protected":false},"excerpt":{"rendered":"<p>\u201cNeymar en alta mar. Tres d\u00edas de osad\u00eda y alegr\u00eda con uno de los mayores \u00eddolos del f\u00fatbol\u201d. Con esa frase se promociona una propuesta que suena tentadora: compartir con el crack brasile\u00f1o tres jornadas a bordo de un crucero.\u00a0\u00bfC\u00f3mo naci\u00f3 esta aventura?\u00a0Debido a que el delantero de PSG no puede jugar de manera profesional [&hellip;]<\/p>\n","protected":false},"author":4,"featured_media":551290,"comment_status":"open","ping_status":"closed","sticky":false,"template":"","format":"standard","meta":{"om_disable_all_campaigns":false,"jnews-multi-image_gallery":[],"jnews_single_post":[],"jnews_primary_category":[],"jnews_social_meta":[],"footnotes":""},"categories":[41],"tags":[68839,68840,68838,22058],"class_list":["post-551289","post","type-post","status-publish","format-standard","has-post-thumbnail","hentry","category-cruceros","tag-crucero-con-neymar","tag-crucero-msr","tag-neymar-en-alta-mar","tag-neymar-jr"],"_links":{"self":[{"href":"https:\/\/dimensionturistica.com\/es\/wp-json\/wp\/v2\/posts\/551289","targetHints":{"allow":["GET"]}}],"collection":[{"href":"https:\/\/dimensionturistica.com\/es\/wp-json\/wp\/v2\/posts"}],"about":[{"href":"https:\/\/dimensionturistica.com\/es\/wp-json\/wp\/v2\/types\/post"}],"author":[{"embeddable":true,"href":"https:\/\/dimensionturistica.com\/es\/wp-json\/wp\/v2\/users\/4"}],"replies":[{"embeddable":true,"href":"https:\/\/dimensionturistica.com\/es\/wp-json\/wp\/v2\/comments?post=551289"}],"version-history":[{"count":0,"href":"https:\/\/dimensionturistica.com\/es\/wp-json\/wp\/v2\/posts\/551289\/revisions"}],"wp:featuredmedia":[{"embeddable":true,"href":"https:\/\/dimensionturistica.com\/es\/wp-json\/wp\/v2\/media\/551290"}],"wp:attachment":[{"href":"https:\/\/dimensionturistica.com\/es\/wp-json\/wp\/v2\/media?parent=551289"}],"wp:term":[{"taxonomy":"category","embeddable":true,"href":"https:\/\/dimensionturistica.com\/es\/wp-json\/wp\/v2\/categories?post=551289"},{"taxonomy":"post_tag","embeddable":true,"href":"https:\/\/dimensionturistica.com\/es\/wp-json\/wp\/v2\/tags?post=551289"}],"curies":[{"name":"wp","href":"https:\/\/api.w.org\/{rel}","templated":true}]}}