{"id":550813,"date":"2023-05-31T16:04:41","date_gmt":"2023-05-31T16:04:41","guid":{"rendered":"https:\/\/dimensionturistica.com\/es\/?p=550813"},"modified":"2023-05-31T16:04:41","modified_gmt":"2023-05-31T16:04:41","slug":"comenzara-a-reservar-viajes-en-aviones-electricos","status":"publish","type":"post","link":"https:\/\/dimensionturistica.com\/es\/comenzara-a-reservar-viajes-en-aviones-electricos\/","title":{"rendered":"comenzar\u00e1 a reservar viajes en aviones el\u00e9ctricos"},"content":{"rendered":"<p> <br \/>\n<\/p>\n<div>\n<section>\n<p><b>ESTOCOLMO<\/b>. La aerol\u00ednea Scandinavian Airlines anunci\u00f3 el mi\u00e9rcoles que los viajeros pronto podr\u00e1n empezar a reservar sus asientos en los primeros vuelos comerciales de la empresa a bordo de aviones el\u00e9ctricos, previstos para dentro de cinco a\u00f1os y con destino a Suecia, Noruega y Dinamarca.<\/p>\n<p>El grupo de aerol\u00edneas SAS, con sede en Estocolmo, se\u00f1al\u00f3 que habr\u00e1 30 asientos disponibles para cada uno de los tres vuelos y que el d\u00eda y lugar del despegue ser\u00e1 informado a los viajeros a trav\u00e9s de correo electr\u00f3nico una vez que se haya decidido. Las reservas en internet estar\u00e1n disponibles a partir del viernes.<\/p>\n<h2 class=\"\">\u201cAviaci\u00f3n m\u00e1s sostenible\u201d<\/h2>\n<p>La aerol\u00ednea a\u00f1adi\u00f3 que el precio ser\u00e1 el mismo en las tres monedas escandinavas, de 1.946, que representa el a\u00f1o en el que SAS comenz\u00f3 a volar.<\/p>\n<p>\u201cEl hecho de que podamos invitar a nuestros pasajeros al siguiente hito del futuro de la aviaci\u00f3n es una continuaci\u00f3n natural del esp\u00edritu pionero y un paso importante en nuestro viaje hacia una aviaci\u00f3n m\u00e1s sostenible\u201d, declar\u00f3 el director general de SAS, Anko van der Werff.<\/p>\n<p>Se refiri\u00f3 al hecho de que Scandinavian Airlines empez\u00f3 a volar sobre el Polo Norte en 1957 para acortar significativamente el tiempo de vuelo entre continentes cuando lanz\u00f3 su ruta comercial entre Copenhague y Tokio.<\/p>\n<p>En septiembre, SAS firm\u00f3 una \u201ccarta de apoyo\u201d con Heart Aerospace, con sede en Suecia, para fabricar aviones el\u00e9ctricos. La compa\u00f1\u00eda planea a\u00f1adir los aviones ES-30 de Aerospace a su flotilla regional.<\/p>\n<p>Varias aerol\u00edneas tienen planes de usar aviones el\u00e9ctricos en vuelos comerciales cortos.<\/p>\n<\/section>\n<\/div>\n\n<p><em> &#8221; Fuentes www.lavoz.com.ar &#8221; <\/em><\/p>\n","protected":false},"excerpt":{"rendered":"<p>ESTOCOLMO. La aerol\u00ednea Scandinavian Airlines anunci\u00f3 el mi\u00e9rcoles que los viajeros pronto podr\u00e1n empezar a reservar sus asientos en los primeros vuelos comerciales de la empresa a bordo de aviones el\u00e9ctricos, previstos para dentro de cinco a\u00f1os y con destino a Suecia, Noruega y Dinamarca. El grupo de aerol\u00edneas SAS, con sede en Estocolmo, se\u00f1al\u00f3 [&hellip;]<\/p>\n","protected":false},"author":4,"featured_media":550814,"comment_status":"open","ping_status":"closed","sticky":false,"template":"","format":"standard","meta":{"om_disable_all_campaigns":false,"jnews-multi-image_gallery":[],"jnews_single_post":[],"jnews_primary_category":[],"jnews_social_meta":[],"footnotes":""},"categories":[39],"tags":[740],"class_list":["post-550813","post","type-post","status-publish","format-standard","has-post-thumbnail","hentry","category-viajes","tag-vuelos"],"_links":{"self":[{"href":"https:\/\/dimensionturistica.com\/es\/wp-json\/wp\/v2\/posts\/550813","targetHints":{"allow":["GET"]}}],"collection":[{"href":"https:\/\/dimensionturistica.com\/es\/wp-json\/wp\/v2\/posts"}],"about":[{"href":"https:\/\/dimensionturistica.com\/es\/wp-json\/wp\/v2\/types\/post"}],"author":[{"embeddable":true,"href":"https:\/\/dimensionturistica.com\/es\/wp-json\/wp\/v2\/users\/4"}],"replies":[{"embeddable":true,"href":"https:\/\/dimensionturistica.com\/es\/wp-json\/wp\/v2\/comments?post=550813"}],"version-history":[{"count":0,"href":"https:\/\/dimensionturistica.com\/es\/wp-json\/wp\/v2\/posts\/550813\/revisions"}],"wp:featuredmedia":[{"embeddable":true,"href":"https:\/\/dimensionturistica.com\/es\/wp-json\/wp\/v2\/media\/550814"}],"wp:attachment":[{"href":"https:\/\/dimensionturistica.com\/es\/wp-json\/wp\/v2\/media?parent=550813"}],"wp:term":[{"taxonomy":"category","embeddable":true,"href":"https:\/\/dimensionturistica.com\/es\/wp-json\/wp\/v2\/categories?post=550813"},{"taxonomy":"post_tag","embeddable":true,"href":"https:\/\/dimensionturistica.com\/es\/wp-json\/wp\/v2\/tags?post=550813"}],"curies":[{"name":"wp","href":"https:\/\/api.w.org\/{rel}","templated":true}]}}