{"id":550356,"date":"2023-05-31T05:09:52","date_gmt":"2023-05-31T05:09:52","guid":{"rendered":"https:\/\/dimensionturistica.com\/es\/?p=550356"},"modified":"2024-02-20T22:41:43","modified_gmt":"2024-02-20T22:41:43","slug":"los-mejores-campings-en-pontevedra-para-autocaravanas","status":"publish","type":"post","link":"https:\/\/dimensionturistica.com\/es\/los-mejores-campings-en-pontevedra-para-autocaravanas\/","title":{"rendered":"Los mejores campings en Pontevedra para autocaravanas"},"content":{"rendered":"<p> <br \/>\n<\/p>\n<div>\n<h2><span style=\"font-weight: 400;\">Pontevedra, la capital de las <\/span><b>R\u00edas Baixas<\/b><span style=\"font-weight: 400;\">, guardiana de uno de los cascos hist\u00f3ricos m\u00e1s importantes de Galicia -despu\u00e9s del de Santiago- y lugar de paso para todos los peregrinos que hacen el Camino Portugu\u00e9s. Desde luego que la provincia de Pontevedra es un lugar ideal al que ir a disfrutar de unas buenas vacaciones. Por todo esto te traemos <\/span><b>los mejores campings en Pontevedra para autocaravanas<\/b><span style=\"font-weight: 400;\">.<\/span><\/h2>\n<h3>Baltar \u2013 Sanxenxo<\/h3>\n<p><img loading=\"lazy\" decoding=\"async\" class=\"size-full wp-image-500101 aligncenter lazyload ewww_webp_lazy_load\" alt=\"\" width=\"1300\" height=\"867\" src=\"https:\/\/www.autocaravanas.es\/wp-content\/uploads\/2019\/07\/Camping-baltar.jpg\" srcset=\"https:\/\/www.autocaravanas.es\/wp-content\/uploads\/2019\/07\/Camping-baltar.jpg 1300w, https:\/\/www.autocaravanas.es\/wp-content\/uploads\/2019\/07\/Camping-baltar-300x200.jpg 300w, https:\/\/www.autocaravanas.es\/wp-content\/uploads\/2019\/07\/Camping-baltar-768x512.jpg 768w, https:\/\/www.autocaravanas.es\/wp-content\/uploads\/2019\/07\/Camping-baltar-1024x683.jpg 1024w, https:\/\/www.autocaravanas.es\/wp-content\/uploads\/2019\/07\/Camping-baltar-696x464.jpg 696w, https:\/\/www.autocaravanas.es\/wp-content\/uploads\/2019\/07\/Camping-baltar-232x155.jpg 232w, https:\/\/www.autocaravanas.es\/wp-content\/uploads\/2019\/07\/Camping-baltar-1068x712.jpg 1068w, https:\/\/www.autocaravanas.es\/wp-content\/uploads\/2019\/07\/Camping-baltar-630x420.jpg 630w\" data-sizes=\"auto\" src-webp=\"\/wp-content\/uploads\/2019\/07\/Camping-baltar.jpg.webp\" srcset-webp=\"\/wp-content\/uploads\/2019\/07\/Camping-baltar.jpg.webp 1300w, \/wp-content\/uploads\/2019\/07\/Camping-baltar-300x200.jpg.webp 300w, \/wp-content\/uploads\/2019\/07\/Camping-baltar-768x512.jpg.webp 768w, \/wp-content\/uploads\/2019\/07\/Camping-baltar-1024x683.jpg.webp 1024w, \/wp-content\/uploads\/2019\/07\/Camping-baltar-696x464.jpg.webp 696w, \/wp-content\/uploads\/2019\/07\/Camping-baltar-232x155.jpg.webp 232w, \/wp-content\/uploads\/2019\/07\/Camping-baltar-1068x712.jpg.webp 1068w, \/wp-content\/uploads\/2019\/07\/Camping-baltar-630x420.jpg.webp 630w\"\/><noscript><img decoding=\"async\" class=\"size-full wp-image-500101 aligncenter\" src=\"https:\/\/www.autocaravanas.es\/wp-content\/uploads\/2019\/07\/Camping-baltar.jpg\" alt=\"\" width=\"1300\" height=\"867\" srcset=\"https:\/\/www.autocaravanas.es\/wp-content\/uploads\/2019\/07\/Camping-baltar.jpg 1300w, https:\/\/www.autocaravanas.es\/wp-content\/uploads\/2019\/07\/Camping-baltar-300x200.jpg 300w, https:\/\/www.autocaravanas.es\/wp-content\/uploads\/2019\/07\/Camping-baltar-768x512.jpg 768w, https:\/\/www.autocaravanas.es\/wp-content\/uploads\/2019\/07\/Camping-baltar-1024x683.jpg 1024w, https:\/\/www.autocaravanas.es\/wp-content\/uploads\/2019\/07\/Camping-baltar-696x464.jpg 696w, https:\/\/www.autocaravanas.es\/wp-content\/uploads\/2019\/07\/Camping-baltar-232x155.jpg 232w, https:\/\/www.autocaravanas.es\/wp-content\/uploads\/2019\/07\/Camping-baltar-1068x712.jpg 1068w, https:\/\/www.autocaravanas.es\/wp-content\/uploads\/2019\/07\/Camping-baltar-630x420.jpg 630w\" sizes=\"(max-width: 1300px) 100vw, 1300px\" data-eio=\"l\"\/><\/noscript><\/p>\n<p><span style=\"font-weight: 400;\">La costa gallega cuenta con aut\u00e9nticas maravillas para el turismo, y una de ellas es <\/span><b>Sanxenxo<\/b><span style=\"font-weight: 400;\">. Junto a la playa de Baltar, cerca del puerto, se encuentra uno de los mejores camping en la provincia de Pontevedra: el <\/span><b>Camping Baltar<\/b><span style=\"font-weight: 400;\">.<\/span><\/p>\n<p><span style=\"font-weight: 400;\">Este camping cuenta con todas las comodidades que podemos esperar: <\/span><b>amplias parcelas de c\u00e9sped<\/b><span style=\"font-weight: 400;\"> con <\/span><b>sombras<\/b><span style=\"font-weight: 400;\">, tomas de agua y electricidad, desag\u00fces de aguas negras y grises y piscinas -tanto infantil como para adultos. Otro de los grandes destacados del camping Baltar es que cuenta con<\/span><b> zonas de asador o barbacoa<\/b><span style=\"font-weight: 400;\"> repartidas por todo el recinto.<\/span><\/p>\n<h3>Moreiras<\/h3>\n<p><img loading=\"lazy\" decoding=\"async\" class=\"size-full wp-image-526413 aligncenter lazyload ewww_webp_lazy_load\" alt=\"\" width=\"1024\" height=\"683\" src=\"https:\/\/www.autocaravanas.es\/wp-content\/uploads\/2023\/05\/camping-moreiras.jpg\" srcset=\"https:\/\/www.autocaravanas.es\/wp-content\/uploads\/2023\/05\/camping-moreiras.jpg 1024w, https:\/\/www.autocaravanas.es\/wp-content\/uploads\/2023\/05\/camping-moreiras-300x200.jpg 300w, https:\/\/www.autocaravanas.es\/wp-content\/uploads\/2023\/05\/camping-moreiras-768x512.jpg 768w, https:\/\/www.autocaravanas.es\/wp-content\/uploads\/2023\/05\/camping-moreiras-696x464.jpg 696w, https:\/\/www.autocaravanas.es\/wp-content\/uploads\/2023\/05\/camping-moreiras-232x155.jpg 232w, https:\/\/www.autocaravanas.es\/wp-content\/uploads\/2023\/05\/camping-moreiras-630x420.jpg 630w, https:\/\/www.autocaravanas.es\/wp-content\/uploads\/2023\/05\/camping-moreiras-450x300.jpg 450w, https:\/\/www.autocaravanas.es\/wp-content\/uploads\/2023\/05\/camping-moreiras-310x207.jpg 310w, https:\/\/www.autocaravanas.es\/wp-content\/uploads\/2023\/05\/camping-moreiras-150x100.jpg 150w\" data-sizes=\"auto\" src-webp=\"\/wp-content\/uploads\/2023\/05\/camping-moreiras.jpg.webp\" srcset-webp=\"\/wp-content\/uploads\/2023\/05\/camping-moreiras.jpg.webp 1024w, \/wp-content\/uploads\/2023\/05\/camping-moreiras-300x200.jpg.webp 300w, \/wp-content\/uploads\/2023\/05\/camping-moreiras-768x512.jpg.webp 768w, \/wp-content\/uploads\/2023\/05\/camping-moreiras-696x464.jpg.webp 696w, \/wp-content\/uploads\/2023\/05\/camping-moreiras-232x155.jpg.webp 232w, \/wp-content\/uploads\/2023\/05\/camping-moreiras-630x420.jpg.webp 630w, \/wp-content\/uploads\/2023\/05\/camping-moreiras-450x300.jpg.webp 450w, \/wp-content\/uploads\/2023\/05\/camping-moreiras-310x207.jpg.webp 310w, \/wp-content\/uploads\/2023\/05\/camping-moreiras-150x100.jpg.webp 150w\"\/><noscript><img decoding=\"async\" class=\"size-full wp-image-526413 aligncenter\" src=\"https:\/\/www.autocaravanas.es\/wp-content\/uploads\/2023\/05\/camping-moreiras.jpg\" alt=\"\" width=\"1024\" height=\"683\" srcset=\"https:\/\/www.autocaravanas.es\/wp-content\/uploads\/2023\/05\/camping-moreiras.jpg 1024w, https:\/\/www.autocaravanas.es\/wp-content\/uploads\/2023\/05\/camping-moreiras-300x200.jpg 300w, https:\/\/www.autocaravanas.es\/wp-content\/uploads\/2023\/05\/camping-moreiras-768x512.jpg 768w, https:\/\/www.autocaravanas.es\/wp-content\/uploads\/2023\/05\/camping-moreiras-696x464.jpg 696w, https:\/\/www.autocaravanas.es\/wp-content\/uploads\/2023\/05\/camping-moreiras-232x155.jpg 232w, https:\/\/www.autocaravanas.es\/wp-content\/uploads\/2023\/05\/camping-moreiras-630x420.jpg 630w, https:\/\/www.autocaravanas.es\/wp-content\/uploads\/2023\/05\/camping-moreiras-450x300.jpg 450w, https:\/\/www.autocaravanas.es\/wp-content\/uploads\/2023\/05\/camping-moreiras-310x207.jpg 310w, https:\/\/www.autocaravanas.es\/wp-content\/uploads\/2023\/05\/camping-moreiras-150x100.jpg 150w\" sizes=\"(max-width: 1024px) 100vw, 1024px\" data-eio=\"l\"\/><\/noscript><\/p>\n<p><b>Camping Moreiras<\/b><span style=\"font-weight: 400;\"> est\u00e1 situado en uno de los mejores enclaves de Galicia, en <\/span><b>O Grove<\/b><span style=\"font-weight: 400;\">. Conocido como el Caribe Gallego. Y es que con sus <\/span><b>espectaculares playas<\/b><span style=\"font-weight: 400;\"> y con su especial <\/span><b>microclima<\/b><span style=\"font-weight: 400;\">, este lugar es uno de los puntos tur\u00edsticos m\u00e1s interesantes para los viajeros de costa.<\/span><\/p>\n<p><span style=\"font-weight: 400;\">Moreiras es uno de los camping de la provincia de Pontevedra mejor valorados para viajar en autocaravana, de hecho cuenta con <\/span><b>reconocimientos de la Federaci\u00f3n Espa\u00f1ola de Campings<\/b><span style=\"font-weight: 400;\">. Este alojamiento cuenta con todos los servicios para autocaravanas, y adem\u00e1s cuenta con restaurante, duchas, lavander\u00eda\u2026<\/span><\/p>\n<p><span style=\"font-weight: 400;\">Las 125 parcelas se encuentran cubiertas por sombras naturales y est\u00e1n tapizadas con c\u00f3modas mantas de c\u00e9sped que se mantienen durante todo el a\u00f1o.<\/span><\/p>\n<h3>Playa Paisaxe II<\/h3>\n<p><img loading=\"lazy\" decoding=\"async\" class=\"size-full wp-image-526419 aligncenter lazyload ewww_webp_lazy_load\" alt=\"camping en Pontevedra \" width=\"1300\" height=\"975\" src=\"https:\/\/www.autocaravanas.es\/wp-content\/uploads\/2023\/05\/camping-playa-paisaxe.jpg\" srcset=\"https:\/\/www.autocaravanas.es\/wp-content\/uploads\/2023\/05\/camping-playa-paisaxe.jpg 1300w, https:\/\/www.autocaravanas.es\/wp-content\/uploads\/2023\/05\/camping-playa-paisaxe-300x225.jpg 300w, https:\/\/www.autocaravanas.es\/wp-content\/uploads\/2023\/05\/camping-playa-paisaxe-1024x768.jpg 1024w, https:\/\/www.autocaravanas.es\/wp-content\/uploads\/2023\/05\/camping-playa-paisaxe-768x576.jpg 768w, https:\/\/www.autocaravanas.es\/wp-content\/uploads\/2023\/05\/camping-playa-paisaxe-696x522.jpg 696w, https:\/\/www.autocaravanas.es\/wp-content\/uploads\/2023\/05\/camping-playa-paisaxe-232x174.jpg 232w, https:\/\/www.autocaravanas.es\/wp-content\/uploads\/2023\/05\/camping-playa-paisaxe-80x60.jpg 80w, https:\/\/www.autocaravanas.es\/wp-content\/uploads\/2023\/05\/camping-playa-paisaxe-265x198.jpg 265w, https:\/\/www.autocaravanas.es\/wp-content\/uploads\/2023\/05\/camping-playa-paisaxe-1068x801.jpg 1068w, https:\/\/www.autocaravanas.es\/wp-content\/uploads\/2023\/05\/camping-playa-paisaxe-560x420.jpg 560w, https:\/\/www.autocaravanas.es\/wp-content\/uploads\/2023\/05\/camping-playa-paisaxe-400x300.jpg 400w, https:\/\/www.autocaravanas.es\/wp-content\/uploads\/2023\/05\/camping-playa-paisaxe-310x233.jpg 310w, https:\/\/www.autocaravanas.es\/wp-content\/uploads\/2023\/05\/camping-playa-paisaxe-140x105.jpg 140w\" data-sizes=\"auto\" src-webp=\"\/wp-content\/uploads\/2023\/05\/camping-playa-paisaxe.jpg.webp\" srcset-webp=\"\/wp-content\/uploads\/2023\/05\/camping-playa-paisaxe.jpg.webp 1300w, \/wp-content\/uploads\/2023\/05\/camping-playa-paisaxe-300x225.jpg.webp 300w, \/wp-content\/uploads\/2023\/05\/camping-playa-paisaxe-1024x768.jpg.webp 1024w, \/wp-content\/uploads\/2023\/05\/camping-playa-paisaxe-768x576.jpg.webp 768w, \/wp-content\/uploads\/2023\/05\/camping-playa-paisaxe-696x522.jpg.webp 696w, \/wp-content\/uploads\/2023\/05\/camping-playa-paisaxe-232x174.jpg.webp 232w, \/wp-content\/uploads\/2023\/05\/camping-playa-paisaxe-80x60.jpg.webp 80w, \/wp-content\/uploads\/2023\/05\/camping-playa-paisaxe-265x198.jpg.webp 265w, \/wp-content\/uploads\/2023\/05\/camping-playa-paisaxe-1068x801.jpg.webp 1068w, \/wp-content\/uploads\/2023\/05\/camping-playa-paisaxe-560x420.jpg.webp 560w, \/wp-content\/uploads\/2023\/05\/camping-playa-paisaxe-400x300.jpg.webp 400w, \/wp-content\/uploads\/2023\/05\/camping-playa-paisaxe-310x233.jpg.webp 310w, \/wp-content\/uploads\/2023\/05\/camping-playa-paisaxe-140x105.jpg.webp 140w\"\/><noscript><img decoding=\"async\" class=\"size-full wp-image-526419 aligncenter\" src=\"https:\/\/www.autocaravanas.es\/wp-content\/uploads\/2023\/05\/camping-playa-paisaxe.jpg\" alt=\"camping en Pontevedra \" width=\"1300\" height=\"975\" srcset=\"https:\/\/www.autocaravanas.es\/wp-content\/uploads\/2023\/05\/camping-playa-paisaxe.jpg 1300w, https:\/\/www.autocaravanas.es\/wp-content\/uploads\/2023\/05\/camping-playa-paisaxe-300x225.jpg 300w, https:\/\/www.autocaravanas.es\/wp-content\/uploads\/2023\/05\/camping-playa-paisaxe-1024x768.jpg 1024w, https:\/\/www.autocaravanas.es\/wp-content\/uploads\/2023\/05\/camping-playa-paisaxe-768x576.jpg 768w, https:\/\/www.autocaravanas.es\/wp-content\/uploads\/2023\/05\/camping-playa-paisaxe-696x522.jpg 696w, https:\/\/www.autocaravanas.es\/wp-content\/uploads\/2023\/05\/camping-playa-paisaxe-232x174.jpg 232w, https:\/\/www.autocaravanas.es\/wp-content\/uploads\/2023\/05\/camping-playa-paisaxe-80x60.jpg 80w, https:\/\/www.autocaravanas.es\/wp-content\/uploads\/2023\/05\/camping-playa-paisaxe-265x198.jpg 265w, https:\/\/www.autocaravanas.es\/wp-content\/uploads\/2023\/05\/camping-playa-paisaxe-1068x801.jpg 1068w, https:\/\/www.autocaravanas.es\/wp-content\/uploads\/2023\/05\/camping-playa-paisaxe-560x420.jpg 560w, https:\/\/www.autocaravanas.es\/wp-content\/uploads\/2023\/05\/camping-playa-paisaxe-400x300.jpg 400w, https:\/\/www.autocaravanas.es\/wp-content\/uploads\/2023\/05\/camping-playa-paisaxe-310x233.jpg 310w, https:\/\/www.autocaravanas.es\/wp-content\/uploads\/2023\/05\/camping-playa-paisaxe-140x105.jpg 140w\" sizes=\"(max-width: 1300px) 100vw, 1300px\" data-eio=\"l\"\/><\/noscript><\/p>\n<p><span style=\"font-weight: 400;\">No solo playas y gastronom\u00eda nos ofrece O Grove, tambi\u00e9n cuenta con una isla dentro de su municipio, la conocida como la <\/span><b>Isla de la Toja<\/b><span style=\"font-weight: 400;\">, famosa por su Iglesia de las Conchas.<\/span><\/p>\n<p><span style=\"font-weight: 400;\">Otro de los campings que te recomendamos para viajar en autocaravana es el <\/span><b>Playa Paisaxe II<\/b><span style=\"font-weight: 400;\">, y es que ofrece <\/span><b>parcelas de entre 60 y 70 m\u00b2<\/b><span style=\"font-weight: 400;\"> y se pueden alquilar seg\u00fan el periodo de tiempo que se quiera estar: larga o corta estancia.<\/span><\/p>\n<p><span style=\"font-weight: 400;\">Por si fuera poco, este es uno de los <\/span><b>camping en Pontevedra con piscina<\/b><span style=\"font-weight: 400;\">, y en ella ofrecen actividades como <\/span><b>Aquazumba<\/b><span style=\"font-weight: 400;\"> o <\/span><b>Aquaerobic.<\/b><span style=\"font-weight: 400;\"> Tambi\u00e9n tienen zona de jacuzzi, duchas y lavabos de agua caliente, fregaderos, barbacoas y zonas deportivas.<\/span><\/p>\n<h3><span style=\"font-weight: 400;\">Bayona Playa<\/span><\/h3>\n<p><img loading=\"lazy\" decoding=\"async\" class=\"size-full wp-image-526420 aligncenter lazyload ewww_webp_lazy_load\" alt=\"camping de bayona en pontevedra\" width=\"640\" height=\"350\" src=\"https:\/\/www.autocaravanas.es\/wp-content\/uploads\/2023\/05\/camping-bayona-playa.jpg\" srcset=\"https:\/\/www.autocaravanas.es\/wp-content\/uploads\/2023\/05\/camping-bayona-playa.jpg 640w, https:\/\/www.autocaravanas.es\/wp-content\/uploads\/2023\/05\/camping-bayona-playa-300x164.jpg 300w, https:\/\/www.autocaravanas.es\/wp-content\/uploads\/2023\/05\/camping-bayona-playa-232x127.jpg 232w, https:\/\/www.autocaravanas.es\/wp-content\/uploads\/2023\/05\/camping-bayona-playa-549x300.jpg 549w, https:\/\/www.autocaravanas.es\/wp-content\/uploads\/2023\/05\/camping-bayona-playa-310x170.jpg 310w, https:\/\/www.autocaravanas.es\/wp-content\/uploads\/2023\/05\/camping-bayona-playa-150x82.jpg 150w\" data-sizes=\"auto\" src-webp=\"\/wp-content\/uploads\/2023\/05\/camping-bayona-playa.jpg.webp\" srcset-webp=\"\/wp-content\/uploads\/2023\/05\/camping-bayona-playa.jpg.webp 640w, \/wp-content\/uploads\/2023\/05\/camping-bayona-playa-300x164.jpg.webp 300w, \/wp-content\/uploads\/2023\/05\/camping-bayona-playa-232x127.jpg.webp 232w, \/wp-content\/uploads\/2023\/05\/camping-bayona-playa-549x300.jpg.webp 549w, \/wp-content\/uploads\/2023\/05\/camping-bayona-playa-310x170.jpg.webp 310w, \/wp-content\/uploads\/2023\/05\/camping-bayona-playa-150x82.jpg.webp 150w\"\/><noscript><img decoding=\"async\" class=\"size-full wp-image-526420 aligncenter\" src=\"https:\/\/www.autocaravanas.es\/wp-content\/uploads\/2023\/05\/camping-bayona-playa.jpg\" alt=\"camping de bayona en pontevedra\" width=\"640\" height=\"350\" srcset=\"https:\/\/www.autocaravanas.es\/wp-content\/uploads\/2023\/05\/camping-bayona-playa.jpg 640w, https:\/\/www.autocaravanas.es\/wp-content\/uploads\/2023\/05\/camping-bayona-playa-300x164.jpg 300w, https:\/\/www.autocaravanas.es\/wp-content\/uploads\/2023\/05\/camping-bayona-playa-232x127.jpg 232w, https:\/\/www.autocaravanas.es\/wp-content\/uploads\/2023\/05\/camping-bayona-playa-549x300.jpg 549w, https:\/\/www.autocaravanas.es\/wp-content\/uploads\/2023\/05\/camping-bayona-playa-310x170.jpg 310w, https:\/\/www.autocaravanas.es\/wp-content\/uploads\/2023\/05\/camping-bayona-playa-150x82.jpg 150w\" sizes=\"(max-width: 640px) 100vw, 640px\" data-eio=\"l\"\/><\/noscript><\/p>\n<p><span style=\"font-weight: 400;\">Bayona es de esos lugares de Pontevedra en los que merece la pena <\/span><b>perderse y pasear<\/b><span style=\"font-weight: 400;\">. Aqu\u00ed encontrar\u00e1s un <\/span><b>casco antiguo<\/b><span style=\"font-weight: 400;\"> que fue <\/span><b>declarado conjunto de inter\u00e9s hist\u00f3rico-art\u00edstico<\/b><span style=\"font-weight: 400;\"> en 1993, podr\u00e1s pasear por la muralla de un antiguo castillo y ba\u00f1arte en sus piscinas de chorros naturales que se llena y vac\u00eda con los cambios de marea.<\/span><\/p>\n<p><span style=\"font-weight: 400;\">El camping Bayona Playa se encuentra situado en un lugar id\u00edlico, en una peque\u00f1a <\/span><b>pen\u00ednsula entre la playa Ladeira y la marisma que forma el r\u00edo Mi\u00f1or<\/b><span style=\"font-weight: 400;\">. Adem\u00e1s, forma parte de la<\/span><b> Red Natura 2000<\/b><span style=\"font-weight: 400;\">, donde la naturaleza nos sorprende con los flujos de las mareas, donde se puede disfrutar de la llegada de aves acu\u00e1ticas y de unas impresionantes vistas de las islas C\u00edes.<\/span><\/p>\n<p><span style=\"font-weight: 400;\">Este alojamiento cuenta con <\/span><b>parcelas para autocaravanas<\/b><span style=\"font-weight: 400;\"> que oscilan entre los 10 y lo 90 m\u00b2 y se dividen en tres categor\u00edas: Superior, Superior en 1\u00aa l\u00ednea de Marisma y Plus.<\/span><\/p>\n<h3><span style=\"font-weight: 400;\">1\u00aa O Mui\u00f1o Bungalow Park<\/span><\/h3>\n<p><img loading=\"lazy\" decoding=\"async\" class=\"size-full wp-image-526421 aligncenter lazyload ewww_webp_lazy_load\" alt=\"camping o mui\u00f1o pontevedra\" width=\"640\" height=\"350\" src=\"https:\/\/www.autocaravanas.es\/wp-content\/uploads\/2023\/05\/camping-muino-bungalow-park.jpg\" srcset=\"https:\/\/www.autocaravanas.es\/wp-content\/uploads\/2023\/05\/camping-muino-bungalow-park.jpg 640w, https:\/\/www.autocaravanas.es\/wp-content\/uploads\/2023\/05\/camping-muino-bungalow-park-300x164.jpg 300w, https:\/\/www.autocaravanas.es\/wp-content\/uploads\/2023\/05\/camping-muino-bungalow-park-232x127.jpg 232w, https:\/\/www.autocaravanas.es\/wp-content\/uploads\/2023\/05\/camping-muino-bungalow-park-549x300.jpg 549w, https:\/\/www.autocaravanas.es\/wp-content\/uploads\/2023\/05\/camping-muino-bungalow-park-310x170.jpg 310w, https:\/\/www.autocaravanas.es\/wp-content\/uploads\/2023\/05\/camping-muino-bungalow-park-150x82.jpg 150w\" data-sizes=\"auto\" src-webp=\"\/wp-content\/uploads\/2023\/05\/camping-muino-bungalow-park.jpg.webp\" srcset-webp=\"\/wp-content\/uploads\/2023\/05\/camping-muino-bungalow-park.jpg.webp 640w, \/wp-content\/uploads\/2023\/05\/camping-muino-bungalow-park-300x164.jpg.webp 300w, \/wp-content\/uploads\/2023\/05\/camping-muino-bungalow-park-232x127.jpg.webp 232w, \/wp-content\/uploads\/2023\/05\/camping-muino-bungalow-park-549x300.jpg.webp 549w, \/wp-content\/uploads\/2023\/05\/camping-muino-bungalow-park-310x170.jpg.webp 310w, \/wp-content\/uploads\/2023\/05\/camping-muino-bungalow-park-150x82.jpg.webp 150w\"\/><noscript><img decoding=\"async\" class=\"size-full wp-image-526421 aligncenter\" src=\"https:\/\/www.autocaravanas.es\/wp-content\/uploads\/2023\/05\/camping-muino-bungalow-park.jpg\" alt=\"camping o mui\u00f1o pontevedra\" width=\"640\" height=\"350\" srcset=\"https:\/\/www.autocaravanas.es\/wp-content\/uploads\/2023\/05\/camping-muino-bungalow-park.jpg 640w, https:\/\/www.autocaravanas.es\/wp-content\/uploads\/2023\/05\/camping-muino-bungalow-park-300x164.jpg 300w, https:\/\/www.autocaravanas.es\/wp-content\/uploads\/2023\/05\/camping-muino-bungalow-park-232x127.jpg 232w, https:\/\/www.autocaravanas.es\/wp-content\/uploads\/2023\/05\/camping-muino-bungalow-park-549x300.jpg 549w, https:\/\/www.autocaravanas.es\/wp-content\/uploads\/2023\/05\/camping-muino-bungalow-park-310x170.jpg 310w, https:\/\/www.autocaravanas.es\/wp-content\/uploads\/2023\/05\/camping-muino-bungalow-park-150x82.jpg 150w\" sizes=\"(max-width: 640px) 100vw, 640px\" data-eio=\"l\"\/><\/noscript><\/p>\n<p><span style=\"font-weight: 400;\">El camping 1\u00aa I Mui\u00f1o Bungalow Park est\u00e1 situado en el <\/span><b>paraje del Bajo Mi\u00f1o<\/b><span style=\"font-weight: 400;\">, en Oia, se encuentra <\/span><b>refugiado por las monta\u00f1as de la Sierra de Groba<\/b><span style=\"font-weight: 400;\">, desde luego, un entorno ideal para disfrutar de la naturaleza gallega en todo su esplendor. Si te apetece darle un <\/span><b>toque de aventura<\/b><span style=\"font-weight: 400;\"> a tu visita, te recomendamos que visites las <\/span><b>Pozas de Moug\u00e1s<\/b><span style=\"font-weight: 400;\">, especialmente si viajas con ni\u00f1os. Pasar\u00e9is un d\u00eda a lo grande rodeados de aguas cristalinas, ca\u00eddas de agua y abundante vegetaci\u00f3n.<\/span><\/p>\n<p><span style=\"font-weight: 400;\">Este camping cuenta con <\/span><b>157 plazas para autocaravanas<\/b><span style=\"font-weight: 400;\">, tiene <\/span><b>playa propia<\/b><span style=\"font-weight: 400;\">, animaci\u00f3n para todas las edades, piscina con vistas al mar, \u00e1rea de barbacoas\u2026 \u00a1y mucho m\u00e1s!<\/span><\/p>\n<\/p><\/div>\n\n<p><em> &#8221; Fuentes www.autocaravanas.es &#8221; <\/em><\/p>\n","protected":false},"excerpt":{"rendered":"<p>Pontevedra, la capital de las R\u00edas Baixas, guardiana de uno de los cascos hist\u00f3ricos m\u00e1s importantes de Galicia -despu\u00e9s del de Santiago- y lugar de paso para todos los peregrinos que hacen el Camino Portugu\u00e9s. Desde luego que la provincia de Pontevedra es un lugar ideal al que ir a disfrutar de unas buenas vacaciones. [&hellip;]<\/p>\n","protected":false},"author":4,"featured_media":550357,"comment_status":"open","ping_status":"closed","sticky":false,"template":"","format":"standard","meta":{"om_disable_all_campaigns":false,"jnews-multi-image_gallery":[],"jnews_single_post":[],"jnews_primary_category":[],"jnews_social_meta":[],"footnotes":""},"categories":[144872,39],"tags":[],"class_list":["post-550356","post","type-post","status-publish","format-standard","has-post-thumbnail","hentry","category-fashion","category-viajes"],"_links":{"self":[{"href":"https:\/\/dimensionturistica.com\/es\/wp-json\/wp\/v2\/posts\/550356","targetHints":{"allow":["GET"]}}],"collection":[{"href":"https:\/\/dimensionturistica.com\/es\/wp-json\/wp\/v2\/posts"}],"about":[{"href":"https:\/\/dimensionturistica.com\/es\/wp-json\/wp\/v2\/types\/post"}],"author":[{"embeddable":true,"href":"https:\/\/dimensionturistica.com\/es\/wp-json\/wp\/v2\/users\/4"}],"replies":[{"embeddable":true,"href":"https:\/\/dimensionturistica.com\/es\/wp-json\/wp\/v2\/comments?post=550356"}],"version-history":[{"count":0,"href":"https:\/\/dimensionturistica.com\/es\/wp-json\/wp\/v2\/posts\/550356\/revisions"}],"wp:featuredmedia":[{"embeddable":true,"href":"https:\/\/dimensionturistica.com\/es\/wp-json\/wp\/v2\/media\/550357"}],"wp:attachment":[{"href":"https:\/\/dimensionturistica.com\/es\/wp-json\/wp\/v2\/media?parent=550356"}],"wp:term":[{"taxonomy":"category","embeddable":true,"href":"https:\/\/dimensionturistica.com\/es\/wp-json\/wp\/v2\/categories?post=550356"},{"taxonomy":"post_tag","embeddable":true,"href":"https:\/\/dimensionturistica.com\/es\/wp-json\/wp\/v2\/tags?post=550356"}],"curies":[{"name":"wp","href":"https:\/\/api.w.org\/{rel}","templated":true}]}}