{"id":550162,"date":"2023-05-30T22:35:32","date_gmt":"2023-05-30T22:35:32","guid":{"rendered":"https:\/\/dimensionturistica.com\/es\/?p=550162"},"modified":"2023-05-30T22:35:32","modified_gmt":"2023-05-30T22:35:32","slug":"laura-ferrero-o-como-los-viajes-espaciales-sirven-para-entender-la-familia","status":"publish","type":"post","link":"https:\/\/dimensionturistica.com\/es\/laura-ferrero-o-como-los-viajes-espaciales-sirven-para-entender-la-familia\/","title":{"rendered":"Laura Ferrero o c\u00f3mo los viajes espaciales sirven para entender la familia"},"content":{"rendered":"<p> <br \/>\n<\/p>\n<p><h2 itemprop=\"alternativeHeadline\">La escritora presenta este jueves en la Fira del Llibre de Palma su nueva novela, \u2018Los astronautas\u2019 (Alfaguara)<\/h2>\n<\/p>\n<div itemprop=\"articleBody\">\n<p>Como dice la narradora de <em>Los astronautas<\/em> (Alfaguara), los ni\u00f1os se inventan un mundo para poder <strong>sobrevivir<\/strong>. En su caso, justific\u00f3 la continua ausencia del padre con que era astronauta y trabajaba en Houston. A partir de esta an\u00e9cdota, Laura Ferrero (Barcelona, 1984) teje una historia sobre la familia, sobre la suya, que invita a reflexionar sobre las <strong>ausencias<\/strong>, que como afirma, pueden explicar mucho m\u00e1s que las <strong>presencias<\/strong>. Lo presenta este jueves 1 de junio, a las 19.00 horas, en la <strong>Fira del Llibre de Palma.<\/strong><\/p>\n<p>Aunque <em>Los astronautas<\/em> no es una novela sobre la vida de Ferrero, la autora reconoce que empez\u00f3 a escribirla hace unos a\u00f1os como si fuera <strong>autobiogr\u00e1fica<\/strong>, pues el relato arranca cuando descubre una fotograf\u00eda de sus <strong>padres<\/strong> posando junto a ella cuando esta era beb\u00e9, cuando todav\u00eda formaban una familia. Una imagen que despert\u00f3 en ella, con m\u00e1s de treinta a\u00f1os de retraso, el <strong>sentimiento<\/strong> de haber formado parte de una estructura, de un <strong>sustento<\/strong>.<\/p>\n<h4>Investigaci\u00f3n<\/h4>\n<p>\u00abFue la mecha que enciende la novela. Quer\u00eda hacer una <strong>investigaci\u00f3n familiar<\/strong>, que me contaran cosas, pero no daba con el <strong>archivo familiar<\/strong>. As\u00ed que necesitaba un artilugio, un artefacto que me llevara lejos\u00bb, razona. En este sentido, reconoce que \u00ablos astronautas siempre me han fascinado, no tanto por la <strong>conquista espacial<\/strong>, sino por los hombres que llegaron tan lejos para poder ver lo que ten\u00edan tan cerca\u00bb.<\/p>\n<p>\u00abMe interesaba la soledad entendida como la<strong> poca comunicabilidad<\/strong> de su experiencia. Y es que cuando regresaron de la misi\u00f3n eran hombres encerrados en s\u00ed mismos, ingenieros que no eran capaces de <strong>sublimar<\/strong> esa experiencia. Y eso ocurre tambi\u00e9n en nuestras vidas: determinados eventos nos cambian d\u00eda a d\u00eda y no podemos contarlos. La soledad en los astronautas me era \u00fatil para contar el <strong>matrimonio<\/strong> de mis padres. La <strong>imaginaci\u00f3n<\/strong> de la ni\u00f1a me termin\u00f3 sirviendo para contarlos a ellos y a m\u00ed\u00bb, aclara.<\/p>\n<p>De hecho, Ferrero se\u00f1ala que la construcci\u00f3n de <em>Los astronautas<\/em> ha implicado un \u00abproceso de reflexi\u00f3n en el que vuelves a <strong>vivir la vida dos veces<\/strong>\u00bb. \u00abEn esta segunda vida media la distancia que otorga la literatura y la escritura, que permite poner perspectiva. La vida no es un ensayo, la vives en directo, y solo al volver atr\u00e1s puedes <strong>entenderla<\/strong>. En este sentido, ha sido un proceso muy transformador\u00bb, declara la autora.<\/p>\n<p>Sobre si la vida se articula en torno a las ausencias, Ferrero opina que \u00abal final las ausencias son muy <strong>mitificables<\/strong>\u00bb, puesto que \u00aben una ausencia puedes poner lo que no va mal en la vida\u00bb. \u00abEn el caso de la novela, le suelen decir que \u2018esta ni\u00f1a es rara\u2019 o \u2018esta ni\u00f1a tiene mucha imaginaci\u00f3n\u2019 y \u2018claro, es que su padre se ha ido\u2019. Las ausencias en la literatura o en el <strong>cine<\/strong> suelen darse porque la gente se va y es eso lo que da pie a la <strong>imaginaci\u00f3n<\/strong>, a rellenar el espacio de esa gente que tenemos tan vista. En la vida, ausencia y presencia est\u00e1n imbricadas. Por mi parte, la ausencia me llev\u00f3 a mi madre, que era la presencia. Una no se entiende sin la otra\u00bb, detalla.<\/p>\n<p>La narradora ciertamente teme al abandono o, mejor dicho, a perder el control. \u00abLo que nos aterra es saber que no tenemos el <strong>control<\/strong> sobre lo que nos determina. As\u00ed, la narrativa sirve a cada uno para pensar que tenemos el control. A la madre le permite contar una historia que tiene que ver, aparentemente, con <strong>salir mejor parada<\/strong>, por ejemplo. Cuando la ni\u00f1a cuenta en el colegio que su padre es astronauta ya hace gala de la necesidad que tiene de <strong>adue\u00f1arse de lo que le sucede:<\/strong> est\u00e1 en Houston y no aqu\u00ed. Si tu marido te deja es que os hab\u00e9is dado un tiempo. Es interesante ver la historia de cada uno para saber qu\u00e9 esconde\u00bb, explica.<\/p>\n<p>Con el abandono del padre, resulta dif\u00edcil no <strong>juzgarlo<\/strong>. Como reconoce Ferrero, quien puntualiza que esa parte est\u00e1 ficcionada, \u00abcuando estamos enfadados nos sale el juzgar, el rencor, pero luego no es lo que prevalece\u00bb.<\/p>\n<p>\u00abLos padres no son malos, o al menos no es la idea que tenemos como personajes malos, sino que tienen muchos matices y al final hicieron lo que pudieron y supieron con las herramientas que ten\u00edan en ese momento. <strong>Hacerse mayor<\/strong> es entender eso: nadie es el padre o la madre del a\u00f1o, sino lo que puede ser. Cuando una se pregunta por el <strong>relato familiar<\/strong> se mezclan muchas cosas, pero no te pones en sus zapatos, no tienes en cuenta de d\u00f3nde vienen. Esto nos cuesta especialmente cuando se trata de nuestros padres. En lo personal, muchas veces me preguntaba por estas cuestiones y pensaba \u2018ojal\u00e1 hubiera sido distinto\u2019, pero no es un juicio, sino un deseo\u00bb, confiesa.<\/p>\n<p>\u00abEl padre de la novela no est\u00e1 enamorado de su mujer y no lo ha escogido. Podr\u00eda decidir comprometerse con esto y ser un desgraciado o escoger lo que escoge y empezar de nuevo con una persona con la que es feliz. Para la madre y la hija es injusto, pero desde fuera te das cuenta de que tiene todo el derecho a ser feliz. \u00bfQu\u00e9 es mejor?\u00bb, plantea.<\/p>\n<h4>Divorcio pionero<\/h4>\n<p>Una separaci\u00f3n que, tanto en la realidad como en la novela, se produjo en los a\u00f1os 80, cuando se terminaba de aprobar la ley del divorcio. \u00abEra un estigma y un tab\u00fa, sobre todo porque no hab\u00eda referentes, no sab\u00edamos qu\u00e9 era que tus padres estuvieran separados. En mi curso, de sesenta ni\u00f1os, dos \u00e9ramos <strong>hijos de divorciados<\/strong>. Era algo rar\u00edsimo. Nos se\u00f1alaban. Las <strong>monjas<\/strong> me dec\u00edan que rezar\u00edan por ellos porque ahora viv\u00edan en <strong>pecado<\/strong>\u00bb, recuerda.<\/p>\n<p>De momento, Ferrero asegura que \u00abno volver\u00e9 a escribir <strong>nada personal<\/strong>\u00bb, pues es \u00abm\u00e1s dif\u00edcil de gestionar, m\u00e1s <strong>problem\u00e1tico<\/strong>\u00bb. \u00abLibros como este tienen <strong>m\u00e1s dificultad<\/strong> de lo que es enteramente ficci\u00f3n. Es lo m\u00e1s importante para m\u00ed, pero el pr\u00f3ximo no tendr\u00e1 nada que ver\u00bb.<\/p>\n<\/div>\n\n<p><em> &#8221; Fuentes amp.ultimahora.es &#8221; <\/em><\/p>\n","protected":false},"excerpt":{"rendered":"<p>La escritora presenta este jueves en la Fira del Llibre de Palma su nueva novela, \u2018Los astronautas\u2019 (Alfaguara) Como dice la narradora de Los astronautas (Alfaguara), los ni\u00f1os se inventan un mundo para poder sobrevivir. En su caso, justific\u00f3 la continua ausencia del padre con que era astronauta y trabajaba en Houston. A partir de [&hellip;]<\/p>\n","protected":false},"author":4,"featured_media":550163,"comment_status":"open","ping_status":"closed","sticky":false,"template":"","format":"standard","meta":{"om_disable_all_campaigns":false,"jnews-multi-image_gallery":[],"jnews_single_post":[],"jnews_primary_category":[],"jnews_social_meta":[],"footnotes":""},"categories":[39],"tags":[662,68722,68720,68721],"class_list":["post-550162","post","type-post","status-publish","format-standard","has-post-thumbnail","hentry","category-viajes","tag-cultura","tag-cultura-en-mallorca","tag-fira-del-llibre-de-palma","tag-laura-ferrero"],"_links":{"self":[{"href":"https:\/\/dimensionturistica.com\/es\/wp-json\/wp\/v2\/posts\/550162","targetHints":{"allow":["GET"]}}],"collection":[{"href":"https:\/\/dimensionturistica.com\/es\/wp-json\/wp\/v2\/posts"}],"about":[{"href":"https:\/\/dimensionturistica.com\/es\/wp-json\/wp\/v2\/types\/post"}],"author":[{"embeddable":true,"href":"https:\/\/dimensionturistica.com\/es\/wp-json\/wp\/v2\/users\/4"}],"replies":[{"embeddable":true,"href":"https:\/\/dimensionturistica.com\/es\/wp-json\/wp\/v2\/comments?post=550162"}],"version-history":[{"count":0,"href":"https:\/\/dimensionturistica.com\/es\/wp-json\/wp\/v2\/posts\/550162\/revisions"}],"wp:featuredmedia":[{"embeddable":true,"href":"https:\/\/dimensionturistica.com\/es\/wp-json\/wp\/v2\/media\/550163"}],"wp:attachment":[{"href":"https:\/\/dimensionturistica.com\/es\/wp-json\/wp\/v2\/media?parent=550162"}],"wp:term":[{"taxonomy":"category","embeddable":true,"href":"https:\/\/dimensionturistica.com\/es\/wp-json\/wp\/v2\/categories?post=550162"},{"taxonomy":"post_tag","embeddable":true,"href":"https:\/\/dimensionturistica.com\/es\/wp-json\/wp\/v2\/tags?post=550162"}],"curies":[{"name":"wp","href":"https:\/\/api.w.org\/{rel}","templated":true}]}}