{"id":549988,"date":"2023-05-30T16:26:54","date_gmt":"2023-05-30T16:26:54","guid":{"rendered":"https:\/\/dimensionturistica.com\/es\/?p=549988"},"modified":"2023-05-30T16:26:54","modified_gmt":"2023-05-30T16:26:54","slug":"los-viajes-chollo-del-imserso-si-eres-pensionista-en-2023","status":"publish","type":"post","link":"https:\/\/dimensionturistica.com\/es\/los-viajes-chollo-del-imserso-si-eres-pensionista-en-2023\/","title":{"rendered":"Los viajes &#8216;chollo&#8217; del Imserso si eres pensionista en 2023"},"content":{"rendered":"<p> <br \/>\n<\/p>\n<div>\n<div class=\"null ampAuthor__content_firm-2hKD ampAuthor__pl10-4Lui\"><a rel=\"nofollow noopener\" target=\"_blank\" href=\"https:\/\/www.telecinco.es\/autores\/redaccion-informativos-telecinco\/\" class=\"utilities__flexAlignItemsCenter-2Wn8\"><span class=\"utilities__FlexVerticalElements-3akO ampAuthor__info-1c9I\"><span class=\"ampAuthor__contentAuthor-1_s- ampAuthor__grey-kuh1\"><span class=\"autor-nombre\">Redacci\u00f3n\/Informativos Telecinco<\/span><\/span><time datetime=\"2023-05-30T18:24:10+02:00\"><span> 30\/05\/2023 <\/span><span class=\"ampAuthor__bullet-2ObG\"\/><span> 18:24h. <\/span><\/time><\/span><\/div>\n<p><amp-img class=\"marginOpeningOH\" alt=\"Los mejores viajes del Imserso que podr\u00e1n disfrutar los pensionistas en la temporada 2023-2024\" src=\"https:\/\/album.mediaset.es\/eimg\/2023\/05\/30\/los-mejores-viajes-del-imserso-que-podran-disfrutar-los-pensionistas-en-la-temporada-2023-2024_144f.jpg\" width=\"100\" height=\"56.249929687587894\" srcset=\"https:\/\/album.mediaset.es\/eimg\/2023\/05\/30\/los-mejores-viajes-del-imserso-que-podran-disfrutar-los-pensionistas-en-la-temporada-2023-2024_144f.jpg?w=1200 1200w, https:\/\/album.mediaset.es\/eimg\/2023\/05\/30\/los-mejores-viajes-del-imserso-que-podran-disfrutar-los-pensionistas-en-la-temporada-2023-2024_144f.jpg?w=1024 1024w, https:\/\/album.mediaset.es\/eimg\/2023\/05\/30\/los-mejores-viajes-del-imserso-que-podran-disfrutar-los-pensionistas-en-la-temporada-2023-2024_144f.jpg?w=800 800w, https:\/\/album.mediaset.es\/eimg\/2023\/05\/30\/los-mejores-viajes-del-imserso-que-podran-disfrutar-los-pensionistas-en-la-temporada-2023-2024_144f.jpg?w=768 768w, https:\/\/album.mediaset.es\/eimg\/2023\/05\/30\/los-mejores-viajes-del-imserso-que-podran-disfrutar-los-pensionistas-en-la-temporada-2023-2024_144f.jpg?w=640 640w, https:\/\/album.mediaset.es\/eimg\/2023\/05\/30\/los-mejores-viajes-del-imserso-que-podran-disfrutar-los-pensionistas-en-la-temporada-2023-2024_144f.jpg?w=600 600w, https:\/\/album.mediaset.es\/eimg\/2023\/05\/30\/los-mejores-viajes-del-imserso-que-podran-disfrutar-los-pensionistas-en-la-temporada-2023-2024_144f.jpg?w=480 480w, https:\/\/album.mediaset.es\/eimg\/2023\/05\/30\/los-mejores-viajes-del-imserso-que-podran-disfrutar-los-pensionistas-en-la-temporada-2023-2024_144f.jpg?w=360 360w, https:\/\/album.mediaset.es\/eimg\/2023\/05\/30\/los-mejores-viajes-del-imserso-que-podran-disfrutar-los-pensionistas-en-la-temporada-2023-2024_144f.jpg?w=320 320w\" layout=\"responsive\"\/><\/p>\n<p><span>El Imserso para la temporada 2023-2024 trae buenas opciones para viajar a los pensionistas<\/span><span class=\"article__author-3j-6\"\/><\/p>\n<p class=\"utilities__marginArticle-3QNA\">El programa de turismo del <a rel=\"nofollow noopener\" target=\"_blank\" href=\"https:\/\/www.telecinco.es\/noticias\/sociedad\/20220705\/viajes-imserso-requisitos-calendario-solicitudes_18_06934274.html?amp=true#utm_source=sumario&amp;utm_medium=articulo\">Imserso 2022-2023<\/a> llega a su fin con los \u00faltimos viajes de mayo y los 30.000 previstos para junio. Pero aquellos que est\u00e9n interesados en inscribirse a los viajes de 2023-2024 solo tendr\u00e1n que esperar un poco. Y es que en esta nueva temporada van a ser<strong> 886.269<\/strong> las plazas que se van a ofertar, es decir,<strong> 70.000 m\u00e1s <\/strong>que este a\u00f1o despu\u00e9s de que apareciesen noticias como la de los <a rel=\"nofollow noopener\" target=\"_blank\" href=\"https:\/\/www.telecinco.es\/noticias\/sociedad\/20221116\/revuelta-jubilados-imserso-hotel-roquetas-mar-hartos-menu-be5ma_18_07998004.html?amp=true\">jubilados que se quejaron <\/a>en <strong>Roquetas de Mar <\/strong>por la comida.<\/p>\n<p class=\"utilities__marginArticle-3QNA\">Los<strong> pensionistas <\/strong>podr\u00e1n elegir entre diferentes tipos de viaje con un precio que oscilar\u00e1 entre los <strong>124 euros<\/strong> para visitar las provincias espa\u00f1olas durante <strong>cuatro d\u00edas<\/strong> y los<strong> 436 euros <\/strong>para ir a las <strong>Islas Canarias<\/strong> en 10 d\u00edas. Pero no todo son buenas noticias, ya que <a rel=\"nofollow noopener\" target=\"_blank\" href=\"https:\/\/www.telecinco.es\/noticias\/espana\/20230327\/subiran-precios-viajes-imserso-proxima-temporada_18_09112700.html?amp=true\">los precios subir\u00e1n un 7,5%<\/a> para mantener la calidad del programa. Pero, aunque a\u00fan no se conozcan los plazos, se estima que salgan en septiembre. <\/p>\n<p class=\"utilities__marginArticle-3QNA\">En esta nueva edici\u00f3n, existen cuatro tipos de viajes que los pensionistas podr\u00e1n realizar. Empezando por la m\u00e1s econ\u00f3mica est\u00e1 la opci\u00f3n de pasar cuatro d\u00edas y tres noches conociendo las provincias espa\u00f1olas por<strong> 124,67 euros<\/strong>. Despu\u00e9s est\u00e1n los circuitos culturales de 6 d\u00edas y 5 noches con un precio de <strong>293,16 euros<\/strong>, realizar turismo de naturaleza durante 5 d\u00edas y 4 noches o visitar <strong>Ceuta <\/strong>y <strong>Melilla <\/strong>por el mismo tiempo y dinero.<\/p>\n<h3 class=\"undefined utilities__marginArticle-3QNA color_eta site_font\">Las diferentes opciones y sus precios<\/h3>\n<p class=\"utilities__marginArticle-3QNA\">En Espa\u00f1a los destinos m\u00e1s solicitados son los relacionados con el sol y playa y por eso el Imserso divide este tipo de viajes en dos paquetes. El primero con <strong>443.887 plazas<\/strong> donde los pensionistas podr\u00e1n hacer turismo peninsular a <strong>Andaluc\u00eda<\/strong>, <strong>Catalu\u00f1a<\/strong>, <strong>Comunidad Valenciana<\/strong> y <strong>Murcia<\/strong>. Con el segundo habilitar\u00e1n <strong>230.039 plazas<\/strong> para realizar turismo insular. Dada la relevancia que tienen ambos lotes, es recomendable elegir bien y con antelaci\u00f3n para actuar r\u00e1pido una vez que se abra la comercializaci\u00f3n en agencia.<\/p>\n<p class=\"utilities__marginArticle-3QNA\">La primera opci\u00f3n para visitar las zonas costeras peninsulares tendr\u00e1 un precio de<strong> 228,93 euros<\/strong> si se elige la opci\u00f3n con transporte en la estancia de 8 d\u00edas y 7 noches o <strong>290,06 euros<\/strong> si se escoge la opci\u00f3n de 10 d\u00edas con transporte. En cambio, si se prefiere no pagar transporte el viaje de 8 d\u00edas sale por <strong>210,72 euros<\/strong> y el de 10 d\u00edas por <strong>253,64. <\/strong>La segunda opci\u00f3n es visitar la zona costera insultar (<strong>Islas Baleares)<\/strong> con una oferta de 8 d\u00edas que incluye el transporte por 267,66 y 331,49 si se eligen los 10 d\u00edas. Pero si se prefiere contratar el viaje sin transporte los precios bajan a 210,46 euros por 8 d\u00edas y 253,77 por los 10 d\u00edas.<\/p>\n<h3 class=\"undefined utilities__marginArticle-3QNA color_eta site_font\">Precios m\u00e1s bajos para pensionistas sin recursos<\/h3>\n<p class=\"utilities__marginArticle-3QNA\">En general, los pensionistas pagan un<strong> 77.5% <\/strong>de los gastos y el otro porcentaje restante lo cubre el Imserso pero, dentro de estas plazas, se destina un 1% a aquellos que no dispongan de recursos econ\u00f3micos. Es decir, que dispongan de una cantidad inferior al importe de las pensiones no contributivas de jubilaci\u00f3n  o invalidez de la<strong> Seguridad Social.<\/strong> Por lo tanto, solo tendr\u00e1n que hacerse cargo del <strong>50% del coste <\/strong>de la plaza y la otra mitad ser\u00e1 financiada por la entidad. <\/p>\n<\/div>\n\n<p><em> &#8221; Fuentes www.telecinco.es &#8221; <\/em><\/p>\n","protected":false},"excerpt":{"rendered":"<p>Redacci\u00f3n\/Informativos Telecinco 30\/05\/2023 18:24h. El Imserso para la temporada 2023-2024 trae buenas opciones para viajar a los pensionistas El programa de turismo del Imserso 2022-2023 llega a su fin con los \u00faltimos viajes de mayo y los 30.000 previstos para junio. Pero aquellos que est\u00e9n interesados en inscribirse a los viajes de 2023-2024 solo tendr\u00e1n [&hellip;]<\/p>\n","protected":false},"author":4,"featured_media":549989,"comment_status":"open","ping_status":"closed","sticky":false,"template":"","format":"standard","meta":{"om_disable_all_campaigns":false,"jnews-multi-image_gallery":[],"jnews_single_post":[],"jnews_primary_category":[],"jnews_social_meta":[],"footnotes":""},"categories":[39],"tags":[13282,6495,813,2830,545],"class_list":["post-549988","post","type-post","status-publish","format-standard","has-post-thumbnail","hentry","category-viajes","tag-13282","tag-6495","tag-imserso","tag-mejores","tag-viajes"],"_links":{"self":[{"href":"https:\/\/dimensionturistica.com\/es\/wp-json\/wp\/v2\/posts\/549988","targetHints":{"allow":["GET"]}}],"collection":[{"href":"https:\/\/dimensionturistica.com\/es\/wp-json\/wp\/v2\/posts"}],"about":[{"href":"https:\/\/dimensionturistica.com\/es\/wp-json\/wp\/v2\/types\/post"}],"author":[{"embeddable":true,"href":"https:\/\/dimensionturistica.com\/es\/wp-json\/wp\/v2\/users\/4"}],"replies":[{"embeddable":true,"href":"https:\/\/dimensionturistica.com\/es\/wp-json\/wp\/v2\/comments?post=549988"}],"version-history":[{"count":0,"href":"https:\/\/dimensionturistica.com\/es\/wp-json\/wp\/v2\/posts\/549988\/revisions"}],"wp:featuredmedia":[{"embeddable":true,"href":"https:\/\/dimensionturistica.com\/es\/wp-json\/wp\/v2\/media\/549989"}],"wp:attachment":[{"href":"https:\/\/dimensionturistica.com\/es\/wp-json\/wp\/v2\/media?parent=549988"}],"wp:term":[{"taxonomy":"category","embeddable":true,"href":"https:\/\/dimensionturistica.com\/es\/wp-json\/wp\/v2\/categories?post=549988"},{"taxonomy":"post_tag","embeddable":true,"href":"https:\/\/dimensionturistica.com\/es\/wp-json\/wp\/v2\/tags?post=549988"}],"curies":[{"name":"wp","href":"https:\/\/api.w.org\/{rel}","templated":true}]}}