{"id":549922,"date":"2023-05-30T15:00:09","date_gmt":"2023-05-30T15:00:09","guid":{"rendered":"https:\/\/dimensionturistica.com\/es\/?p=549922"},"modified":"2023-05-30T15:00:09","modified_gmt":"2023-05-30T15:00:09","slug":"conny-braams-maxima-responsable-mundial-de-marketing-de-unilever-saldra-de-la-compania-en-agosto","status":"publish","type":"post","link":"https:\/\/dimensionturistica.com\/es\/conny-braams-maxima-responsable-mundial-de-marketing-de-unilever-saldra-de-la-compania-en-agosto\/","title":{"rendered":"Conny Braams, m\u00e1xima responsable mundial de marketing de Unilever, saldr\u00e1 de la compa\u00f1\u00eda en agosto"},"content":{"rendered":"<p> <br \/>\n<\/p>\n<div itemprop=\"articleBody\">\n<p><a target=\"_blank\" href=\"https:\/\/www.reasonwhy.es\/noticias-sobre\/unilever\" rel=\"noopener\"><strong>Unilever<\/strong><\/a> ha dado a conocer que <strong>Conny Braams<\/strong>, quien ejerce como Chief Digital y Commercial Officer desde abril de 2022 y miembro del Ejecutivo de Liderazgo de Unilever (ULE), ha decidido<strong> dejar la compa\u00f1\u00eda <\/strong>y su salida se har\u00e1 efectiva el pr\u00f3ximo mes de agosto. De esta forma, la directiva pone fin a una relaci\u00f3n de m\u00e1s de tres d\u00e9cadas con la firma comercializadora de marcas como Dove, Magnum o Knorr.<\/p>\n<p>\u201c<span style=\"color:hsl(0,0%,60%);\"><i>Estoy muy agradecido por el excelente liderazgo de Conny en nuestra agenda digital, de marketing y comercial durante los \u00faltimos cuatro a\u00f1os, y por su impresionante contribuci\u00f3n a Unilever durante tres d\u00e9cadas<\/i><\/span>&#8220;; ha comentado Alan Jope, CEO de la multinacional, en un comunicado. &#8220;<span style=\"color:hsl(0,0%,60%);\"><i>Como CDCO, ha ayudado a transformar nuestra empresa en una organizaci\u00f3n totalmente digitalizada y preparada para el futuro<\/i><\/span>\u201d.<\/p>\n<div class=\"sumario\">\n<p>La compa\u00f1\u00eda, de momento, no ha dado indicaciones respecto al sucesor en el puesto<\/p>\n<\/div>\n<p>De momento, Unilever no se ha pronunciado respecto a qu\u00e9 profesional ser\u00e1 el que asuma las responsabilidades que dejar\u00e1 Braams en agosto. Simplemente se ha limitado a se\u00f1alar que \u201c<span style=\"color:hsl(0,0%,60%);\"><i>el sucesor se anunciar\u00e1 a su debido tiempo<\/i><\/span>\u201d.<\/p>\n<p>Por otro lado, la compa\u00f1\u00eda tambi\u00e9n ha comunicado que <strong>Graeme Pitkethly<\/strong>, Chief Financial Officer, ha informado a la junta de su intenci\u00f3n de retirarse a fines de mayo de 2024. Y, en este sentido, la compa\u00f1\u00eda emprender\u00e1 un proceso de b\u00fasqueda formal, tanto a nivel interno como externo, para elegir a un sucesor.<\/p>\n<h2 class=\"ladillo\" id=\"ladillo-2001\">Treinta a\u00f1os en Unilever<\/h2>\n<p>Conny Braams ha desarrollado la totalidad de su trayectoria profesional en el seno de <strong>Unilever, <\/strong>compa\u00f1\u00eda a la que se incorpor\u00f3 en 1990 tras completar su formaci\u00f3n en administraci\u00f3n y gesti\u00f3n de empresas. Su recorrido como parte del equipo de la firma fabricante dio comienzo como Product Manager de las marcas Unox &amp; Cup-a-Soup en Pa\u00edses Bajos, mercado para el que desempe\u00f1\u00f3 distintas responsabilidades vinculadas a marketing, comunicaci\u00f3n y negocio hasta el a\u00f1o 2006.\u00a0<\/p>\n<p>Posteriormente, y durante cuatro a\u00f1os ejerci\u00f3 como<strong> Vicepresidenta de Marketing Foods, Icecream, Home y Personal Care en Espa\u00f1a<\/strong>, para despu\u00e9s asumir las funciones de Vicepresidenta Senior de Unilever para Asia, \u00c1frica y Oriente Medio hasta 2016. Tras esto, regres\u00f3 a Rotterdam en la posici\u00f3n de <strong>Vicepresidenta Ejecutiva para Pa\u00edses Bajos B\u00e9lgica y Luxemburgo<\/strong>, en paralelo con el liderazgo de la divisi\u00f3n de cuidado del hogar para el mercado europeo.\u00a0<\/p>\n<p>M\u00e1s adelante, se desempe\u00f1\u00f3 como Vicepresidenta Ejecutiva de Unilever para Europa Central, antes de asumir, en enero de 2020, el cargo de<strong> Chief Digital y Marketing Officer<\/strong> de la compa\u00f1\u00eda a nivel global. En su \u00faltima etapa, la comprendida desde abril del a\u00f1o pasado hasta ahora, Braams ha trabajado en la posici\u00f3n de <strong>Chief Digital y Commercial Officer <\/strong>liderando la transformaci\u00f3n digital, la estrategia de marketing y las ventas de la compa\u00f1\u00eda.\u00a0<\/p>\n<section class=\"bloque-intertext\">\n<h2><span class=\"text-uppercase text-12 font-weight-bold\">Noticias Relacionadas<\/span><\/h2>\n<article class=\"noticia-relacionada d-flex align-items-center mb-4\">\n<figure class=\"image\"><img decoding=\"async\" src=\"https:\/\/www.reasonwhy.es\/media\/cache\/noticia_relacionada\/media\/library\/dove-real-virtual-beauty.jpg\"\/><\/figure>\n<h3 class=\"title text-20 w-75 ml-4\"\/>\n<p><a target=\"_blank\" href=\"https:\/\/www.reasonwhy.es\/actualidad\/heroina-videojuego-decide-mostrarse-como-es-nueva-campana-dove-belleza-real-mundo-virtual\" rel=\"noopener\">La hero\u00edna de un videojuego muestra su belleza real en una nueva campa\u00f1a de Dove<\/a><\/p>\n<p><span class=\"entity-noticias-relacionadas\" hidden=\"hidden\">{&#8220;id&#8221;:24463,&#8221;titular&#8221;:&#8221;La hero\u00edna de un videojuego muestra su belleza real en una nueva campa\u00f1a de Dove&#8221;,&#8221;prefijo&#8221;:null,&#8221;slug&#8221;:null,&#8221;image&#8221;:&#8221;https:\/\/www.reasonwhy.es\/media\/cache\/noticia_relacionada\/media\/library\/dove-real-virtual-beauty.jpg&#8221;,&#8221;path&#8221;:&#8221;https:\/\/www.reasonwhy.es\/actualidad\/heroina-videojuego-decide-mostrarse-como-es-nueva-campana-dove-belleza-real-mundo-virtual&#8221;}<\/span><\/article>\n<article class=\"noticia-relacionada d-flex align-items-center mb-4\">\n<figure class=\"image\"><img decoding=\"async\" src=\"https:\/\/www.reasonwhy.es\/media\/cache\/noticia_relacionada\/media\/library\/magnum-jkve-nasa-sol-2.jpg\"\/><\/figure>\n<h3 class=\"title text-20 w-75 ml-4\"\/>\n<p><a target=\"_blank\" href=\"https:\/\/www.reasonwhy.es\/actualidad\/magnum-cantante-jvke-nasa-crean-cancion-sonidos-sol-starchaser-sunlover-helados\" rel=\"noopener\">Magnum, el cantante JVKE y la NASA crean una canci\u00f3n con los sonidos del sol<\/a><\/p>\n<p><span class=\"entity-noticias-relacionadas\" hidden=\"hidden\">{&#8220;id&#8221;:24485,&#8221;titular&#8221;:&#8221;Magnum, el cantante JVKE y la NASA crean una canci\u00f3n con los sonidos del sol&#8221;,&#8221;prefijo&#8221;:null,&#8221;slug&#8221;:null,&#8221;image&#8221;:&#8221;https:\/\/www.reasonwhy.es\/media\/cache\/noticia_relacionada\/media\/library\/magnum-jkve-nasa-sol-2.jpg&#8221;,&#8221;path&#8221;:&#8221;https:\/\/www.reasonwhy.es\/actualidad\/magnum-cantante-jvke-nasa-crean-cancion-sonidos-sol-starchaser-sunlover-helados&#8221;}<\/span><\/article>\n<\/section>\n<p>Conny Braams fue designada <a target=\"_blank\" href=\"https:\/\/www.reasonwhy.es\/actualidad\/conny-braams-unilever-wfa-directora-marketing-2021\" rel=\"noopener\"><strong>Directora de Marketing del a\u00f1o 2021 por la World Federation of Advertisers (WFA).<\/strong><\/a> De ella se destac\u00f3, entre otras cosas, su papel en el impulso de la transformaci\u00f3n digital y el marketing end-to-end de la compa\u00f1\u00eda en todo el mundo, as\u00ed como en inteligencia artificial y machine learning, y en la consolidaci\u00f3n de nuevas alianzas.<\/p>\n<p>\u201c<span style=\"color:hsl(0,0%,60%);\"><i>Ha demostrado c\u00f3mo el marketing, cuando se realiza con empat\u00eda, puede ayudar a resolver los desaf\u00edos de los consumidores, garantizar que las marcas se enfoquen en brindar no solo valor sino tambi\u00e9n valores, y se destaquen en la cultura<\/i><\/span>\u201d, apuntaron desde la federaci\u00f3n.\u00a0<\/p>\n<\/p><\/div>\n\n<p><em> \u2018 The preceding article may include information circulated by third parties \u2019 <\/em><\/p>\n<p><em> \u2018 Some details of this article were extracted from the following source www.reasonwhy.es \u2019 <\/em><\/p>\n","protected":false},"excerpt":{"rendered":"<p>Unilever ha dado a conocer que Conny Braams, quien ejerce como Chief Digital y Commercial Officer desde abril de 2022 y miembro del Ejecutivo de Liderazgo de Unilever (ULE), ha decidido dejar la compa\u00f1\u00eda y su salida se har\u00e1 efectiva el pr\u00f3ximo mes de agosto. De esta forma, la directiva pone fin a una relaci\u00f3n [&hellip;]<\/p>\n","protected":false},"author":2,"featured_media":549923,"comment_status":"open","ping_status":"closed","sticky":false,"template":"","format":"standard","meta":{"om_disable_all_campaigns":false,"jnews-multi-image_gallery":[],"jnews_single_post":[],"jnews_primary_category":[],"jnews_social_meta":[],"footnotes":""},"categories":[43],"tags":[68695,68700,68699,68697,65628,68696,68698],"class_list":["post-549922","post","type-post","status-publish","format-standard","has-post-thumbnail","hentry","category-gourmet","tag-conny-braams","tag-conny-braams-deja-unilever","tag-conny-braams-sale-unilever","tag-director-marketing-unilever","tag-unilever","tag-unilever-conny-braams","tag-unilever-directora-marketing"],"_links":{"self":[{"href":"https:\/\/dimensionturistica.com\/es\/wp-json\/wp\/v2\/posts\/549922","targetHints":{"allow":["GET"]}}],"collection":[{"href":"https:\/\/dimensionturistica.com\/es\/wp-json\/wp\/v2\/posts"}],"about":[{"href":"https:\/\/dimensionturistica.com\/es\/wp-json\/wp\/v2\/types\/post"}],"author":[{"embeddable":true,"href":"https:\/\/dimensionturistica.com\/es\/wp-json\/wp\/v2\/users\/2"}],"replies":[{"embeddable":true,"href":"https:\/\/dimensionturistica.com\/es\/wp-json\/wp\/v2\/comments?post=549922"}],"version-history":[{"count":0,"href":"https:\/\/dimensionturistica.com\/es\/wp-json\/wp\/v2\/posts\/549922\/revisions"}],"wp:featuredmedia":[{"embeddable":true,"href":"https:\/\/dimensionturistica.com\/es\/wp-json\/wp\/v2\/media\/549923"}],"wp:attachment":[{"href":"https:\/\/dimensionturistica.com\/es\/wp-json\/wp\/v2\/media?parent=549922"}],"wp:term":[{"taxonomy":"category","embeddable":true,"href":"https:\/\/dimensionturistica.com\/es\/wp-json\/wp\/v2\/categories?post=549922"},{"taxonomy":"post_tag","embeddable":true,"href":"https:\/\/dimensionturistica.com\/es\/wp-json\/wp\/v2\/tags?post=549922"}],"curies":[{"name":"wp","href":"https:\/\/api.w.org\/{rel}","templated":true}]}}