{"id":549506,"date":"2023-05-29T14:22:29","date_gmt":"2023-05-29T14:22:29","guid":{"rendered":"https:\/\/dimensionturistica.com\/es\/?p=549506"},"modified":"2023-05-29T14:22:29","modified_gmt":"2023-05-29T14:22:29","slug":"que-pasa-si-tengo-un-viaje-y-me-toca-ser-miembro-de-la-mesa-electoral-el-23-de-julio","status":"publish","type":"post","link":"https:\/\/dimensionturistica.com\/es\/que-pasa-si-tengo-un-viaje-y-me-toca-ser-miembro-de-la-mesa-electoral-el-23-de-julio\/","title":{"rendered":"qu\u00e9 pasa si tengo un viaje y me toca ser miembro de la mesa electoral el 23 de julio"},"content":{"rendered":"<p> <br \/>\n<\/p>\n<div id=\"content\">\n<p>Este lunes, el presidente del Gobierno, Pedro S\u00e1nchez, ha anunciado la convocatoria anticipada de las <a rel=\"nofollow noopener\" target=\"_blank\" href=\"https:\/\/www.eleconomista.es\/tags\/elecciones\">elecciones <\/a>generales de 2023, que estaban previstas para final de a\u00f1o. La nueva fecha para la realizaci\u00f3n de estos comicios ser\u00e1 el 23 de julio, en plena temporada estival.<\/p>\n<p>La mayor\u00eda de los espa\u00f1oles tienen durante el mes de julio sus vacaciones laborales, por lo que, a punto de comenzar el mes de junio, ya son muchos los que tienen reservada la estancia o los vuelos para sus vacaciones. Ahora, la duda es la siguiente: <b>\u00bfQu\u00e9 pasa si me toca estar en una mesa electoral el 23 de julio y ya tengo reservado un viaje?  <\/b><\/p>\n<p>Pues bien, la presencia en una mesa electoral durante los comicios es obligatoria: &#8220;Los cargos de Presidente y Vocal de las Mesas Electorales<b> son obligatorios&#8221;,<\/b> se contempla en la Ley Org\u00e1nica 5\/1985, de 19 de junio, del R\u00e9gimen Electoral General. Sin embargo, hay algunas excepciones que pueden justificar la ausencia durante el pr\u00f3ximo 23 de julio. <\/p>\n<p>Tras recibir la notificaci\u00f3n, los miembros de las mesas electorales disponen de un plazo de siete d\u00edas para alegar ante la Junta Electoral de Zona <b>una causa justificada y documentada<\/b> que les impida la aceptaci\u00f3n del cargo.<\/p>\n<h2>Causa que te eximen de participar en la mesa electoral <\/h2>\n<p>Estas causas justificadas est\u00e1n contempladas en la <a rel=\"nofollow noopener\" target=\"_blank\" href=\"https:\/\/www.boe.es\/buscar\/pdf\/2011\/BOE-A-2011-7705-consolidado.pdf\">Instrucci\u00f3n 6\/2011, de 28 de abril<\/a>, de la Junta Electoral Central, de interpretaci\u00f3n del art\u00edculo 27.3 de la Ley Org\u00e1nica del R\u00e9gimen Electoral General, <b>sobre impedimentos y excusas justificadas<\/b> para los cargos de Presidente y Vocal de las Mesas Electorales. <\/p>\n<p>En total, hay tres tipos de justificaciones. En primer lugar,<b> las situaciones personales,<\/b> donde se incluye ser mayor de 65 a\u00f1os, discapacidad, incapacidad permanente o temporal, la gestaci\u00f3n a partir de los seis meses de embarazo o el periodo de descanso maternal, el internamiento en centros penitenciarios u hospitales psiqui\u00e1tricos, as\u00ed como la lesi\u00f3n, dolencia o enfermedad f\u00edsica o ps\u00edquica o la condici\u00f3n de v\u00edctima de un delito. Tambi\u00e9n la pertenencia a confesiones o comunidades religiosas incompatibles con la participaci\u00f3n en una mesa electoral o el cambio de residencia a otra regi\u00f3n, entre otras cosas. <\/p>\n<p>En segundo lugar, est\u00e1 la justificaci\u00f3n relacionada con las <b>responsabilidades familiares<\/b>, como el cuidado directo o continuo de menores de ocho a\u00f1os o personas con discapacidad, entre otras, mientras que en tercer lugar se encuentran las<b> responsabilidades profesionales<\/b>, encaminadas a quienes trabajen en el \u00e1mbito sanitario, quienes cubran el evento en un medio de comunicaci\u00f3n o los que participen en acontecimientos p\u00fablicos durante el d\u00eda de la votaci\u00f3n.  <\/p>\n<h2>La Junta toma la decisi\u00f3n final   <\/h2>\n<p>Como se puede ver en este resumen de justificaciones para librarse de participar en la Junta Electoral Central, no hay ninguna excepci\u00f3n que recoja los viajes de ocio como una causa justificada para no asumir el cargo, aunque<b> el interesado podr\u00eda presentar una alegaci\u00f3n<\/b>, enviando toda la documentaci\u00f3n que tenga en cuanto a las reservas de vuelos y alojamientos, demostrando as\u00ed los gastos que le han supuesto ese viaje.  <\/p>\n<p>En este caso, ser\u00e1 la Junta Electoral Central la que tenga la \u00faltima palabra a la hora de eximir al miembro de la mesa electoral de su cargo, siempre en caso de que <b>este viaje se haya reservado con anterioridad<\/b> a conocer la obligatoriedad de estar presente en la mesa, alegando un perjuicio econ\u00f3mico.\u00a0<\/p>\n<p>Una vez que la Junta reciba la alegaci\u00f3n con la documentaci\u00f3n que demuestre que ese viaje ya estaba programado con anterioridad, <b>tendr\u00e1 un plazo de cinco d\u00edas<\/b> para dar respuesta al miembro de la mesa y comunicarle si es eximido o no de su responsabilidad el d\u00eda de las elecciones.<\/p>\n<hr\/>\n<hr\/>\n<hr\/>\n<\/div>\n\n<p><em> &#8221; Fuentes www.eleconomista.es &#8221; <\/em><\/p>\n","protected":false},"excerpt":{"rendered":"<p>Este lunes, el presidente del Gobierno, Pedro S\u00e1nchez, ha anunciado la convocatoria anticipada de las elecciones generales de 2023, que estaban previstas para final de a\u00f1o. La nueva fecha para la realizaci\u00f3n de estos comicios ser\u00e1 el 23 de julio, en plena temporada estival. La mayor\u00eda de los espa\u00f1oles tienen durante el mes de julio [&hellip;]<\/p>\n","protected":false},"author":4,"featured_media":549507,"comment_status":"open","ping_status":"closed","sticky":false,"template":"","format":"standard","meta":{"om_disable_all_campaigns":false,"jnews-multi-image_gallery":[],"jnews_single_post":[],"jnews_primary_category":[],"jnews_social_meta":[],"footnotes":""},"categories":[39],"tags":[707],"class_list":["post-549506","post","type-post","status-publish","format-standard","has-post-thumbnail","hentry","category-viajes","tag-actualidad"],"_links":{"self":[{"href":"https:\/\/dimensionturistica.com\/es\/wp-json\/wp\/v2\/posts\/549506","targetHints":{"allow":["GET"]}}],"collection":[{"href":"https:\/\/dimensionturistica.com\/es\/wp-json\/wp\/v2\/posts"}],"about":[{"href":"https:\/\/dimensionturistica.com\/es\/wp-json\/wp\/v2\/types\/post"}],"author":[{"embeddable":true,"href":"https:\/\/dimensionturistica.com\/es\/wp-json\/wp\/v2\/users\/4"}],"replies":[{"embeddable":true,"href":"https:\/\/dimensionturistica.com\/es\/wp-json\/wp\/v2\/comments?post=549506"}],"version-history":[{"count":0,"href":"https:\/\/dimensionturistica.com\/es\/wp-json\/wp\/v2\/posts\/549506\/revisions"}],"wp:featuredmedia":[{"embeddable":true,"href":"https:\/\/dimensionturistica.com\/es\/wp-json\/wp\/v2\/media\/549507"}],"wp:attachment":[{"href":"https:\/\/dimensionturistica.com\/es\/wp-json\/wp\/v2\/media?parent=549506"}],"wp:term":[{"taxonomy":"category","embeddable":true,"href":"https:\/\/dimensionturistica.com\/es\/wp-json\/wp\/v2\/categories?post=549506"},{"taxonomy":"post_tag","embeddable":true,"href":"https:\/\/dimensionturistica.com\/es\/wp-json\/wp\/v2\/tags?post=549506"}],"curies":[{"name":"wp","href":"https:\/\/api.w.org\/{rel}","templated":true}]}}