{"id":547101,"date":"2023-05-27T09:18:16","date_gmt":"2023-05-27T09:18:16","guid":{"rendered":"https:\/\/dimensionturistica.com\/es\/?p=547101"},"modified":"2023-05-27T09:18:16","modified_gmt":"2023-05-27T09:18:16","slug":"iberia-trabaja-en-revisar-minuciosamente-los-viajes-de-personas-con-discapacidad-lider-en-informacion-social","status":"publish","type":"post","link":"https:\/\/dimensionturistica.com\/es\/iberia-trabaja-en-revisar-minuciosamente-los-viajes-de-personas-con-discapacidad-lider-en-informacion-social\/","title":{"rendered":"Iberia trabaja en &#8220;revisar minuciosamente&#8221; los viajes de personas con discapacidad | L\u00edder en Informaci\u00f3n Social"},"content":{"rendered":"<p> <br \/>\n<\/p>\n<p><h2>La compa\u00f1\u00eda Iberia trabaja en &#8220;revisar minuciosamente&#8221; los viajes a bordo de sus aviones que realizan las personas con discapacidad para que no ocurran sobresaltos como, por ejemplo, la p\u00e9rdida de una silla de ruedas.<\/h2>\n<\/p>\n<div>\n<p>Teresa Parejo, directora de Sostenibilidad de Iberia, hizo esta consideraci\u00f3n en el di\u00e1logo \u2018Impacto social de las empresas\u2019, organizado por Servimedia y en el que tambi\u00e9n participaron Virginia R\u00f3denas, directora de Comunicaci\u00f3n de Envera (asociaci\u00f3n de empleados de Iberia que son padres de personas con discapacidad); Pilar Hernandis, presidenta de Mano a Mano, y Sarai Gasc\u00f3n, ocho veces medallista paral\u00edmpica en nataci\u00f3n y miembro del equipo &#8216;Talento a Bordo&#8217; de Iberia.<\/p>\n<p>Parejo record\u00f3 que Iberia mantuvo un encuentro con el Comit\u00e9 Paral\u00edmpico Espa\u00f1ol (CPE) antes de los Juegos Paral\u00edmpicos de Tokio 2020 en el que participaron deportistas y personal de la compa\u00f1\u00eda a\u00e9rea que iba a tener &#8220;trato directo&#8221; con el equipo paral\u00edmpico nacional en su viaje a tierras niponas.<\/p>\n<p>Con ello, Iberia quiso &#8220;identificar cu\u00e1les eran los verdaderos problemas y tambi\u00e9n sus sensaciones, no solamente las cuestiones mec\u00e1nicas, sino tambi\u00e9n c\u00f3mo se sent\u00edan ellos para intentar hacer que su viaje pr\u00f3ximo sea lo m\u00e1s placentero posible porque ya llevan una carga de nervios&#8221;, seg\u00fan Parejo, quien a\u00f1adi\u00f3: &#8220;Estamos todav\u00eda trabajando en ello&#8221;.<\/p>\n<p>\u201cQUEREMOS MEJORAR\u201d<\/p>\n<p>A este respecto, Parejo coment\u00f3 que una compa\u00f1\u00eda a\u00e9rea &#8220;no quiere&#8221; que una persona con discapacidad se baje del avi\u00f3n y no encuentre su silla de ruedas. &#8220;Es como si te quitan las piernas&#8221;, apunt\u00f3, antes de subrayar: &#8220;Queremos mejorar todo esto y revisar minuciosamente toda la experiencia del viaje para detectar todos esos problemas y minimizar las posibles complicaciones&#8221;.<\/p>\n<p>Por su parte, Sarai Gasc\u00f3n indic\u00f3 que &#8220;el equipo paral\u00edmpico tiene necesidades espec\u00edficas&#8221; cuando emprende viajes en avi\u00f3n. <\/p>\n<p>&#8220;Cada uno de nosotros somos muy diferentes. Yo tengo una discapacidad f\u00edsica, me falta una mano, pero otra persona tiene una discapacidad visual, otra persona va en silla de ruedas&#8230; Todo eso tambi\u00e9n es muy complejo y est\u00e1 bien que estemos en contacto para solventar peque\u00f1as cosas y ayudarnos mutuamente para poder viajar juntos de la mejor manera posible&#8221;, concluy\u00f3.<\/p>\n<\/p><\/div>\n\n<p><em> &#8221; Fuentes www.servimedia.es &#8221; <\/em><\/p>\n","protected":false},"excerpt":{"rendered":"<p>La compa\u00f1\u00eda Iberia trabaja en &#8220;revisar minuciosamente&#8221; los viajes a bordo de sus aviones que realizan las personas con discapacidad para que no ocurran sobresaltos como, por ejemplo, la p\u00e9rdida de una silla de ruedas. Teresa Parejo, directora de Sostenibilidad de Iberia, hizo esta consideraci\u00f3n en el di\u00e1logo \u2018Impacto social de las empresas\u2019, organizado por [&hellip;]<\/p>\n","protected":false},"author":4,"featured_media":547102,"comment_status":"open","ping_status":"closed","sticky":false,"template":"","format":"standard","meta":{"om_disable_all_campaigns":false,"jnews-multi-image_gallery":[],"jnews_single_post":[],"jnews_primary_category":[],"jnews_social_meta":[],"footnotes":""},"categories":[39],"tags":[65646,8956,808,22532,68599,1907,68598],"class_list":["post-547101","post","type-post","status-publish","format-standard","has-post-thumbnail","hentry","category-viajes","tag-discamedia","tag-discapacidad","tag-iberia","tag-personas-con-discapacidad","tag-sarai-gascon","tag-sociedad","tag-teresa-parejo"],"_links":{"self":[{"href":"https:\/\/dimensionturistica.com\/es\/wp-json\/wp\/v2\/posts\/547101","targetHints":{"allow":["GET"]}}],"collection":[{"href":"https:\/\/dimensionturistica.com\/es\/wp-json\/wp\/v2\/posts"}],"about":[{"href":"https:\/\/dimensionturistica.com\/es\/wp-json\/wp\/v2\/types\/post"}],"author":[{"embeddable":true,"href":"https:\/\/dimensionturistica.com\/es\/wp-json\/wp\/v2\/users\/4"}],"replies":[{"embeddable":true,"href":"https:\/\/dimensionturistica.com\/es\/wp-json\/wp\/v2\/comments?post=547101"}],"version-history":[{"count":0,"href":"https:\/\/dimensionturistica.com\/es\/wp-json\/wp\/v2\/posts\/547101\/revisions"}],"wp:featuredmedia":[{"embeddable":true,"href":"https:\/\/dimensionturistica.com\/es\/wp-json\/wp\/v2\/media\/547102"}],"wp:attachment":[{"href":"https:\/\/dimensionturistica.com\/es\/wp-json\/wp\/v2\/media?parent=547101"}],"wp:term":[{"taxonomy":"category","embeddable":true,"href":"https:\/\/dimensionturistica.com\/es\/wp-json\/wp\/v2\/categories?post=547101"},{"taxonomy":"post_tag","embeddable":true,"href":"https:\/\/dimensionturistica.com\/es\/wp-json\/wp\/v2\/tags?post=547101"}],"curies":[{"name":"wp","href":"https:\/\/api.w.org\/{rel}","templated":true}]}}