{"id":547065,"date":"2023-05-27T04:24:12","date_gmt":"2023-05-27T04:24:12","guid":{"rendered":"https:\/\/dimensionturistica.com\/es\/?p=547065"},"modified":"2023-05-27T04:24:12","modified_gmt":"2023-05-27T04:24:12","slug":"los-hoteles-de-benidorm-rechazan-la-obligacion-de-dar-a-la-policia-decenas-de-datos-de-todos-sus-clientes","status":"publish","type":"post","link":"https:\/\/dimensionturistica.com\/es\/los-hoteles-de-benidorm-rechazan-la-obligacion-de-dar-a-la-policia-decenas-de-datos-de-todos-sus-clientes\/","title":{"rendered":"Los hoteles de Benidorm rechazan la obligaci\u00f3n de dar a la Polic\u00eda decenas de datos de todos sus clientes"},"content":{"rendered":"<p> <br \/>\n<\/p>\n<div>\n<p class=\"paragraph\" id=\"paragraph_1\">El 27 de abril de 2022 entr\u00f3 en vigor <a rel=\"nofollow noopener\" target=\"_blank\" href=\"https:\/\/www.boe.es\/diario_boe\/txt.php?id=BOE-A-2021-17461\">el\u00a0Real Decreto 933\/2021, de 26 de octubre<\/a>, por el que se establecen las obligaciones de registro documental e informaci\u00f3n<span>\u00a0<\/span><strong>de las personas f\u00edsicas o jur\u00eddicas que ejercen actividades de hospedaje<\/strong><span>\u00a0<\/span>y alquiler de veh\u00edculos a motor.<\/p>\n<p class=\"paragraph\" id=\"paragraph_2\">Esta norma, que afecta fundamentalmente a la informaci\u00f3n que tienen que registrar las empresas tur\u00edsticas para d\u00e1rsela a la Polic\u00eda, se dej\u00f3 en suspenso durante al menos un a\u00f1o para <strong>preparar el sistema inform\u00e1tico que lo gestionase.<\/strong> A fecha de hoy sigue sin estar activo, pero es que las empresas que lo tienen que aplicar, agencias de viajes, hoteles y empresas de alquiler de coches, lo consideran &#8220;absolutamente inviable&#8221; y han pedido al Ejecutivo que lo retire.\u00a0<\/p>\n<p class=\"paragraph\" id=\"paragraph_3\">Es el caso de Benidorm, ciudad con m\u00e1s de 40.000 plazas hoteleras, donde la patronal Hosbec ha tachado de &#8220;absurdo&#8221; que se pretenda poner en vigor definitivamente en 2024 esta medida. <strong>&#8220;No somos polic\u00edas<\/strong>, y no es nuestro trabajo tener que ofrecer al Gobierno datos tan sensibles de todos nuestros clientes&#8221;, explica la secretaria general de Hosbec, <strong>Nuria Montes.\u00a0<\/strong><\/p>\n<p class=\"paragraph\" id=\"paragraph_4\">[<a rel=\"nofollow noopener\" target=\"_blank\" href=\"https:\/\/www.elespanol.com\/alicante\/20220408\/indignacion-turismo-obliga-enviar-policia-decenas-clientes\/663184177_0.amp.html\" data-amp-replace=\"CLIENT_ID\" data-amp-addparams=\"reader_id=CLIENT_ID(amp-access)\"><em>Indignaci\u00f3n en el turismo por una ley que obliga a enviar a la Polic\u00eda informaci\u00f3n de todos los clientes<\/em><\/a>]<\/p>\n<p class=\"paragraph\" id=\"paragraph_5\">\u00bfEn qu\u00e9 consiste esta Ley? Pues fundamentalmente en pasar de la ficha actual que registran las empresas tur\u00edsticas, y que incluye nombre, apellidos y DNI,<span>\u00a0<\/span><strong>a tener que fiscalizar a todos los turistas<\/strong><span>\u00a0<\/span>(incluidos los menores de 14 a\u00f1os con datos proporcionados por sus acompa\u00f1antes) con una ingente cantidad de informaci\u00f3n.<\/p>\n<p class=\"paragraph\" id=\"paragraph_6\">A saber: nombre, apellidos, sexo, tipo de documento de identidad y n\u00famero, nacionalidad, fecha de nacimiento, lugar de residencia habitual, direcci\u00f3n completa, tel\u00e9fono fijo y m\u00f3vil, correo electr\u00f3nico, numero de viajeros y<strong><span>\u00a0<\/span>relaci\u00f3n de parentesco<\/strong><span>\u00a0<\/span>entre ellos (en el caso de que alguno sea menor de edad).<\/p>\n<p class=\"paragraph\" id=\"paragraph_7\">La normativa afecta incluso a <span\/><strong>los detalles de la transacci\u00f3n:<\/strong><span>\u00a0<\/span>datos del contrato, n\u00famero de referencia y firmas; informaci\u00f3n de la ejecuci\u00f3n del contrato como fechas de entrada y salida, datos del inmueble y su direcci\u00f3n, n\u00famero de habitaciones y<strong><span>\u00a0<\/span>si tiene conexi\u00f3n a internet<\/strong>; tambi\u00e9n el tipo de pago\u00a0(efectivo, tarjeta de cr\u00e9dito, plataforma de pago, transferencia&#8230;), identificaci\u00f3n del medio de pago (tipo de tarjeta y n\u00famero, IBAN cuenta bancaria, soluci\u00f3n de pago por m\u00f3vil&#8230;), titular y fecha de caducidad de la tarjeta, si procede.<\/p>\n<p><amp-ad data-block-on-consent=\"_auto_reject\" data-cid=\"3a3af678-3ecb-45f3-83a7-bd8efcd6bc5c\" data-html-access-allowed=\"true\" height=\"3\" layout=\"responsive\" type=\"sunmedia\" width=\"4\" class=\"i-amphtml-layout-responsive i-amphtml-layout-size-defined\" i-amphtml-layout=\"responsive\"><i-amphtml-sizer slot=\"i-amphtml-svc\" style=\"display:block;padding-top:75%\"\/><br \/>\n                    <\/amp-ad><\/p>\n<p class=\"paragraph\" id=\"paragraph_8\">Y todo eso lo tienen que gestionar las empresas, algo a lo que no est\u00e1n dispuestos los empresarios tur\u00edsticos. As\u00ed qued\u00f3 tambi\u00e9n patente en <strong>la Comisi\u00f3n de Turismo de la Confederaci\u00f3n Empresarial de la Comunidad Valenciana<\/strong> (CEV), reunida a principios de mayo, en la que se acord\u00f3 de forma un\u00e1nime solicitar al Gobierno de Espa\u00f1a (y en concreto al Ministerio del Interior junto con el Ministerio de Turismo), la modificaci\u00f3n de este Real Decreto.<\/p>\n<h3 class=\"content__summary-title\">&#8220;Datos sensibles&#8221;<\/h3>\n<p class=\"paragraph\" id=\"paragraph_9\">En este sentido, CEV record\u00f3 que con esta norma<strong> &#8220;todas estas empresas estar\u00e1n obligadas<\/strong> a comunicar a las Fuerzas y Cuerpos de Seguridad del Estado decenas de datos sensibles de los clientes, como datos de las tarjetas bancarias y de las transacciones de pago y otros datos econ\u00f3micos, datos de movilidad y GPS de veh\u00edculos o n\u00fameros de tel\u00e9fono&#8221;.<\/p>\n<p class=\"paragraph\" id=\"paragraph_10\">Esta normativa, adem\u00e1s, hace responsable a las empresas tur\u00edsticas &#8220;de la veracidad de los datos aportados, as\u00ed como contempla <strong>un estricto r\u00e9gimen sancionador con multas de hasta 30.000 euros&#8221;.<\/strong> Hasta ahora, la aplicaci\u00f3n pr\u00e1ctica de este Real Decreto est\u00e1 siendo muy limitada porque la plataforma digital del Ministerio habilitada para ello no funciona correctamente y &#8220;hace inviable la transmisi\u00f3n de estos datos&#8221;.<\/p>\n<p>Desde el sector empresarial se recalc\u00f3 que la seguridad <strong>&#8220;es una prioridad estrat\u00e9gica para todos,<\/strong> pero que debe limitarse al control de los datos que aparecen en DNI o pasaporte, siendo inviable t\u00e9cnica y jur\u00eddicamente la aportaci\u00f3n del resto de los datos&#8221;.<\/p>\n<p class=\"paragraph\" id=\"paragraph_11\">&#8220;Espa\u00f1a es el \u00fanico pa\u00eds de la Uni\u00f3n Europea que hace este tr\u00e1mite, y los servicios jur\u00eddicos est\u00e1n estudiando si esta normativa<strong> puede incumplir e invadir la normativa<\/strong> europea en materia de servicios de pago, protecci\u00f3n de datos personales y libre circulaci\u00f3n de personas&#8221;, agregaron las mismas fuentes.\u00a0<\/p>\n<p>Varios representantes de CEV recordaron que lo m\u00e1s productivo es &#8220;vigilar la seguridad y la identificaci\u00f3n de viajeros de aquellas modalidades de alojamiento en los que ahora mismo se escapan, <strong>como una gran parte de las viviendas tur\u00edsticas&#8221;.<\/strong><\/p>\n<p>Por ello, desde la patronal se remitir\u00e1 escrito a ambos ministerios solicitando la modificaci\u00f3n urgente Del Real Decreto, &#8220;limitando la comunicaci\u00f3n de datos a lo que <strong>se recojan en los DNI y pasaportes<\/strong>, y eximiendo de ninguna obligaci\u00f3n de comunicaci\u00f3n a las agencias de viaje sobre las reservas efectuadas por sus clientes&#8221;. <\/p>\n<\/p><\/div>\n\n<p><em> &#8221; Fuentes www.elespanol.com &#8221; <\/em><\/p>\n","protected":false},"excerpt":{"rendered":"<p>El 27 de abril de 2022 entr\u00f3 en vigor el\u00a0Real Decreto 933\/2021, de 26 de octubre, por el que se establecen las obligaciones de registro documental e informaci\u00f3n\u00a0de las personas f\u00edsicas o jur\u00eddicas que ejercen actividades de hospedaje\u00a0y alquiler de veh\u00edculos a motor. Esta norma, que afecta fundamentalmente a la informaci\u00f3n que tienen que registrar [&hellip;]<\/p>\n","protected":false},"author":4,"featured_media":547066,"comment_status":"open","ping_status":"closed","sticky":false,"template":"","format":"standard","meta":{"om_disable_all_campaigns":false,"jnews-multi-image_gallery":[],"jnews_single_post":[],"jnews_primary_category":[],"jnews_social_meta":[],"footnotes":""},"categories":[40],"tags":[19663,862,3005,1289,12210,544],"class_list":["post-547065","post","type-post","status-publish","format-standard","has-post-thumbnail","hentry","category-industria","tag-alicante-provincia","tag-benidorm","tag-comunidad-valenciana","tag-hoteles","tag-proteccion-de-datos","tag-turismo"],"_links":{"self":[{"href":"https:\/\/dimensionturistica.com\/es\/wp-json\/wp\/v2\/posts\/547065","targetHints":{"allow":["GET"]}}],"collection":[{"href":"https:\/\/dimensionturistica.com\/es\/wp-json\/wp\/v2\/posts"}],"about":[{"href":"https:\/\/dimensionturistica.com\/es\/wp-json\/wp\/v2\/types\/post"}],"author":[{"embeddable":true,"href":"https:\/\/dimensionturistica.com\/es\/wp-json\/wp\/v2\/users\/4"}],"replies":[{"embeddable":true,"href":"https:\/\/dimensionturistica.com\/es\/wp-json\/wp\/v2\/comments?post=547065"}],"version-history":[{"count":0,"href":"https:\/\/dimensionturistica.com\/es\/wp-json\/wp\/v2\/posts\/547065\/revisions"}],"wp:featuredmedia":[{"embeddable":true,"href":"https:\/\/dimensionturistica.com\/es\/wp-json\/wp\/v2\/media\/547066"}],"wp:attachment":[{"href":"https:\/\/dimensionturistica.com\/es\/wp-json\/wp\/v2\/media?parent=547065"}],"wp:term":[{"taxonomy":"category","embeddable":true,"href":"https:\/\/dimensionturistica.com\/es\/wp-json\/wp\/v2\/categories?post=547065"},{"taxonomy":"post_tag","embeddable":true,"href":"https:\/\/dimensionturistica.com\/es\/wp-json\/wp\/v2\/tags?post=547065"}],"curies":[{"name":"wp","href":"https:\/\/api.w.org\/{rel}","templated":true}]}}