{"id":545771,"date":"2023-05-26T13:27:59","date_gmt":"2023-05-26T13:27:59","guid":{"rendered":"https:\/\/dimensionturistica.com\/es\/?p=545771"},"modified":"2023-05-26T13:27:59","modified_gmt":"2023-05-26T13:27:59","slug":"el-crucero-carnival-pride-abandona-el-astillero-de-cadiz","status":"publish","type":"post","link":"https:\/\/dimensionturistica.com\/es\/el-crucero-carnival-pride-abandona-el-astillero-de-cadiz\/","title":{"rendered":"El crucero &#8220;Carnival Pride&#8221; abandona el astillero de C\u00e1diz"},"content":{"rendered":"<p> <br \/>\n<\/p>\n<div>\n<p>El <strong>crucero &#8220;Carnival Pride&#8221;<\/strong> ha salido esta ma\u00f1ana de los <strong>astilleros de C\u00e1diz<\/strong> tras una <strong>remodelaci\u00f3n &#8220;de proa a popa&#8221;<\/strong>, que lo ha tenido un mes en el dique.<\/p>\n<p>Entre los trabajos realizados est\u00e1 el <strong>pintado exterior<\/strong>, que sirve como emblema de la compa\u00f1\u00eda y adem\u00e1s como protecci\u00f3n ante la corrosi\u00f3n y organismos no deseados como algas o percebes.<\/p>\n<p>Se trata de un <strong>buque con capacidad para dos mil cien pasajeros<\/strong> que tambi\u00e9n ha sufrido un importante cambio en su interior, desde <strong>renovaci\u00f3n de suelos y mejora de la zona de ba\u00f1o<\/strong>, hasta la incorporaci\u00f3n de <strong>nuevos bares<\/strong> y de un asador de dos cubiertas.<\/p>\n<p>El crucero <strong>lleg\u00f3 el 28 de abril a la factor\u00eda de reparaciones de Navantia<\/strong> en C\u00e1diz para una remodelaci\u00f3n casi completa.<\/p>\n<p>Ahora ofrecer\u00e1 quince <strong>cruceros por Europa<\/strong> hasta finales de octubre.<\/p>\n<\/p><\/div>\n<p><script>(function(d, s, id) {\n\t  var js, fjs = d.getElementsByTagName(s)[0];\n\t  if (d.getElementById(id)) return;\n\t  js = d.createElement(s); js.id = id;\n\t  js.src = \"\/\/connect.facebook.net\/es_ES\/sdk.js#xfbml=1&version=v2.8\";\n\t  fjs.parentNode.insertBefore(js, fjs);\n\t}(document, 'script', 'facebook-jssdk'));<\/script><br \/>\n<br \/><\/p>\n<p><em> &#8221; Fuentes www.canalsur.es &#8221; <\/em><\/p>\n","protected":false},"excerpt":{"rendered":"<p>El crucero &#8220;Carnival Pride&#8221; ha salido esta ma\u00f1ana de los astilleros de C\u00e1diz tras una remodelaci\u00f3n &#8220;de proa a popa&#8221;, que lo ha tenido un mes en el dique. Entre los trabajos realizados est\u00e1 el pintado exterior, que sirve como emblema de la compa\u00f1\u00eda y adem\u00e1s como protecci\u00f3n ante la corrosi\u00f3n y organismos no deseados [&hellip;]<\/p>\n","protected":false},"author":4,"featured_media":545772,"comment_status":"open","ping_status":"closed","sticky":false,"template":"","format":"standard","meta":{"om_disable_all_campaigns":false,"jnews-multi-image_gallery":[],"jnews_single_post":[],"jnews_primary_category":[],"jnews_social_meta":[],"footnotes":""},"categories":[41],"tags":[14382],"class_list":["post-545771","post","type-post","status-publish","format-standard","has-post-thumbnail","hentry","category-cruceros","tag-el-crucero"],"_links":{"self":[{"href":"https:\/\/dimensionturistica.com\/es\/wp-json\/wp\/v2\/posts\/545771","targetHints":{"allow":["GET"]}}],"collection":[{"href":"https:\/\/dimensionturistica.com\/es\/wp-json\/wp\/v2\/posts"}],"about":[{"href":"https:\/\/dimensionturistica.com\/es\/wp-json\/wp\/v2\/types\/post"}],"author":[{"embeddable":true,"href":"https:\/\/dimensionturistica.com\/es\/wp-json\/wp\/v2\/users\/4"}],"replies":[{"embeddable":true,"href":"https:\/\/dimensionturistica.com\/es\/wp-json\/wp\/v2\/comments?post=545771"}],"version-history":[{"count":0,"href":"https:\/\/dimensionturistica.com\/es\/wp-json\/wp\/v2\/posts\/545771\/revisions"}],"wp:featuredmedia":[{"embeddable":true,"href":"https:\/\/dimensionturistica.com\/es\/wp-json\/wp\/v2\/media\/545772"}],"wp:attachment":[{"href":"https:\/\/dimensionturistica.com\/es\/wp-json\/wp\/v2\/media?parent=545771"}],"wp:term":[{"taxonomy":"category","embeddable":true,"href":"https:\/\/dimensionturistica.com\/es\/wp-json\/wp\/v2\/categories?post=545771"},{"taxonomy":"post_tag","embeddable":true,"href":"https:\/\/dimensionturistica.com\/es\/wp-json\/wp\/v2\/tags?post=545771"}],"curies":[{"name":"wp","href":"https:\/\/api.w.org\/{rel}","templated":true}]}}