{"id":545609,"date":"2023-05-26T11:04:00","date_gmt":"2023-05-26T11:04:00","guid":{"rendered":"https:\/\/dimensionturistica.com\/es\/?p=545609"},"modified":"2023-05-26T11:04:00","modified_gmt":"2023-05-26T11:04:00","slug":"concluyo-hostelcuba-una-cita-disenada-para-la-industria-turistica-fotos","status":"publish","type":"post","link":"https:\/\/dimensionturistica.com\/es\/concluyo-hostelcuba-una-cita-disenada-para-la-industria-turistica-fotos\/","title":{"rendered":"Concluy\u00f3 Hostelcuba, una cita dise\u00f1ada para la industria tur\u00edstica (+Fotos)"},"content":{"rendered":"<p> <br \/>\n<\/p>\n<div>\n<p>En declaraciones a Prensa Latina, la directora general de Operaciones en Calidad del Ministerio de Turismo, Mar\u00eda del Pilar Mac\u00edas, explic\u00f3 que ese tipo de feria permite actualizar al empresariado cubano en las nuevas tecnolog\u00edas sostenibles y que contribuyan al ahorro en la econom\u00eda.<\/p>\n<p>La cita, del 23 al 25 de mayo, se especializa en suministradores y oferentes de servicios al sector hostelero del pa\u00eds, ampli\u00f3 y se\u00f1al\u00f3 que el objetivo es presentar al empresariado tur\u00edstico \u2013estatal o privado- un grupo de productos de tecnolog\u00eda que pueden ser compradas o aplicadas.<\/p>\n<p><img decoding=\"async\" class=\"alignnone wp-image-485302 size-full\" src=\"data:image\/svg+xml,%3Csvg%20xmlns=\" http:=\"\" alt=\"\" width=\"1024\" height=\"768\" data-lazy-srcset=\"https:\/\/www.prensa-latina.cu\/wp-content\/uploads\/2023\/05\/Maria-del-Pilar-Macias1.jpg 1024w, https:\/\/www.prensa-latina.cu\/wp-content\/uploads\/2023\/05\/Maria-del-Pilar-Macias1-500x375.jpg 500w, https:\/\/www.prensa-latina.cu\/wp-content\/uploads\/2023\/05\/Maria-del-Pilar-Macias1-150x113.jpg 150w, https:\/\/www.prensa-latina.cu\/wp-content\/uploads\/2023\/05\/Maria-del-Pilar-Macias1-768x576.jpg 768w\" data-lazy-sizes=\"(max-width: 1024px) 100vw, 1024px\" data-lazy-src=\"https:\/\/www.prensa-latina.cu\/wp-content\/uploads\/2023\/05\/Maria-del-Pilar-Macias1.jpg\"\/><noscript><img decoding=\"async\" class=\"alignnone wp-image-485302 size-full\" src=\"https:\/\/www.prensa-latina.cu\/wp-content\/uploads\/2023\/05\/Maria-del-Pilar-Macias1.jpg\" alt=\"\" width=\"1024\" height=\"768\" srcset=\"https:\/\/www.prensa-latina.cu\/wp-content\/uploads\/2023\/05\/Maria-del-Pilar-Macias1.jpg 1024w, https:\/\/www.prensa-latina.cu\/wp-content\/uploads\/2023\/05\/Maria-del-Pilar-Macias1-500x375.jpg 500w, https:\/\/www.prensa-latina.cu\/wp-content\/uploads\/2023\/05\/Maria-del-Pilar-Macias1-150x113.jpg 150w, https:\/\/www.prensa-latina.cu\/wp-content\/uploads\/2023\/05\/Maria-del-Pilar-Macias1-768x576.jpg 768w\" sizes=\"(max-width: 1024px) 100vw, 1024px\"\/><\/noscript><\/p>\n<p>Al igual que otros empresarios entrevistados por esta agencia, Mac\u00edas coincidi\u00f3 en que Hostelcuba 2023 super\u00f3 las tres ediciones anteriores, pasando por un proceso de maduraci\u00f3n y consolidaci\u00f3n pese a los dos a\u00f1os de pandemia de Covid-19 que afectaron severamente al turismo mundial.<\/p>\n<p>En esta edici\u00f3n, dijo, ocurri\u00f3 algo curioso al empresariado que nos acompa\u00f1a desde hace a\u00f1os, se sumaron nuevos lo cual confirma la voluntad de apostar por Cuba y que avizoran el despegue del turismo, en parte, por las medidas econ\u00f3micas adoptadas en el pa\u00eds.<\/p>\n<p>Hostelcuba tiene la caracter\u00edstica de ser una feria sectorial profesional, un espacio para concertar contratos, y eso es positivo. Es una alianza entre el grupo espa\u00f1ol Fira de Barcelona (Espa\u00f1a) y el Grupo Palco de Cuba, y Pabexpo, auspiciada por el Ministerio de Turismo.<\/p>\n<p><img decoding=\"async\" loading=\"lazy\" class=\"alignnone wp-image-485303 size-full\" src=\"data:image\/svg+xml,%3Csvg%20xmlns=\" http:=\"\" alt=\"\" width=\"1024\" height=\"768\" data-lazy-srcset=\"https:\/\/www.prensa-latina.cu\/wp-content\/uploads\/2023\/05\/Ricard-Zapatero.jpg 1024w, https:\/\/www.prensa-latina.cu\/wp-content\/uploads\/2023\/05\/Ricard-Zapatero-500x375.jpg 500w, https:\/\/www.prensa-latina.cu\/wp-content\/uploads\/2023\/05\/Ricard-Zapatero-150x113.jpg 150w, https:\/\/www.prensa-latina.cu\/wp-content\/uploads\/2023\/05\/Ricard-Zapatero-768x576.jpg 768w\" data-lazy-sizes=\"(max-width: 1024px) 100vw, 1024px\" data-lazy-src=\"https:\/\/www.prensa-latina.cu\/wp-content\/uploads\/2023\/05\/Ricard-Zapatero.jpg\"\/><noscript><img decoding=\"async\" loading=\"lazy\" class=\"alignnone wp-image-485303 size-full\" src=\"https:\/\/www.prensa-latina.cu\/wp-content\/uploads\/2023\/05\/Ricard-Zapatero.jpg\" alt=\"\" width=\"1024\" height=\"768\" srcset=\"https:\/\/www.prensa-latina.cu\/wp-content\/uploads\/2023\/05\/Ricard-Zapatero.jpg 1024w, https:\/\/www.prensa-latina.cu\/wp-content\/uploads\/2023\/05\/Ricard-Zapatero-500x375.jpg 500w, https:\/\/www.prensa-latina.cu\/wp-content\/uploads\/2023\/05\/Ricard-Zapatero-150x113.jpg 150w, https:\/\/www.prensa-latina.cu\/wp-content\/uploads\/2023\/05\/Ricard-Zapatero-768x576.jpg 768w\" sizes=\"auto, (max-width: 1024px) 100vw, 1024px\"\/><\/noscript><\/p>\n<p>Anteriormente, el director de Fira Barcelona Internacional, Ricard Zapatero, coment\u00f3 a esta agencia su deseo de que Cuba siga siendo una referencia mundial en el sector, y a\u00f1adi\u00f3 que las empresas presentes en el evento ofrecen productos, soluciones y servicios para dar respuesta a aquellos que, a su vez, dan atenci\u00f3n a los turistas.<\/p>\n<p>Durante las jornadas feriales, el presidente cubano, Miguel D\u00edaz-Canel, recorri\u00f3 los diferentes espacios del evento y resalt\u00f3 que dada su envergadura es una muestra que las expectativas de las firmas presentes en el pa\u00eds caribe\u00f1o no han decrecido, y conf\u00edan en que se honrar\u00e1n los compromisos adquiridos.<\/p>\n<p>Para nosotros esto es muy alentador, porque es una base importante de apoyo a la actividad comercial y tur\u00edstica, a\u00f1adi\u00f3 el presidente cubano, quien destac\u00f3 que el encuentro da la posibilidad de adquirir nuevos productos y tecnolog\u00edas, y que adem\u00e1s exhibe emprendimientos muy interesantes.<\/p>\n<p>En ese sentido, se refiri\u00f3 a la vinculaci\u00f3n de algunas firmas extranjeras con la industria nacional, espec\u00edficamente con la producci\u00f3n agropecuaria, lo que ha permitido cerrar ciclos de elaboraci\u00f3n de productos necesarios para surtir el mercado tur\u00edstico y otros.<\/p>\n<p>Asimismo, resalt\u00f3 la presencia de un grupo de negocios con las formas no estatales como actores econ\u00f3micos, con lo cual se abre un diapas\u00f3n que no exist\u00eda en otros momentos.<\/p>\n<p>jha\/tdd<\/p>\n<\/p><\/div>\n\n<p><em> &#8221; Fuentes www.prensa-latina.cu &#8221; <\/em><\/p>\n","protected":false},"excerpt":{"rendered":"<p>En declaraciones a Prensa Latina, la directora general de Operaciones en Calidad del Ministerio de Turismo, Mar\u00eda del Pilar Mac\u00edas, explic\u00f3 que ese tipo de feria permite actualizar al empresariado cubano en las nuevas tecnolog\u00edas sostenibles y que contribuyan al ahorro en la econom\u00eda. La cita, del 23 al 25 de mayo, se especializa en [&hellip;]<\/p>\n","protected":false},"author":4,"featured_media":545610,"comment_status":"open","ping_status":"closed","sticky":false,"template":"","format":"standard","meta":{"om_disable_all_campaigns":false,"jnews-multi-image_gallery":[],"jnews_single_post":[],"jnews_primary_category":[],"jnews_social_meta":[],"footnotes":""},"categories":[40],"tags":[956,715,1061,68543,35201],"class_list":["post-545609","post","type-post","status-publish","format-standard","has-post-thumbnail","hentry","category-industria","tag-cuba","tag-economia","tag-feria","tag-hostelcuba","tag-nota-informativa"],"_links":{"self":[{"href":"https:\/\/dimensionturistica.com\/es\/wp-json\/wp\/v2\/posts\/545609","targetHints":{"allow":["GET"]}}],"collection":[{"href":"https:\/\/dimensionturistica.com\/es\/wp-json\/wp\/v2\/posts"}],"about":[{"href":"https:\/\/dimensionturistica.com\/es\/wp-json\/wp\/v2\/types\/post"}],"author":[{"embeddable":true,"href":"https:\/\/dimensionturistica.com\/es\/wp-json\/wp\/v2\/users\/4"}],"replies":[{"embeddable":true,"href":"https:\/\/dimensionturistica.com\/es\/wp-json\/wp\/v2\/comments?post=545609"}],"version-history":[{"count":0,"href":"https:\/\/dimensionturistica.com\/es\/wp-json\/wp\/v2\/posts\/545609\/revisions"}],"wp:featuredmedia":[{"embeddable":true,"href":"https:\/\/dimensionturistica.com\/es\/wp-json\/wp\/v2\/media\/545610"}],"wp:attachment":[{"href":"https:\/\/dimensionturistica.com\/es\/wp-json\/wp\/v2\/media?parent=545609"}],"wp:term":[{"taxonomy":"category","embeddable":true,"href":"https:\/\/dimensionturistica.com\/es\/wp-json\/wp\/v2\/categories?post=545609"},{"taxonomy":"post_tag","embeddable":true,"href":"https:\/\/dimensionturistica.com\/es\/wp-json\/wp\/v2\/tags?post=545609"}],"curies":[{"name":"wp","href":"https:\/\/api.w.org\/{rel}","templated":true}]}}