{"id":543820,"date":"2023-05-24T17:35:04","date_gmt":"2023-05-24T17:35:04","guid":{"rendered":"https:\/\/dimensionturistica.com\/es\/?p=543820"},"modified":"2024-02-20T22:41:53","modified_gmt":"2024-02-20T22:41:53","slug":"una-capacitacion-multicultural-que-estrecha-lazos","status":"publish","type":"post","link":"https:\/\/dimensionturistica.com\/es\/una-capacitacion-multicultural-que-estrecha-lazos\/","title":{"rendered":"una capacitaci\u00f3n multicultural que estrecha lazos"},"content":{"rendered":"<p> <br \/>\n<\/p>\n<div data-twitter-link=\"\">\n<p>La iniciativa convoc\u00f3 a agentes de viajes de toda la regi\u00f3n, con <strong>representantes de Argentina, Chile, Per\u00fa, Colombia, Uruguay, Paraguay, Bolivia y Ecuador<\/strong>.<\/p>\n<p>En ese marco, <strong>Pablo Godoy, vicepresidente comercial para la regi\u00f3n de Pa\u00edses Hisp\u00e1nicos de Latinoam\u00e9rica<\/strong>, y todo su equipo, recibieron c\u00e1lidamente a los profesionales.<\/p>\n<p>&#8220;Creemos en el v\u00ednculo con las agencias de viajes y las relaciones a largo plazo. Nos gusta tener ese lazo ya que consideramos que en los negocios tienen que salir ganando las dos partes&#8221;, coment\u00f3 Godoy.<\/p>\n<h2>\u00bfEn qu\u00e9 consisti\u00f3 la Universidad Club Med 2023?<\/h2>\n<p>Desde Club Med aseguraron que la elecci\u00f3n de R\u00edo das Pedras fue por su cercan\u00eda y porque es un producto que el mercado sudamericano lo ha incorporado. Evidencia de esto, es que en enero pasado el 80% de los hu\u00e9spedes fueron de habla hispana.<\/p>\n<p>En ese sentido, insistieron que es un producto que &#8220;tiene cada vez m\u00e1s presencia del mercado latinoamericano, de la mano de la estrategia de crecimiento en cada uno de los pa\u00edses&#8221;.<\/p>\n<p>&#8220;La Universidad 2023 fue un evento multicultural, con una presentacion que apunt\u00f3 a la experiencia. Estamos convencidos que el cliente que consume nuestros productos no busca solamente buena comida, buen alojamiento y buena localizaci\u00f3n, sino que tambi\u00e9n est\u00e1 buscando sorpresas y algo m\u00e1s. Creemos que contamos con eso a lo largo de todos los destinos donde tenemos un village&#8221;, agregaron.<\/p>\n<div contenteditable=\"false\" class=\"embed_cont type_imagen\" id=\"94207-Libre-1750138276_wrap\">\n<p>Universidad Club Med Pablo Godoy.jpeg <span onclick=\"parent.parent.TinyMCETdcuerpo.preview_embed('94207-Libre-1750138276')\" class=\"embed_colapse less\" id=\"94207-Libre-1750138276_colapse\"\/>  <span onclick=\"parent.parent.TinyMCETdcuerpo.delete_embed('94207-Libre-1750138276')\" class=\"embed_delete less\" id=\"94207-Libre-1750138276_delete\"\/><\/p>\n<div id=\"94207-Libre-1750138276_content\" class=\"embed_content\"><img decoding=\"async\" src=\"https:\/\/regional.ladevi.info\/assets\/img\/236\/svg-transparente.svg\" longdesc=\"https:\/\/media.viajando.travel\/p\/26557ba7f932d7f98bc37d5cbe72b6b9\/adjuntos\/236\/imagenes\/000\/599\/0000599541\/universidad-club-med-pablo-godoyjpeg.jpeg?2023-05-16-15-25-23\" alt=\"Pablo Godoy, vicepresidente comercial para la regi\u00f3n de Pa\u00edses Hisp\u00e1nicos de Latinoam\u00e9rica.\" title=\"Pablo Godoy, vicepresidente comercial para la regi\u00f3n de Pa\u00edses Hisp\u00e1nicos de Latinoam\u00e9rica.\" width=\"900\" height=\"675\" id=\"94207-Libre-1750138276_embed\"\/><\/div>\n<div id=\"94207-Libre-1750138276_epigrafe\" class=\"embed_epigrafe\">\n<p> Pablo Godoy, vicepresidente comercial para la regi\u00f3n de Pa\u00edses Hisp\u00e1nicos de Latinoam\u00e9rica.<\/p>\n<\/div>\n<p>Ladevi<\/p>\n<\/div>\n<p>De esa manera, la idea de la capacitaci\u00f3n in situ fue &#8220;salirse&#8221; de la formalidad para que se refleje, de forma l\u00fadica y divertida, los conceptos clave para la venta, no desde el dato duro de cada village, sino a trav\u00e9s de la <strong>invitaci\u00f3n a que los agentes de viajes asocien cada experiencia con el perfil de sus pasajeros, y conectar los destinos y los villages con el entorno<\/strong>.<\/p>\n<p>&#8220;El feedback de los agentes de viajes fue de aprecio total. La idea fue traer a todos los profesionales para que vivan la experiencia, con momentos de mucho disfrute y trabajo en equipo. Como compa\u00f1\u00eda creemos en eso y sabemos que es un aporte super importante para la labor diaria. Estamos seguros que el objetivo primario se cumpli\u00f3 y ahora viene el resto&#8221;, destac\u00f3 <strong>Eleonora Zeballos, gerenta comercial de Club Med en Argentina <\/strong>y <strong>Abin Rosales Monascal, gerente regional de Ventas para Habla Hispana de Club Med<\/strong>.<\/p>\n<p><em><strong><a rel=\"nofollow noopener\" target=\"_blank\" href=\"https:\/\/www.ladevi.info\/club-med\/galeria-imagenes-quienes-estuvieron-la-universidad-club-med-n52073\">Descubr\u00ed la galer\u00eda de im\u00e1genes y los participantes de la edici\u00f3n 2023 de la Universidad Club Med<\/a><\/strong><\/em><\/p>\n<h2>Productos destacados<\/h2>\n<p>En lo que respecta a productos y servicios que se resaltaron en el evento, la nieve fue uno de los temas centrales.<\/p>\n<p>Sobre ello, los profesionales de Club Med deslizaron: &#8220;Tenemos un gran desaf\u00edo y campo por crecer. Sabemos que hay esquiadores, tanto locales como aquellos que buscan en contratemporada destinos internacionales. En ese sentido, a\u00f1o a a\u00f1o vamos creciendo en estos productos y ahora el desaf\u00edo esta en darlo a conocer m\u00e1s, que las agencias se sientan c\u00f3modas vendi\u00e9ndolo y nos asocien con todas las ventajas que ofrecemos, ya que <strong>somos el \u00fanico producto all inclusive de nieve<\/strong>&#8220;.<\/p>\n<p>Asimismo, en torno a los viajes corporativos, a trav\u00e9s de un equipo de Travel Experience Designers (TED\u2019s), y aplicando todos los conocimientos y know-how de m\u00e1s de 70 a\u00f1os en el mercado,<strong> Club Med contin\u00faa posicionando Affinity<\/strong>, un producto pensado para que los hu\u00e9spedes vivan una experiencia \u00fanica y a medida.<\/p>\n<p>&#8220;Apunta a esas agencias que quiz\u00e1s no tienen cuentas grandes en su cartera de clientes pero a las cuales damos la posibilidad de armar un grupo que los una un tema en particular, como golf, boxeo y otras tem\u00e1ticas&#8221;, comentaron al respecto, tiempo que agregar\u00f3n: &#8220;Queremos que sea un disparador para que puedan comercializar un grupo. Nosotros damos las herramientas, armamos los paquetes y otorgamos las placas comunicacionales y dem\u00e1s servicios. Tambi\u00e9n es una gran manera de entrar a otro nicho de negocios&#8221;.<\/p>\n<div contenteditable=\"false\" class=\"embed_cont type_imagen\" id=\"94855-Libre-1545838929_wrap\">\n<p>universidad club med gala (19).jpeg <span onclick=\"parent.parent.TinyMCETdcuerpo.preview_embed('94855-Libre-1545838929')\" class=\"embed_colapse less\" id=\"94855-Libre-1545838929_colapse\"\/>  <span onclick=\"parent.parent.TinyMCETdcuerpo.delete_embed('94855-Libre-1545838929')\" class=\"embed_delete less\" id=\"94855-Libre-1545838929_delete\"\/><\/p>\n<div id=\"94855-Libre-1545838929_content\" class=\"embed_content\"><img decoding=\"async\" src=\"https:\/\/regional.ladevi.info\/assets\/img\/236\/svg-transparente.svg\" longdesc=\"https:\/\/media.viajando.travel\/p\/84fff8061f302260adc7750639c1c6ae\/adjuntos\/236\/imagenes\/000\/601\/0000601402\/universidad-club-med-gala-19jpeg.jpeg?2023-05-22-10-36-28\" alt=\"\" title=\"\" width=\"900\" height=\"675\" id=\"94855-Libre-1545838929_embed\"\/><\/div><\/div>\n<h2>El d\u00eda a d\u00eda del evento<\/h2>\n<h3>D\u00eda 1<\/h3>\n<p>Los reci\u00e9n llegados pudieron tomar una primera impresi\u00f3n del resort, adem\u00e1s de ser agasajados con un coctel especial a cargo del cantante Pedrinho.<\/p>\n<p>Para concluir el primer d\u00eda de la iniciativa, luego de la cena todos los participantes disfrutaron de una fiesta con tem\u00e1tica \u201crojo y negro\u201d.<\/p>\n<div contenteditable=\"false\" class=\"embed_cont type_imagen\" id=\"94053-Libre-861013517_wrap\">\n<p>universidad club med 2023 recibimiento.jpeg <span onclick=\"parent.parent.TinyMCETdcuerpo.preview_embed('94053-Libre-861013517')\" class=\"embed_colapse less\" id=\"94053-Libre-861013517_colapse\"\/>  <span onclick=\"parent.parent.TinyMCETdcuerpo.delete_embed('94053-Libre-861013517')\" class=\"embed_delete less\" id=\"94053-Libre-861013517_delete\"\/><\/p>\n<div id=\"94053-Libre-861013517_content\" class=\"embed_content\"><img decoding=\"async\" src=\"https:\/\/regional.ladevi.info\/assets\/img\/236\/svg-transparente.svg\" longdesc=\"https:\/\/media.viajando.travel\/p\/24d53b08f6a4dd7b546342e16a33d8f6\/adjuntos\/236\/imagenes\/000\/598\/0000598837\/universidad-club-med-2023-recibimientojpeg.jpeg?2023-05-15-12-30-02\" alt=\"El recibimiento del equipo de Club Med a un contingente de agentes de viajes.\" title=\"El recibimiento del equipo de Club Med a un contingente de agentes de viajes.\" width=\"900\" height=\"675\" id=\"94053-Libre-861013517_embed\"\/><\/div>\n<div id=\"94053-Libre-861013517_epigrafe\" class=\"embed_epigrafe\">\n<p> El recibimiento del equipo de Club Med a un contingente de agentes de viajes.<\/p>\n<\/div>\n<p>Ladevi<\/p>\n<\/div>\n<h3>D\u00eda 2<\/h3>\n<p>El equipo regional de Club Med tom\u00f3 las riendas de la capacitaci\u00f3n, a trav\u00e9s de la cual se hizo un extenso recorrido por todos los resorts (tanto nieve como playa) que posee la cadena a lo largo y ancho del mundo, la diferenciaci\u00f3n y especializaci\u00f3n de los servicios Premium que ofrece, adem\u00e1s de presentaciones de Marketing, Transporte, Comercial y Comunicaci\u00f3n, Beneficios y otros.<\/p>\n<p>A su vez, importantes temas como:<\/p>\n<ul>\n<li>Club Med Travel Agent (CMTA): la plataforma de autogesti\u00f3n que permite, de manera pr\u00e1ctica y \u00e1gil, cotizar, reservar, acceder al tarifario, a herramientas de marketing y dem\u00e1s, como tambi\u00e9n la posibilidad de gestionar reservas.<\/li>\n<li>Guest Advisors Loyalty Program: pograma linkeado con beneficios.<\/li>\n<li>Voucher Corporativo: una herramienta de venta para el segmento MICE, que da la opci\u00f3n de dise\u00f1ar acciones para los villages de Brasil.<\/li>\n<li>Flexi Cancelaci\u00f3n: iniciativa que permite cancelar sin penalidad la estad\u00eda y gestionar la devoluci\u00f3n del pago hasta 7 d\u00edas antes del ingreso del hu\u00e9sped.<\/li>\n<li>Alianza con Europ Assistance.<\/li>\n<li>Promociones que se vienen y la presencia en el trade a trav\u00e9s de fam tours y capacitaciones.<\/li>\n<\/ul>\n<p>A continuaci\u00f3n, luego del almuerzo, los agentes de viajes fueron divididos en grupos para realizar un completo &#8220;site inspection&#8221; de las instalaciones del Club Med Rio Das Pedras; para concluir siendo &#8220;evaluados&#8221; en un ex\u00e1men que determin\u00f3 los conocimientos adquiridos en la ma\u00f1ana sobre el producto.<\/p>\n<p>Para concluir la velada, los agasajados disfrutaron del village, al tiempo que fueron agasajados con una fiesta tem\u00e1tica de Rock and Roll.<\/p>\n<div contenteditable=\"false\" class=\"embed_cont type_imagen\" id=\"94201-Libre-1864692244_wrap\">\n<p>Universidad CLub Med 2023.jpeg <span onclick=\"parent.parent.TinyMCETdcuerpo.preview_embed('94201-Libre-1864692244')\" class=\"embed_colapse less\" id=\"94201-Libre-1864692244_colapse\"\/>  <span onclick=\"parent.parent.TinyMCETdcuerpo.delete_embed('94201-Libre-1864692244')\" class=\"embed_delete less\" id=\"94201-Libre-1864692244_delete\"\/><\/p>\n<div id=\"94201-Libre-1864692244_content\" class=\"embed_content\"><img decoding=\"async\" src=\"https:\/\/regional.ladevi.info\/assets\/img\/236\/svg-transparente.svg\" longdesc=\"https:\/\/media.viajando.travel\/p\/bc55b543e5fbe35a658261d300ae24c2\/adjuntos\/236\/imagenes\/000\/599\/0000599478\/universidad-club-med-2023jpeg.jpeg?2023-05-16-15-18-18\" alt=\"160 agentes de viajes presentes en la Universidad Club Med 2023.\" title=\"160 agentes de viajes presentes en la Universidad Club Med 2023.\" width=\"900\" height=\"675\" id=\"94201-Libre-1864692244_embed\"\/><\/div>\n<div id=\"94201-Libre-1864692244_epigrafe\" class=\"embed_epigrafe\">\n<p> 160 agentes de viajes presentes en la Universidad Club Med 2023.<\/p>\n<\/div>\n<p>Ladevi<\/p>\n<\/div>\n<h3>D\u00eda 3<\/h3>\n<p>Por la ma\u00f1ana, el contingente particip\u00f3 de una caminata por los alrededores al village de Rio das Pedras, que inst\u00f3 a conocer el entorno natural que rodea la regi\u00f3n.<\/p>\n<p>Asimismo, el team building y la colaboraci\u00f3n conjunta fueron otros de los temas protagonistas del d\u00eda, ya que los 160 agentes de viajes tuvieron que dividirse en equipos para cumplir determinadas consignas a trav\u00e9s de una actividad multicultural de diversi\u00f3n y conocimiento.<\/p>\n<p>En ese sentido, la tarea encomendada por parte de los representantes de Club Med fue el dise\u00f1o y puesta en escena (la arena) de un boceto de un nuevo village de nieve. El equipo ganador recibi\u00f3 premios.<\/p>\n<p>Para concluir la tarde, los profesionales tuvieron tiempo libre para disfrutar el resort y prepararse para la noche, la cual fue una noche de gala que sirvi\u00f3 para despedir al evento y celebrar su &#8220;graduaci\u00f3n&#8221;.<\/p>\n<div contenteditable=\"false\" class=\"embed_cont type_imagen\" id=\"94349-Libre-749605340_wrap\">\n<p>Universidad club med team building.jpeg <span onclick=\"parent.parent.TinyMCETdcuerpo.preview_embed('94349-Libre-749605340')\" class=\"embed_colapse less\" id=\"94349-Libre-749605340_colapse\"\/>  <span onclick=\"parent.parent.TinyMCETdcuerpo.delete_embed('94349-Libre-749605340')\" class=\"embed_delete less\" id=\"94349-Libre-749605340_delete\"\/><\/p>\n<div id=\"94349-Libre-749605340_content\" class=\"embed_content\"><img decoding=\"async\" src=\"https:\/\/regional.ladevi.info\/assets\/img\/236\/svg-transparente.svg\" longdesc=\"https:\/\/media.viajando.travel\/p\/51f7ee5caba1b1d9a966c8b5c5c145a0\/adjuntos\/236\/imagenes\/000\/600\/0000600036\/universidad-club-med-team-buildingjpeg.jpeg?2023-05-17-17-50-58\" alt=\"Actividad de team building en la Universidad Club Med.\" title=\"Actividad de team building en la Universidad Club Med.\" width=\"900\" height=\"675\" id=\"94349-Libre-749605340_embed\"\/><\/div>\n<div id=\"94349-Libre-749605340_epigrafe\" class=\"embed_epigrafe\">\n<p> Actividad de team building en la Universidad Club Med.<\/p>\n<\/div>\n<p>Ladevi<\/p>\n<\/div>\n<h2><strong> Club Med y un equipo comprometido<\/strong><\/h2>\n<p>El equipo de Club Med presente en el evento se complet\u00f3 con:<\/p>\n<ul>\n<li>Leonardo Petricca, gerente de Marketing de Club Med<\/li>\n<li>\n<p>Mat\u00edas Chavarini y Pablo Costales, ejecutivos de Pa\u00edses<\/p>\n<\/li>\n<li>\n<p> Melisa Conti, del equipo de Promoci\u00f3n<\/p>\n<\/li>\n<li>\n<p> Agostina Monti, supervisora de Ventas<\/p>\n<\/li>\n<li>\n<p> Mercedes Miernau y Victoria Pedrozo, ejecutiva de Cuentas MICE<\/p>\n<\/li>\n<li>\n<p> Victoria Monti, ejecutiva comercial<\/p>\n<\/li>\n<li>\n<p> Lucila Gattiker, Media &amp; E-business Specialist<\/p>\n<\/li>\n<li>\n<p> Camila Copia, departamento Marketing<\/p>\n<\/li>\n<li>\n<p> Cynthia Tortosa, gerenta de Transportes.<\/p>\n<\/li>\n<li>\n<p> Cecilia Fern\u00e1ndez Miguez, ejecutiva de Ventas<\/p>\n<\/li>\n<li>\n<p> Candela Marcel, ejecutiva de Cuentas<\/p>\n<\/li>\n<\/ul>\n<div contenteditable=\"false\" class=\"embed_cont type_freetext\" rel=\"freetext\" id=\"embed88_wrap\">\n<p>Embed <span onclick=\"parent.parent.TinyMCETdcuerpo.preview_embed('embed88')\" class=\"embed_colapse less\" id=\"embed88_colapse\"\/>  <span onclick=\"parent.parent.TinyMCETdcuerpo.delete_embed('embed88')\" class=\"embed_delete less\" id=\"embed88_delete\"\/><\/p>\n<div id=\"embed88_content\" class=\"embed_content\">\n<div class=\"jeg_video_container jeg_video_content\"><iframe loading=\"lazy\" title=\"Universidad Club Med 2023\" width=\"500\" height=\"281\" src=\"https:\/\/www.youtube.com\/embed\/KJtjqITmDAw?feature=oembed\" frameborder=\"0\" allow=\"accelerometer; autoplay; clipboard-write; encrypted-media; gyroscope; picture-in-picture; web-share\" referrerpolicy=\"strict-origin-when-cross-origin\" allowfullscreen><\/iframe><\/div><\/div><\/div>\n<h2>M\u00e1s noticias de Club Med que pueden interesarte:<\/h2>\n<p><a rel=\"nofollow noopener\" target=\"_blank\" href=\"https:\/\/www.ladevi.info\/club-med\/que-es-la-universidad-club-med-n52020\">\u00bfQu\u00e9 es la Universidad Club Med?<\/a><\/p>\n<p><a rel=\"nofollow noopener\" target=\"_blank\" href=\"https:\/\/www.ladevi.info\/club-med\/universidad-club-med-todas-las-claves-del-dia-1-n51988\">Universidad Club Med: todas las claves del d\u00eda 1<\/a><\/p>\n<p><a rel=\"nofollow noopener\" target=\"_blank\" href=\"https:\/\/www.ladevi.info\/club-med\/universidad-club-med-todas-las-claves-del-dia-2-n52070\">Universidad Club Med: todas las claves del d\u00eda 2<\/a><\/p>\n<p><a rel=\"nofollow noopener\" target=\"_blank\" href=\"https:\/\/www.ladevi.info\/club-med\/universidad-club-med-todas-las-claves-del-dia-3-n52100\">Universidad Club Med: todas las claves del d\u00eda 3<\/a><\/p>\n<p><a rel=\"nofollow noopener\" target=\"_blank\" href=\"https:\/\/www.ladevi.info\/club-med\/club-med-nuevos-resorts-y-mas-novedades-2023-n46837\">Club Med: nuevos resorts y m\u00e1s novedades para 2023<\/a><\/p>\n<\/p><\/div>\n<p><script async defer crossorigin=\"anonymous\" src=\"https:\/\/connect.facebook.net\/es_ES\/sdk.js\"><\/script><script> window.fbAsyncInit = function() {\n                FB.init({\n                appId      : '162957901051129',\n                xfbml      : true,\n                version    : 'v3.0'\n                });\n                FB.AppEvents.logPageView();\n            };\n            (function(d, s, id) {\n            var js, fjs = d.getElementsByTagName(s)[0];\n            if (d.getElementById(id)) return;\n            js = d.createElement(s); js.id = id;\n            js.src=\"https:\/\/connect.facebook.net\/es_LA\/sdk.js#xfbml=1&version=v3.0&appId=162957901051129&autoLogAppEvents=1\";\n            fjs.parentNode.insertBefore(js, fjs);\n            }(document, 'script', 'facebook-jssdk'));\n        <\/script><br \/>\n<br \/><\/p>\n<p><em> &#8221; Fuentes regional.ladevi.info &#8221; <\/em><\/p>\n","protected":false},"excerpt":{"rendered":"<p>La iniciativa convoc\u00f3 a agentes de viajes de toda la regi\u00f3n, con representantes de Argentina, Chile, Per\u00fa, Colombia, Uruguay, Paraguay, Bolivia y Ecuador. En ese marco, Pablo Godoy, vicepresidente comercial para la regi\u00f3n de Pa\u00edses Hisp\u00e1nicos de Latinoam\u00e9rica, y todo su equipo, recibieron c\u00e1lidamente a los profesionales. &#8220;Creemos en el v\u00ednculo con las agencias de [&hellip;]<\/p>\n","protected":false},"author":4,"featured_media":543821,"comment_status":"open","ping_status":"closed","sticky":false,"template":"","format":"standard","meta":{"om_disable_all_campaigns":false,"jnews-multi-image_gallery":[],"jnews_single_post":[],"jnews_primary_category":[],"jnews_social_meta":[],"footnotes":""},"categories":[144872,40],"tags":[],"class_list":["post-543820","post","type-post","status-publish","format-standard","has-post-thumbnail","hentry","category-fashion","category-industria"],"_links":{"self":[{"href":"https:\/\/dimensionturistica.com\/es\/wp-json\/wp\/v2\/posts\/543820","targetHints":{"allow":["GET"]}}],"collection":[{"href":"https:\/\/dimensionturistica.com\/es\/wp-json\/wp\/v2\/posts"}],"about":[{"href":"https:\/\/dimensionturistica.com\/es\/wp-json\/wp\/v2\/types\/post"}],"author":[{"embeddable":true,"href":"https:\/\/dimensionturistica.com\/es\/wp-json\/wp\/v2\/users\/4"}],"replies":[{"embeddable":true,"href":"https:\/\/dimensionturistica.com\/es\/wp-json\/wp\/v2\/comments?post=543820"}],"version-history":[{"count":0,"href":"https:\/\/dimensionturistica.com\/es\/wp-json\/wp\/v2\/posts\/543820\/revisions"}],"wp:featuredmedia":[{"embeddable":true,"href":"https:\/\/dimensionturistica.com\/es\/wp-json\/wp\/v2\/media\/543821"}],"wp:attachment":[{"href":"https:\/\/dimensionturistica.com\/es\/wp-json\/wp\/v2\/media?parent=543820"}],"wp:term":[{"taxonomy":"category","embeddable":true,"href":"https:\/\/dimensionturistica.com\/es\/wp-json\/wp\/v2\/categories?post=543820"},{"taxonomy":"post_tag","embeddable":true,"href":"https:\/\/dimensionturistica.com\/es\/wp-json\/wp\/v2\/tags?post=543820"}],"curies":[{"name":"wp","href":"https:\/\/api.w.org\/{rel}","templated":true}]}}