{"id":543655,"date":"2023-05-24T13:16:54","date_gmt":"2023-05-24T13:16:54","guid":{"rendered":"https:\/\/dimensionturistica.com\/es\/?p=543655"},"modified":"2023-05-24T13:16:54","modified_gmt":"2023-05-24T13:16:54","slug":"los-viajes-y-experiencias-lujosas-y-de-estefania-herlein-fuera-de-masterchef-argentina","status":"publish","type":"post","link":"https:\/\/dimensionturistica.com\/es\/los-viajes-y-experiencias-lujosas-y-de-estefania-herlein-fuera-de-masterchef-argentina\/","title":{"rendered":"Los viajes y experiencias lujosas y de Estefan\u00eda Herlein fuera de MasterChef Argentina"},"content":{"rendered":"<p> <br \/>\n<\/p>\n<div>\n<h2 class=\"land-see-subtitle\">Estefan\u00eda Herlein se ha convertido en una de las participantes m\u00e1s llamativas y extravagantes del programa de televisi\u00f3n MasterChef Argentina.\u00a0<\/h2>\n<div class=\"land-see-author__info\">\n<div class=\"land-see-author__line\">  <time class=\"land-see-author__time\">24 de mayo 2023 \u00b7 09:22 hs<\/time> <\/div>\n<\/div>\n<p>A sus 34 a\u00f1os, Estefan\u00eda tiene un estilo \u00fanico para cocinar y presentar sus platos que ha capturado la atenci\u00f3n de la audiencia. Con una mezcla de palabras en ingl\u00e9s y castellano, Estefan\u00eda ha desafiado al jurado en m\u00e1s de una ocasi\u00f3n, lo que ha generado momentos tensos y desafiantes en <a rel=\"nofollow noopener\" target=\"_blank\" href=\"https:\/\/www.instagram.com\/_u\/masterchefargentina\/?utm_source=ig_embed&amp;ig_rid=6589aca9-d286-4a45-84af-e403ff0baa01&amp;ig_mid=344F3C22-FEE8-4F15-AE9A-D774B7BEC4CA\"><strong>MasterChef Argentina<\/strong><\/a>. Adem\u00e1s, su personalidad carism\u00e1tica y su sonrisa constante han sido caracter\u00edsticas distintivas desde el comienzo.<\/p>\n<p>En su vida fuera del programa, Estefan\u00eda trabaja en el \u00e1rea de relaciones globales con medios para Baker McKenzie, uno de los estudios jur\u00eddicos m\u00e1s importantes de Argentina y con presencia en varios pa\u00edses de Latinoam\u00e9rica. Con m\u00e1s de tres a\u00f1os de experiencia en el campo, ha trabajado previamente en puestos de marketing y relaciones p\u00fablicas en diversas empresas. Su formaci\u00f3n acad\u00e9mica respalda su expertise en esos rubros, habiendo obtenido su t\u00edtulo en marketing de la Universidad Cat\u00f3lica Argentina en 2015, y en relaciones p\u00fablicas de la Universidad de Palermo en 2014.<\/p>\n<p>En sus redes sociales, Estefan\u00eda muestra una vida llena de lujos y viajes, compartiendo fotos junto a su pareja en distintos destinos alrededor del mundo. Desde el Parque Disney World en Estados Unidos hasta sitios emblem\u00e1ticos como la Torre de Pisa en Italia y la Torre Eiffel en Francia, su cuenta de Instagram es un testimonio de sus experiencias y aventuras. Tambi\u00e9n comparte videos sobre rutinas de cuidado facial, limpieza de joyas y accesorios, as\u00ed como im\u00e1genes en elegantes restaurantes, cafeter\u00edas y compras en locales exclusivos de Miami.<\/p>\n<p>En <strong>MasterChef<\/strong>, Estefan\u00eda hizo su entrada triunfal al superar la primera prueba con una ensalada de camarones salteados y huevos poch\u00e9. Posteriormente, obtuvo el delantal blanco para ingresar al reality con una causa lime\u00f1a, un plato tradicional peruano. Durante su participaci\u00f3n en el programa, llam\u00f3 la atenci\u00f3n del jurado por su verborragia y su tendencia a hablar en exceso durante la preparaci\u00f3n de sus platos. Mientras algunos miembros del jurado cuestionaron su enfoque, Estefan\u00eda defendi\u00f3 su personalidad extrovertida y afirm\u00f3 que esto la convert\u00eda en una gran competidora.<\/p>\n<p>Sin embargo, su estilo verborr\u00e1gico comenz\u00f3 a irritar a los renombrados chefs de <strong>MasterChef Argentina,<\/strong> especialmente a Germ\u00e1n Martitegui, quien le advirti\u00f3 que su plato deber\u00eda hablar por s\u00ed mismo y le pidi\u00f3 <em>\u201cmenos palabras y m\u00e1s contenido\u201d.<\/em><\/p>\n<div>\n<figure class=\"image\"> <amp-img layout=\"responsive\" src=\"https:\/\/mui.kitchen\/__export\/1684932978788\/sites\/muikitchen\/img\/2023\/05\/24\/mc_zonales3.jpg_186469708.jpg\" width=\"480\" height=\"270\" class=\"i-amphtml-layout-responsive i-amphtml-layout-size-defined\" i-amphtml-layout=\"responsive\"><i-amphtml-sizer slot=\"i-amphtml-svc\" style=\"display:block;padding-top:56.25%\"\/><\/amp-img><figcaption> Estefan\u00eda de MasterChef Argentina vive una vida llena de viajes. Fuente: Zonales <\/figcaption><\/figure>\n<\/p><\/div>\n<div>\n<figure class=\"image\"> <amp-img layout=\"responsive\" src=\"https:\/\/mui.kitchen\/__export\/1684932980273\/sites\/muikitchen\/img\/2023\/05\/24\/mc_zonales4.jpg_186469708.jpg\" width=\"480\" height=\"270\" class=\"i-amphtml-layout-responsive i-amphtml-layout-size-defined\" i-amphtml-layout=\"responsive\"><i-amphtml-sizer slot=\"i-amphtml-svc\" style=\"display:block;padding-top:56.25%\"\/><\/amp-img><figcaption data-dl-input-translation=\"true\"> Participaci\u00f3n de Estefan\u00eda en MasterChef Argentina. Fuente: Zonales <\/figcaption><deepl-inline-translate\/> <\/figure>\n<\/p><\/div>\n<\/div>\n<p><script async defer src=\"https:\/\/platform.instagram.com\/en_US\/embeds.js\"><\/script><br \/>\n<br \/><\/p>\n<p><em> &#8221; Fuentes mui.kitchen &#8221; <\/em><\/p>\n","protected":false},"excerpt":{"rendered":"<p>Estefan\u00eda Herlein se ha convertido en una de las participantes m\u00e1s llamativas y extravagantes del programa de televisi\u00f3n MasterChef Argentina.\u00a0 24 de mayo 2023 \u00b7 09:22 hs A sus 34 a\u00f1os, Estefan\u00eda tiene un estilo \u00fanico para cocinar y presentar sus platos que ha capturado la atenci\u00f3n de la audiencia. Con una mezcla de palabras [&hellip;]<\/p>\n","protected":false},"author":4,"featured_media":543656,"comment_status":"open","ping_status":"closed","sticky":false,"template":"","format":"standard","meta":{"om_disable_all_campaigns":false,"jnews-multi-image_gallery":[],"jnews_single_post":[],"jnews_primary_category":[],"jnews_social_meta":[],"footnotes":""},"categories":[39],"tags":[68423,9429,68424],"class_list":["post-543655","post","type-post","status-publish","format-standard","has-post-thumbnail","hentry","category-viajes","tag-masterchef-argentina","tag-noticias-virales","tag-realities-de-cocina"],"_links":{"self":[{"href":"https:\/\/dimensionturistica.com\/es\/wp-json\/wp\/v2\/posts\/543655","targetHints":{"allow":["GET"]}}],"collection":[{"href":"https:\/\/dimensionturistica.com\/es\/wp-json\/wp\/v2\/posts"}],"about":[{"href":"https:\/\/dimensionturistica.com\/es\/wp-json\/wp\/v2\/types\/post"}],"author":[{"embeddable":true,"href":"https:\/\/dimensionturistica.com\/es\/wp-json\/wp\/v2\/users\/4"}],"replies":[{"embeddable":true,"href":"https:\/\/dimensionturistica.com\/es\/wp-json\/wp\/v2\/comments?post=543655"}],"version-history":[{"count":0,"href":"https:\/\/dimensionturistica.com\/es\/wp-json\/wp\/v2\/posts\/543655\/revisions"}],"wp:featuredmedia":[{"embeddable":true,"href":"https:\/\/dimensionturistica.com\/es\/wp-json\/wp\/v2\/media\/543656"}],"wp:attachment":[{"href":"https:\/\/dimensionturistica.com\/es\/wp-json\/wp\/v2\/media?parent=543655"}],"wp:term":[{"taxonomy":"category","embeddable":true,"href":"https:\/\/dimensionturistica.com\/es\/wp-json\/wp\/v2\/categories?post=543655"},{"taxonomy":"post_tag","embeddable":true,"href":"https:\/\/dimensionturistica.com\/es\/wp-json\/wp\/v2\/tags?post=543655"}],"curies":[{"name":"wp","href":"https:\/\/api.w.org\/{rel}","templated":true}]}}