{"id":543289,"date":"2023-05-23T23:16:41","date_gmt":"2023-05-23T23:16:41","guid":{"rendered":"https:\/\/dimensionturistica.com\/es\/?p=543289"},"modified":"2023-05-23T23:16:41","modified_gmt":"2023-05-23T23:16:41","slug":"las-agencias-de-viajes-piden-mas-aerolineas-que-operen-con-hubs-y-menos","status":"publish","type":"post","link":"https:\/\/dimensionturistica.com\/es\/las-agencias-de-viajes-piden-mas-aerolineas-que-operen-con-hubs-y-menos\/","title":{"rendered":"Las agencias de viajes piden m\u00e1s aerol\u00edneas que operen con &#8216;hubs&#8217; y &#8220;menos&#8230;"},"content":{"rendered":"<p> <br \/>\n<\/p>\n<div>\n<p>   SEVILLA, 23 (EUROPA PRESS)<\/p>\n<p>   Las agencias de viajes de Sevilla apuestan por cerrar m\u00e1s acuerdos comerciales con aerol\u00edneas que operen con &#8216;hubs&#8217;, de modo que la capital andaluza ofrezca m\u00e1s destinos internacionales de larga distancia y con los que no hay conexi\u00f3n directa, y una &#8220;menor exposici\u00f3n&#8221;, en cambio, a &#8220;determinadas compa\u00f1\u00edas de bajo coste&#8221;.<\/p>\n<p>   Ello, &#8220;en aras de avanzar hacia un turismo de calidad&#8221; y lograr un &#8220;mejor posicionamiento&#8221; del aer\u00f3dromo hispalense. En este sentido desde la patronal de las agencias de viajes se aboga por un trabajo &#8220;intenso&#8221; para conseguir rutas con compa\u00f1\u00edas que mejoren la conectividad a trav\u00e9s de aeropuertos que funciones como &#8216;hubs&#8217;. Se trata de terminales que ofrecen al usuario enlaces r\u00e1pidos con otros destinos, con una privilegiada posici\u00f3n geogr\u00e1fica y que operan, pr\u00e1cticamente, las 24 horas del d\u00eda.<\/p>\n<p>   As\u00ed se recoge en el documento editado por la Confederaci\u00f3n de Empresarios de Sevilla (CES), denominado &#8216;Propuestas empresariales para las elecciones municipales&#8217;, en el que ha contribuido la Asociaci\u00f3n de Agencias de Viajes de Sevilla (Aevise), tal como se\u00f1ala su presidente, Jos\u00e9 Manuel Lastra, a Europa Press.<\/p>\n<p>   En este sentido, adem\u00e1s de participar en reuniones presenciales, como miembros de la Comisi\u00f3n de Turismo, este colectivo ha celebrado encuentros con los candidatos de los partidos pol\u00edticos que concurren a estos comicios del 28M &#8220;que han tenido a bien reunirse con nosotros&#8221;, afirma.<\/p>\n<p>   Desde Aevise, tambi\u00e9n se requiere al futuro alcalde o regidora que salga del resultado de las urnas de este domingo que impulse, en lo que est\u00e9 en sus manos, una &#8220;inmediata soluci\u00f3n&#8221; a la conexi\u00f3n ferroviaria entre Santa Justa y el aeropuerto &#8211;cuyo estudio ha salido a licitaci\u00f3n por parte del Ministerio de Transportes&#8211;, &#8220;al ser nuestra ciudad, posiblemente, la \u00fanica en Europa, de nuestro tama\u00f1o, que no tiene dicha conexi\u00f3n&#8221;.<\/p>\n<p>   Por \u00faltimo, el sector de las agencias de viajes ha reclamado que se &#8220;ponga en valor&#8221; tambi\u00e9n la actividad emisora de las agencias, &#8220;ya que ello contribuye a una mayor atenci\u00f3n por parte de las compa\u00f1\u00edas a\u00e9reas para el establecimiento de rutas con Sevilla, adem\u00e1s de contribuir activamente al desarrollo de la cultura en nuestra ciudad&#8221;.<\/p>\n<p>   &#8220;Nuestras demandas principales tienen que ver con el reconocimiento del sector como un actor importante, contribuyendo en gran medida al ordenamiento de la oferta tur\u00edstica y al turismo de calidad&#8221;, subraya Lastra.<\/p>\n<p>\n        <button class=\"read-more-btn\" on=\"tap:AMP.setState({ expand:'content-body', hiddenState: true })\"><br \/>\n          Leer m\u00e1s        <\/button>\n      <\/p>\n<\/p><\/div>\n\n<p><em> &#8221; Fuentes www.teleprensa.com &#8221; <\/em><\/p>\n","protected":false},"excerpt":{"rendered":"<p>SEVILLA, 23 (EUROPA PRESS) Las agencias de viajes de Sevilla apuestan por cerrar m\u00e1s acuerdos comerciales con aerol\u00edneas que operen con &#8216;hubs&#8217;, de modo que la capital andaluza ofrezca m\u00e1s destinos internacionales de larga distancia y con los que no hay conexi\u00f3n directa, y una &#8220;menor exposici\u00f3n&#8221;, en cambio, a &#8220;determinadas compa\u00f1\u00edas de bajo coste&#8221;. [&hellip;]<\/p>\n","protected":false},"author":4,"featured_media":543290,"comment_status":"open","ping_status":"closed","sticky":false,"template":"","format":"standard","meta":{"om_disable_all_campaigns":false,"jnews-multi-image_gallery":[],"jnews_single_post":[],"jnews_primary_category":[],"jnews_social_meta":[],"footnotes":""},"categories":[39],"tags":[9609],"class_list":["post-543289","post","type-post","status-publish","format-standard","has-post-thumbnail","hentry","category-viajes","tag-exposicion"],"_links":{"self":[{"href":"https:\/\/dimensionturistica.com\/es\/wp-json\/wp\/v2\/posts\/543289","targetHints":{"allow":["GET"]}}],"collection":[{"href":"https:\/\/dimensionturistica.com\/es\/wp-json\/wp\/v2\/posts"}],"about":[{"href":"https:\/\/dimensionturistica.com\/es\/wp-json\/wp\/v2\/types\/post"}],"author":[{"embeddable":true,"href":"https:\/\/dimensionturistica.com\/es\/wp-json\/wp\/v2\/users\/4"}],"replies":[{"embeddable":true,"href":"https:\/\/dimensionturistica.com\/es\/wp-json\/wp\/v2\/comments?post=543289"}],"version-history":[{"count":0,"href":"https:\/\/dimensionturistica.com\/es\/wp-json\/wp\/v2\/posts\/543289\/revisions"}],"wp:featuredmedia":[{"embeddable":true,"href":"https:\/\/dimensionturistica.com\/es\/wp-json\/wp\/v2\/media\/543290"}],"wp:attachment":[{"href":"https:\/\/dimensionturistica.com\/es\/wp-json\/wp\/v2\/media?parent=543289"}],"wp:term":[{"taxonomy":"category","embeddable":true,"href":"https:\/\/dimensionturistica.com\/es\/wp-json\/wp\/v2\/categories?post=543289"},{"taxonomy":"post_tag","embeddable":true,"href":"https:\/\/dimensionturistica.com\/es\/wp-json\/wp\/v2\/tags?post=543289"}],"curies":[{"name":"wp","href":"https:\/\/api.w.org\/{rel}","templated":true}]}}