{"id":542851,"date":"2023-05-23T14:14:55","date_gmt":"2023-05-23T14:14:55","guid":{"rendered":"https:\/\/dimensionturistica.com\/es\/?p=542851"},"modified":"2024-02-20T22:42:00","modified_gmt":"2024-02-20T22:42:00","slug":"las-9-mejores-mochilas-de-viaje-del-2023","status":"publish","type":"post","link":"https:\/\/dimensionturistica.com\/es\/las-9-mejores-mochilas-de-viaje-del-2023\/","title":{"rendered":"Las 9 mejores mochilas de viaje del 2023"},"content":{"rendered":"<p> <br \/>\n<\/p>\n<div data-journey-hook=\"client-content\" data-testid=\"BodyWrapper\">\n<div>\n<p>Existe la falsa creencia de que cambiar la <a rel=\"nofollow noopener\" target=\"_blank\" href=\"https:\/\/www.glamour.es\/placeres\/galerias\/mejores-maletas-cabina-viajar\/19273\"><strong>maleta de cabina<\/strong><\/a> por la <strong>mochila de viaje<\/strong> es una pr\u00e1ctica \u00fanicamente reservada para aventureros empedernidos con rumbo por determinar sobre la marcha o destinos en los que el <em>trekking<\/em> y el senderismo \u2014ll\u00e1malo Camino de Santiago, ll\u00e1malo Ruta del Inca\u2014 son la t\u00f3nica general del viaje. Hasta la RAE delimita inconscientemente el p\u00fablico objetivo de esta pieza de equipaje al definir a los mochileros como \u201cpersona que viaja a pie con mochila\u201d sin darse cuenta de que cada vez son m\u00e1s las personas que prefieren la libertad de moverse con todo lo necesario a cuestas.<\/p>\n<figure class=\"AssetEmbedWrapper-eVDQiB byBkf asset-embed\">\n<div class=\"AssetEmbedAssetContainer-eJxoAx dBHGoQ asset-embed__asset-container\"><span class=\"SpanWrapper-umhxW kGxnNB responsive-asset AssetEmbedResponsiveAsset-cXBNxi eCxVQK asset-embed__responsive-asset\"><picture class=\"ResponsiveImagePicture-cWuUZO dUOtEa AssetEmbedResponsiveAsset-cXBNxi eCxVQK asset-embed__responsive-asset responsive-image\"><noscript><img decoding=\"async\" alt=\"mujer con mochila de viaje en la ciudad\" class=\"ResponsiveImageContainer-eybHBd fptoWY responsive-image__image\" src=\"https:\/\/media.glamour.es\/photos\/646b8149b44762d11174779e\/master\/w_1600%2Cc_limit\/GettyImages-1399808118.jpg\" srcset=\"https:\/\/media.glamour.es\/photos\/646b8149b44762d11174779e\/master\/w_120,c_limit\/GettyImages-1399808118.jpg 120w, https:\/\/media.glamour.es\/photos\/646b8149b44762d11174779e\/master\/w_240,c_limit\/GettyImages-1399808118.jpg 240w, https:\/\/media.glamour.es\/photos\/646b8149b44762d11174779e\/master\/w_320,c_limit\/GettyImages-1399808118.jpg 320w, https:\/\/media.glamour.es\/photos\/646b8149b44762d11174779e\/master\/w_640,c_limit\/GettyImages-1399808118.jpg 640w, https:\/\/media.glamour.es\/photos\/646b8149b44762d11174779e\/master\/w_960,c_limit\/GettyImages-1399808118.jpg 960w, https:\/\/media.glamour.es\/photos\/646b8149b44762d11174779e\/master\/w_1280,c_limit\/GettyImages-1399808118.jpg 1280w, https:\/\/media.glamour.es\/photos\/646b8149b44762d11174779e\/master\/w_1600,c_limit\/GettyImages-1399808118.jpg 1600w\" sizes=\"100vw\"\/><\/noscript><\/picture><\/span><\/div>\n<p><span class=\"BaseWrap-sc-gjQpdd BaseText-ewhhUZ CaptionCredit-ejegDm iUEiRd cXsHBw fNaHcW caption__credit\">recep-bg<\/span><\/p>\n<\/figure>\n<h2>Ventajas de llevar mochila de viaje<\/h2>\n<p>Si hasta las <a rel=\"nofollow noopener\" target=\"_blank\" href=\"https:\/\/www.glamour.es\/mejores-marcas-de-maletas\"><strong>mejores marcas de maletas<\/strong><\/a> se han lanzado a crear sus propias versiones de la mochila de viaje es porque intuyen, como m\u00ednimo, que algo est\u00e1 cambiando en la forma de viajar.<\/p>\n<p><cm-unit\/><\/p>\n<ul>\n<li><strong>Son todoterreno<\/strong>: la principal ventaja de llevar todo a cuestas es que no importa el terreno por el que te desplaces. Y esto no se aplica solo a espacios naturales, tambi\u00e9n a ciudades donde elementos como el empedrado y las escaleras son mucho m\u00e1s complicados de transitar cuando se realizan con maleta de ruedas.<\/li>\n<li><strong>Son muy vers\u00e1tiles<\/strong>: una buena mochila de viaje es capaz de funcionar, a diferencia de la mayor\u00eda de las maletas, tanto como <a rel=\"nofollow noopener\" target=\"_blank\" href=\"https:\/\/www.glamour.es\/articulos\/maleta-arket-cabina-3-dias\"><strong>equipaje de fin de semana<\/strong><\/a> y escapadas como para viajes m\u00e1s largos.<\/li>\n<li><strong>Suelen ofrecer mayor capacidad que las maletas de mano<\/strong>: adem\u00e1s, tambi\u00e9n son modulables, puedes llenarlas en funci\u00f3n de lo que se necesite en cada momento.<\/li>\n<li><strong>Son m\u00e1s inmunes a las restricciones de equipaje<\/strong>: su capacidad para adaptarse a los diferentes espacios hace que las compa\u00f1\u00edas sean mucho m\u00e1s permisivas con las dimensiones de las mochilas. Por ejemplo, no es habitual que las midan o a las pesen y tampoco que se obligue a facturarlas en la puerta de embarque cuando no hay suficiente espacio en la cabina.<\/li>\n<\/ul>\n<h2>Desventajas de viajar con mochila<\/h2>\n<ul>\n<li><strong>Su distribuci\u00f3n<\/strong>: por norma general se tiende a relacionar la mochila con una mayor dificultad tanto a la hora de <a rel=\"nofollow noopener\" target=\"_blank\" href=\"https:\/\/www.glamour.es\/articulos\/trucos-para-hacer-la-maleta-bien\"><strong>hacer la maleta<\/strong><\/a> como de mantener ordenado y acceder a su interior a lo largo del viaje. La buena noticia es que cada vez son m\u00e1s las marcas que optan por implementar <a rel=\"nofollow noopener\" target=\"_blank\" href=\"https:\/\/www.glamour.es\/placeres\/articulos\/mejores-organizadores-maleta-viaje\/58863\"><strong>organizador de equipaje<\/strong><\/a> o sistemas de apertura id\u00e9nticos al de las maletas.<\/li>\n<li><strong>El peso recae sobre la espalda<\/strong>: es quiz\u00e1 el rasgo que m\u00e1s frena a los usuarios de maleta a ejecutar la transici\u00f3n. Es importante destacar que hay sistemas, como el arn\u00e9s que la ajusta al pecho y\/o a la cadera, que no solo hacen que llevarla sea mucho m\u00e1s c\u00f3modo tambi\u00e9n ayudan a distribuir el peso por toda la parte superior del cuerpo.<\/li>\n<\/ul>\n<h2>\u00bfQu\u00e9 caracter\u00edsticas tiene que tener una mochila de viaje?<\/h2>\n<ul>\n<li><strong>La capacidad<\/strong>: preferiblemente que ofrezca entre 40 y 50 litros, pero no deber\u00edas aceptar menos de 35 si piensas usarla como equipaje de mano. Una opci\u00f3n excelente es apostar por un dise\u00f1o con capacidad modulable porque te permite customizarlo en funci\u00f3n de los d\u00edas y las necesidades de cada viaje.<\/li>\n<li><strong>Las dimensiones<\/strong>: aunque no suelen comprobarse, para mayor tranquilidad selecciona una que cumpla la normativa del equipaje de mano. Las medidas var\u00edan en funci\u00f3n de cada aerol\u00ednea, as\u00ed que establece 55 x 40 x 20 cent\u00edmetros como l\u00edmite.<\/li>\n<li><strong>La distribuci\u00f3n interior<\/strong>: siempre que puedas opta por las que se abren por completo, ya sea a la mitad (como una maleta) o en vertical, porque son mucho m\u00e1s c\u00f3modas de hacer, deshacer e interaccionar durante el viaje.<\/li>\n<li><strong>La ergonom\u00eda<\/strong>: es un aspecto clave por su impacto directo en la comodidad. Detalles como que tenga la espalda y las asas acolchadas o que incorpore un arn\u00e9s que la ajusta al pecho y a la cadera (repartiendo el peso) son tremendamente importantes.<\/li>\n<li><strong>Otras caracter\u00edsticas<\/strong>: que sea impermeable es muy importante, tambi\u00e9n que tenga compartimentos exteriores y de f\u00e1cil acceso. Bonus: compartimentos que evitan que al agua penetre, pensados para llevar ropa mojada y\/o zapatos en su interior.<\/li>\n<\/ul>\n<\/div>\n<\/div>\n\n<p><em> &#8221; Fuentes www.glamour.es &#8221; <\/em><\/p>\n","protected":false},"excerpt":{"rendered":"<p>Existe la falsa creencia de que cambiar la maleta de cabina por la mochila de viaje es una pr\u00e1ctica \u00fanicamente reservada para aventureros empedernidos con rumbo por determinar sobre la marcha o destinos en los que el trekking y el senderismo \u2014ll\u00e1malo Camino de Santiago, ll\u00e1malo Ruta del Inca\u2014 son la t\u00f3nica general del viaje. [&hellip;]<\/p>\n","protected":false},"author":4,"featured_media":542852,"comment_status":"open","ping_status":"closed","sticky":false,"template":"","format":"standard","meta":{"om_disable_all_campaigns":false,"jnews-multi-image_gallery":[],"jnews_single_post":[],"jnews_primary_category":[],"jnews_social_meta":[],"footnotes":""},"categories":[144872,39],"tags":[1861,545],"class_list":["post-542851","post","type-post","status-publish","format-standard","has-post-thumbnail","hentry","category-fashion","category-viajes","tag-vacaciones","tag-viajes"],"_links":{"self":[{"href":"https:\/\/dimensionturistica.com\/es\/wp-json\/wp\/v2\/posts\/542851","targetHints":{"allow":["GET"]}}],"collection":[{"href":"https:\/\/dimensionturistica.com\/es\/wp-json\/wp\/v2\/posts"}],"about":[{"href":"https:\/\/dimensionturistica.com\/es\/wp-json\/wp\/v2\/types\/post"}],"author":[{"embeddable":true,"href":"https:\/\/dimensionturistica.com\/es\/wp-json\/wp\/v2\/users\/4"}],"replies":[{"embeddable":true,"href":"https:\/\/dimensionturistica.com\/es\/wp-json\/wp\/v2\/comments?post=542851"}],"version-history":[{"count":0,"href":"https:\/\/dimensionturistica.com\/es\/wp-json\/wp\/v2\/posts\/542851\/revisions"}],"wp:featuredmedia":[{"embeddable":true,"href":"https:\/\/dimensionturistica.com\/es\/wp-json\/wp\/v2\/media\/542852"}],"wp:attachment":[{"href":"https:\/\/dimensionturistica.com\/es\/wp-json\/wp\/v2\/media?parent=542851"}],"wp:term":[{"taxonomy":"category","embeddable":true,"href":"https:\/\/dimensionturistica.com\/es\/wp-json\/wp\/v2\/categories?post=542851"},{"taxonomy":"post_tag","embeddable":true,"href":"https:\/\/dimensionturistica.com\/es\/wp-json\/wp\/v2\/tags?post=542851"}],"curies":[{"name":"wp","href":"https:\/\/api.w.org\/{rel}","templated":true}]}}