{"id":542510,"date":"2023-05-23T04:21:25","date_gmt":"2023-05-23T04:21:25","guid":{"rendered":"https:\/\/dimensionturistica.com\/es\/?p=542510"},"modified":"2023-05-23T04:21:25","modified_gmt":"2023-05-23T04:21:25","slug":"uber-lanza-cuentas-para-menores-de-entre-13-y-17-anos-que-viajan-solos-grupo-milenio","status":"publish","type":"post","link":"https:\/\/dimensionturistica.com\/es\/uber-lanza-cuentas-para-menores-de-entre-13-y-17-anos-que-viajan-solos-grupo-milenio\/","title":{"rendered":"Uber lanza cuentas para menores de entre 13 y 17 a\u00f1os que viajan solos Grupo Milenio"},"content":{"rendered":"<p> <br \/>\n<\/p>\n<div itemprop=\"articleBody\">\n<p>La multinacional estadunidense de transporte<strong> <a rel=\"nofollow noopener\" target=\"_blank\" href=\"https:\/\/www.milenio.com\/temas\/uber\">Uber<\/a> empez\u00f3 este lunes a ofrecer su &#8220;cuenta para adolescentes&#8221;<\/strong>, que permite viajar solos a menores de entre 13 y 17 a\u00f1os en diversas ciudades de Estados Unidos.<\/p>\n<p>Este tipo de cuentas<strong> se pueden crear en un perfil familiar <\/strong>agregando a un adolescente.<\/p>\n<p><amp-ad width=\"300\" height=\"1\" type=\"teads\" data-pid=\"165325\" layout=\"responsive\"> <\/amp-ad><\/p>\n<p><span>El<strong> menor podr\u00e1 solicitar sus propios viajes <\/strong>y los padres o tutores recibir\u00e1n una notificaci\u00f3n cada vez que se haga y podr\u00e1n hacer un seguimiento desde el punto de partida hasta el de destino.<\/span><\/p>\n<p>Uber explic\u00f3 en su p\u00e1gina web que los<strong> conductores encargados de hacer estos viajes <\/strong>ser\u00e1n solo los que tengan &#8220;experiencia y altas calificaciones&#8221; y que todos trabajadores de la plataforma &#8220;deben someterse a una verificaci\u00f3n de antecedentes exhaustiva&#8221;.<\/p>\n<blockquote><p>&#8220;Si el usuario adolescente elige configurarlo, la funci\u00f3n de grabaci\u00f3n de audio se activar\u00e1 autom\u00e1ticamente para cada viaje. Tambi\u00e9n tendr\u00e1n acceso a las funciones de seguridad durante el viaje, como llamar al 911 (la Polic\u00eda), contactar al equipo de soporte o reportar un problema a trav\u00e9s de la aplicaci\u00f3n&#8221;, se\u00f1ala la compa\u00f1\u00eda.<\/p><\/blockquote>\n<p>De momento,<strong> esta funci\u00f3n est\u00e1 disponible para 14 ciudades, <\/strong>entre ellas: Atlanta (Georgia), Dallas y Houston (Texas), Kansas City (Missouri) y la ciudad de Nueva York y sus alrededores.<\/p>\n<p>Pero la empresa quiere implantar las cuentas para adolescentes &#8220;pronto en m\u00e1s ubicaciones&#8221;.<\/p>\n<p><span>AMP<\/span><\/p>\n<\/p><\/div>\n\n<p><em> &#8221; Fuentes amp.milenio.com &#8221; <\/em><\/p>\n","protected":false},"excerpt":{"rendered":"<p>La multinacional estadunidense de transporte Uber empez\u00f3 este lunes a ofrecer su &#8220;cuenta para adolescentes&#8221;, que permite viajar solos a menores de entre 13 y 17 a\u00f1os en diversas ciudades de Estados Unidos. Este tipo de cuentas se pueden crear en un perfil familiar agregando a un adolescente. El menor podr\u00e1 solicitar sus propios viajes [&hellip;]<\/p>\n","protected":false},"author":4,"featured_media":542511,"comment_status":"open","ping_status":"closed","sticky":false,"template":"","format":"standard","meta":{"om_disable_all_campaigns":false,"jnews-multi-image_gallery":[],"jnews_single_post":[],"jnews_primary_category":[],"jnews_social_meta":[],"footnotes":""},"categories":[39],"tags":[68289,1537,68288,68287],"class_list":["post-542510","post","type-post","status-publish","format-standard","has-post-thumbnail","hentry","category-viajes","tag-cuentas-para-menores-en-uber","tag-uber","tag-uber-para-adolescentes","tag-uber-para-menores-de-edad"],"_links":{"self":[{"href":"https:\/\/dimensionturistica.com\/es\/wp-json\/wp\/v2\/posts\/542510","targetHints":{"allow":["GET"]}}],"collection":[{"href":"https:\/\/dimensionturistica.com\/es\/wp-json\/wp\/v2\/posts"}],"about":[{"href":"https:\/\/dimensionturistica.com\/es\/wp-json\/wp\/v2\/types\/post"}],"author":[{"embeddable":true,"href":"https:\/\/dimensionturistica.com\/es\/wp-json\/wp\/v2\/users\/4"}],"replies":[{"embeddable":true,"href":"https:\/\/dimensionturistica.com\/es\/wp-json\/wp\/v2\/comments?post=542510"}],"version-history":[{"count":0,"href":"https:\/\/dimensionturistica.com\/es\/wp-json\/wp\/v2\/posts\/542510\/revisions"}],"wp:featuredmedia":[{"embeddable":true,"href":"https:\/\/dimensionturistica.com\/es\/wp-json\/wp\/v2\/media\/542511"}],"wp:attachment":[{"href":"https:\/\/dimensionturistica.com\/es\/wp-json\/wp\/v2\/media?parent=542510"}],"wp:term":[{"taxonomy":"category","embeddable":true,"href":"https:\/\/dimensionturistica.com\/es\/wp-json\/wp\/v2\/categories?post=542510"},{"taxonomy":"post_tag","embeddable":true,"href":"https:\/\/dimensionturistica.com\/es\/wp-json\/wp\/v2\/tags?post=542510"}],"curies":[{"name":"wp","href":"https:\/\/api.w.org\/{rel}","templated":true}]}}