{"id":542492,"date":"2023-05-23T03:12:11","date_gmt":"2023-05-23T03:12:11","guid":{"rendered":"https:\/\/dimensionturistica.com\/es\/?p=542492"},"modified":"2023-05-23T03:12:11","modified_gmt":"2023-05-23T03:12:11","slug":"tips-para-viajar-por-primera-vez-a-europa-ruta-basica","status":"publish","type":"post","link":"https:\/\/dimensionturistica.com\/es\/tips-para-viajar-por-primera-vez-a-europa-ruta-basica\/","title":{"rendered":"Tips para viajar por primera vez a Europa: ruta b\u00e1sica"},"content":{"rendered":"<p> <br \/>\n<\/p>\n<div>\n<div>\n<h2>\u00bfCu\u00e1nto tiempo de viaje es recomendable a Europa por primera vez?<\/h2>\n<p>Entre las preguntas m\u00e1s frecuentes se encuentra el tiempo de estancia en estos pa\u00edses, pues la idea siempre es recorrer la mayor cantidad de ciudades.\u00a0<\/p>\n<p>No obstante, si usted tiene unas vacaciones de 2 a 3 semanas, no es tan f\u00e1cil recorrer toda la Uni\u00f3n Europea. De all\u00ed que <strong>es importante priorizar sus deseos<\/strong>, para no generar un agotamiento y dejar de disfrutar su recorrido.\u00a0<\/p>\n<p>Por eso, se sugiere que de acuerdo con el tiempo que dispone en el viaje, lo divida con m\u00ednimo 2 noches por cada ciudad. <strong>Haga una lista con las ciudades o pa\u00edses que en realidad desee conocer y aj\u00fastelo con los tiempos m\u00ednimos de estancia en cada lugar,<\/strong> para luego rectificar si cumple con su itinerario, si no reduzca las ciudades por visitar.\u00a0<\/p>\n<p>M\u00e1s noticias: <a rel=\"nofollow noopener\" target=\"_blank\" href=\"https:\/\/www.lafm.com.co\/admin\/content?title=etias&amp;type=All&amp;status=All&amp;langcode=All#:~:text=ETIAS%2C%20el%20permiso%20que%20deber%C3%A1n%20tener%20los%20colombianos%20para%20viajar%20a%20Europa\">ETIAS, el permiso que deber\u00e1n tener los colombianos para viajar a Europa<\/a><\/p>\n<h2>La ruta para viajar por Europa por primera vez<\/h2>\n<p>Luego de haber hecho la lista de ciudades o lugares imperdibles en su primera visita al continente europeo, podr\u00e1 iniciar con la planeaci\u00f3n de la ruta.\u00a0<\/p>\n<p>Para eso<strong> utilice un mapa (digital o f\u00edsico) <\/strong>y marque los lugares que eligi\u00f3 anteriormente, all\u00ed se dar\u00e1 cuenta cu\u00e1l es la distancia en cada uno. Con esto le ser\u00e1 m\u00e1s sencillo trazar la ruta que realizar\u00e1.<\/p>\n<p>Algunos expertos en viajes sugieren centrarse en dos o tres pa\u00edses, pues hay casos en los que solo uno deber\u00eda ser un viaje exclusivo, este es el caso de<strong> Italia, Francia o incluso Espa\u00f1a<\/strong>.\u00a0<\/p>\n<p>Aqu\u00ed es importante<strong> realizar una lista por d\u00edas <\/strong>en la que se especifique cu\u00e1les son las ciudades que se recorrer\u00e1n y si hay traslado de pa\u00eds a pa\u00eds.<\/p>\n<\/div>\n<\/div>\n\n<p><em> &#8221; Fuentes www.lafm.com.co &#8221; <\/em><\/p>\n","protected":false},"excerpt":{"rendered":"<p>\u00bfCu\u00e1nto tiempo de viaje es recomendable a Europa por primera vez? Entre las preguntas m\u00e1s frecuentes se encuentra el tiempo de estancia en estos pa\u00edses, pues la idea siempre es recorrer la mayor cantidad de ciudades.\u00a0 No obstante, si usted tiene unas vacaciones de 2 a 3 semanas, no es tan f\u00e1cil recorrer toda la [&hellip;]<\/p>\n","protected":false},"author":4,"featured_media":542493,"comment_status":"open","ping_status":"closed","sticky":false,"template":"","format":"standard","meta":{"om_disable_all_campaigns":false,"jnews-multi-image_gallery":[],"jnews_single_post":[],"jnews_primary_category":[],"jnews_social_meta":[],"footnotes":""},"categories":[39],"tags":[1653,544,68281,16661],"class_list":["post-542492","post","type-post","status-publish","format-standard","has-post-thumbnail","hentry","category-viajes","tag-europa","tag-turismo","tag-turismo-a-europa","tag-viajes-seguros"],"_links":{"self":[{"href":"https:\/\/dimensionturistica.com\/es\/wp-json\/wp\/v2\/posts\/542492","targetHints":{"allow":["GET"]}}],"collection":[{"href":"https:\/\/dimensionturistica.com\/es\/wp-json\/wp\/v2\/posts"}],"about":[{"href":"https:\/\/dimensionturistica.com\/es\/wp-json\/wp\/v2\/types\/post"}],"author":[{"embeddable":true,"href":"https:\/\/dimensionturistica.com\/es\/wp-json\/wp\/v2\/users\/4"}],"replies":[{"embeddable":true,"href":"https:\/\/dimensionturistica.com\/es\/wp-json\/wp\/v2\/comments?post=542492"}],"version-history":[{"count":0,"href":"https:\/\/dimensionturistica.com\/es\/wp-json\/wp\/v2\/posts\/542492\/revisions"}],"wp:featuredmedia":[{"embeddable":true,"href":"https:\/\/dimensionturistica.com\/es\/wp-json\/wp\/v2\/media\/542493"}],"wp:attachment":[{"href":"https:\/\/dimensionturistica.com\/es\/wp-json\/wp\/v2\/media?parent=542492"}],"wp:term":[{"taxonomy":"category","embeddable":true,"href":"https:\/\/dimensionturistica.com\/es\/wp-json\/wp\/v2\/categories?post=542492"},{"taxonomy":"post_tag","embeddable":true,"href":"https:\/\/dimensionturistica.com\/es\/wp-json\/wp\/v2\/tags?post=542492"}],"curies":[{"name":"wp","href":"https:\/\/api.w.org\/{rel}","templated":true}]}}