{"id":542471,"date":"2023-05-23T01:39:33","date_gmt":"2023-05-23T01:39:33","guid":{"rendered":"https:\/\/dimensionturistica.com\/es\/?p=542471"},"modified":"2024-02-29T17:15:00","modified_gmt":"2024-02-29T17:15:00","slug":"milan-si-opinion-de-francisco-r-breijo-marquez","status":"publish","type":"post","link":"https:\/\/dimensionturistica.com\/es\/milan-si-opinion-de-francisco-r-breijo-marquez\/","title":{"rendered":"MIL\u00c1N S\u00cd. (Opini\u00f3n de Francisco R. Breijo-M\u00e1rquez)"},"content":{"rendered":"<p> <br \/>\n<\/p>\n<div id=\"contenido\">\n<div class=\"ruta\">\n<p>DCLM.ES \u00b7 OPINIONES \u00b7 Francisco R. Breijo-M\u00e1rquez<\/p>\n<\/div>\n<div class=\"opinion\">\n\t<img decoding=\"async\" src=\"redimR.php?strImagen=https:\/\/www.dclm.es\/ARCHIVO\/fotografias\/colaboradores\/1654086507_654086502-64e94c8c-48c8-4c36-b297-f8fb9d605f3b.jpg&amp;intAnchoR=400&amp;intAltoR=400\" alt=\"Francisco R. Breijo-M\u00e1rquez\"\/><\/p>\n<p><h3>22.05.2023<\/h3>\n<h2>Por Francisco R. Breijo-M\u00e1rquez<\/h2>\n<\/p>\n<\/div>\n<p>Evidentemente y, como bien dice el refranero castellano, \u201cen todos sitios cuecen habas\u201d, \u201chay gente \u2018pa t\u00f3\u2019 \u201c, \u201clo de los justos y los pecadores\u201d. Adem\u00e1s de otros rollos m\u00e1s que ni debo ni quiero escribir.<\/p>\n<p>Soy un aut\u00e9ntico y veraz enamorado de Italia. O por eso me tengo.<\/p>\n<p>Si bien, y como siempre ocurre con cualquier pa\u00eds, no llegas a conocerlo, ni siquiera de roce. Ni siquiera el propio, ni siquiera tu ciudad.\u00a0\u00a0Nunca se llega a conocer su todo.<\/p>\n<p>Llegas a una ciudad desconocida. Oteas el pampaneo. Unas bambas y tejanos para reconocimiento de terreno. Recogida de algo de tierra, guardarla en un vasija \u2018 had hoc\u2019 con el nombre grabado y\u2026 ya est\u00e1: a las repisas dedicadas a los viajes. Al menos es lo que hago yo, y as\u00ed, otra m\u00e1s para la colecci\u00f3n de ciudades conocidas.<\/p>\n<p><b>Malpensa<\/b>\u00a0es muy feo; muy mal organizado; los pocos letreros informativos que hay resultan ininteligibles, arbitrarios y no siempre coincidentes con lo que se supone que indican.\u00a0<\/p>\n<p>De los agentes de servicio al cliente, cuando los hay, mejor no hablar. Por esos lares s\u00f3lo hablan italiano, muy deprisa y muy mal ;\u00a0\u00a0como aquellos a los que aqu\u00ed, en Espa\u00f1a, solemos llamar\u00a0\u00a0palurdos. Y muy malencarados; no te preguntes el por qu\u00e9 les preguntas y no se dignan a explicarte: o entiendes lo inentendible o que te vayan dando por donde mejor te apetezca. Y luego dicen de los catalanes, si los \u00fanicos que hablan catal\u00e0 obviando a los castellanos, son puros y genuinos charnegos de sangre emeritense o lorquina.<\/p>\n<p>Malpensa est\u00e1 en un pueblo que llaman\u00a0<b>\u201cSomma Lombardo\u201d<\/b>, a unos 40 kil\u00f3metros del centro de la ciudad, a unos 50 minutos de cualquier hotel central y a unos 126 euros de taxi. Los taxistas suelen ser serviciales y, algunos, hasta entienden \u2018spagniolo\u2019. Aceptan tarjetas&#8230; \u00a1qu\u00e9 menos!<\/p>\n<p>Llegas al hotel tras un vuelo de unas tres horas con badenes en motor\u00a0<b>Ryanair<\/b>\u00a0(me promet\u00ed que nunca m\u00e1s, pero como era mi intenci\u00f3n viajar de guiri total, pues \u2026 d\u00f3nde dices, has de hacer ).\u00a0<\/p>\n<p>El hotel es de camas y aseo compartidos: ocho personas por habitaci\u00f3n. Su nombre es\u00a0<b>Ostello Bello<\/b>\u00a0en\u00a0<b>Via Medici 4<\/b>, al lado de Todo. Aun a sabiendas de la posible incomodidad, me hicieron sentir como en casa; tanto Ver\u00f3nica, D\u00f3do, Mirko y otra chica cuyo nombre no recuerdo y lamento el olvido. Se peleaban con el mismo diablo para que yo entendiese lo que se dec\u00eda. A los compa\u00f1eros de habitaci\u00f3n, ni conocerlos; el de arriba de mi litera roncaba cual Moby Dick en los ecos del Ca\u00f1\u00f3n de Colorado, pero parec\u00eda buena gente; era chino o parecido. En otras dos camas habitaban unas veintea\u00f1eras que solo ocupaban el cuarto al amanecer, despu\u00e9s de noche festiva. Eso s\u00ed, dejando desparramadas por el suelo sus maletas abiertas, lo que condujo a tropezarme con una de ellas camino a la ducha hiri\u00e9ndome el mal\u00e9olo derecho. Eran inglesas y trasnochadoras.\u00a0<b>Mil\u00e1n<\/b>\u00a0me dio la impresi\u00f3n de ser una especie de barrio m\u00edo pero en inmenso; de esc\u00e1ndalos plenos, irresolubles e inagotables.<\/p>\n<p>Al salir del hotel, a la izquierda y en menos de cinco minutos se llega a la que, para m\u00ed , es la calle principal de Mil\u00e1n:\u00a0<b>Via Torino.\u00a0<\/b><\/p>\n<p>Via Torino a la izquierda, atravesando cientos de establecimientos de todo tipo de cosas con marcas conocidas por todo el orbe (ropa, deportivas, supermercados, hamburgueser\u00edas, \u2026) llegas en un santiam\u00e9n a la\u00a0<b>Piazza del Duomo.\u00a0<\/b><\/p>\n<p>Y tu vista choca de frente y sin aviso con algo asombrosamente majestuoso: la fachada de la celeb\u00e9rrima\u00a0<b>Catedral<\/b>.\u00a0<\/p>\n<p>La Catedral fue el motivo pr\u00edncipe de mi visita a Mil\u00e1n. No solo no me defraud\u00f3, me maravill\u00f3: la toqu\u00e9 por los cuatro costados acariciando sus piedras de m\u00e1rmol azulado. A\u00fan tengo su sensaci\u00f3n en los dedos. El interior, bonito pero no impactante ni original; muchas vidrieras pero, yo hab\u00eda ya visto la\u00a0<b>\u00abSainte de Chapelle\u00bb<\/b>\u00a0en pleno Par\u00eds y, nada puede ser m\u00e1s bello.<\/p>\n<p>Una especie de Arco de Triunfo dedicado a\u00a0<b>Victor Manuel II<\/b>\u00a0te introduce en unas galer\u00edas en forma de cruz y repletas de comercios de marcas archiconocidas: Dior, Vouitton, Gucci y sus etc\u00e9teras, que no impresionan a nadie con medio gusto, salvo por los precios, que esos s\u00ed impresionan para mal. Tambi\u00e9n petadas de cafeter\u00edas con terrazas.\u00a0<\/p>\n<p>Mil\u00e1n, sorprendentemente no me pareci\u00f3 caro, francamente.\u00a0<\/p>\n<p>En general, los precios son m\u00e1s asequibles de lo que su fama dice.\u00a0<\/p>\n<p>Un caf\u00e9 solo (espresso, por supuesto) cuesta en las galer\u00edas de V\u00edctor Manuel menos que en un local moderadamente c\u00e9ntrico en mi pueblo, lo m\u00e1ximo que pagu\u00e9 por un caf\u00e9 expreso fue un euro y diez c\u00e9ntimos.<\/p>\n<p>La ropa o las deportivas tampoco son m\u00e1s caras que en Espa\u00f1a. Salvo, claro est\u00e1, que pagues por marcas y no por calidades.\u00a0<\/p>\n<p>Curioso que no vi ninguna de\u00a0<b>Giorgio<\/b>\u00a0<b>Armani<\/b>, por ese t\u00edo s\u00ed hubiese comprado algo, pero segu\u00ed comprando solo mis preceptivos tres imanes, tres tazas de caf\u00e9 peque\u00f1as, unas gafas de sol y un pa\u00f1uelo de seda&#8230;, como en cualquier sitio nuevo al que vaya.<\/p>\n<p>Siguiendo la galer\u00eda de entrada por Piazza del Duomo hasta el final del t\u00fanel, llegas a una especie de plaza que llaman\u00a0<b>\u00abPiazza della Scala \u00bb,<\/b>\u00a0en cuyo centro se encuentra una estatua de\u00a0<b>Leonardo da Vinci<\/b>, rodeado de cuatro de sus disc\u00edpulos cuyo nombre no recuerdo.\u00a0<\/p>\n<p>Y enfrente, mi gran decepci\u00f3n milanesa:\u00a0<b>\u00abLa Scala\u00bb<\/b>.\u00a0<\/p>\n<p>Edificio exterior tipo cualquier Diputaci\u00f3n de ciudad espa\u00f1ola de unos veinte mil habitantes, pizca m\u00e1s o menos. Y porque tiene banderas, que si no&#8230; pues otro edificio m\u00e1s y nada del otro mundo. He de decir en conciencia y verdad que ya hab\u00eda visto y o\u00eddo la \u00d3pera de\u00a0<b>Budapest<\/b>\u00a0y la de\u00a0<b>Viena<\/b>; incluso la\u00a0<b>\u00d3pera Garnier de Par\u00eds,\u00a0<\/b>y eso puede llevar a comparaciones. Por dentro, vale, como el Teatro Circo de mi pueblo, pero en grande, con una ac\u00fastica muy mejorable. Vi un espect\u00e1culo de ballet que me hizo dudar de si me hab\u00eda equivocado y me hab\u00eda colado en una exhibici\u00f3n de gimnasia r\u00edtmica, -deporte que me gusta oiga (mi nieta Gabriela es campeona de tal gimnasia) pero no era lo que yo quer\u00eda ver- y, ante la falta de coordinaci\u00f3n de los danzarines y la m\u00fasica subalterna, pues no tuve otra que salirme a medio.\u00a0<\/p>\n<p>Via Torino a la derecha, la\u00a0<b>\u00abBas\u00edlica de San Lorenzo \u00bb<\/b>\u00a0y sus vulgares columnas romanas.<\/p>\n<p>Piazza del Duomo en direcci\u00f3n opuesta a la Catedral, se ve una torre del famoso\u00a0<b>\u00abCastello Sforzesco\u201d\u00a0<\/b>que llaman \u201ctorre del\u00a0<b>Filarete<\/b>\u201d. De la Catedral al Castello, recorres la\u00a0<b>Via Dante<\/b>\u00a0(uno de mis \u00eddolos ).\u00a0<\/p>\n<p>El Castello de Ludovico el Moro es una fortaleza. Uno va porque casi es obligatoria la visita, pero \u00a1vamos, que donde se ponga el \u00abAlc\u00e1zar de Segovia \u00bb , que se quite todo lo Sforza, incluida Caterina.<\/p>\n<p>Pase\u00e9 en un bus tur\u00edstico \u2013 por primera vez en mi vida \u2013 por el\u00a0<b>barrio de Brera,\u00a0<\/b>que dicen que es imprescindible porque emana bohemia, arte, historia y prostitutas; yo no capt\u00e9 ninguna de ellas, la verdad. Claro que iba en bus.\u00a0<\/p>\n<p>De \u00ab<b>\u00a0El Cuadril\u00e1tero de Oro \u00bb<\/b>\u00a0o de la Moda (que as\u00ed se llaman) pas\u00e9 solemnemente. Ya tuve bastante con mi gu\u00eda de Civitatis en Par\u00eds y mis tres cuartos de hora sabiendo hasta de qu\u00e9 forma meaba Louis Vouitton.<\/p>\n<p>Y poco m\u00e1s.\u00a0<\/p>\n<p>Calles empedradas y tranv\u00edas a tutipl\u00e9n. Es la ciudad en la que he visto m\u00e1s tranv\u00edas por cent\u00edmetro cuadrado. No se me fue de las mientes el pobre Saud\u00ed, pobrecito m\u00edo. Sem\u00e1foros verdes de poca duraci\u00f3n&#8230;<\/p>\n<p>\u00bfMerece la pena visitar Mil\u00e1n? Un s\u00ed rotundo\u2026 tiene una Catedral que puede llegar a enamorar. Y un caf\u00e9 espectacularmente rico y razonablemente barato.<\/p>\n<p><b>P.S.-<\/b>\u00a0En el siguiente art\u00edculo \u2013si es que me apetece y mis editores lo consideran oportuno\u2013 escribir\u00e9 sobre las gentes en general y las muchachas en particular. De que tuve que quedarme por all\u00ed un par de d\u00edas m\u00e1s de los previstos, porque las huelgas de las aerol\u00edneas son dignas de describir. Una en particular\u00a0<b>\u00abLastminute \u00bb<\/b>\u00a0con la que estaba conchabada mi agencia de viajes, Booking, tuvo problemas t\u00e9cnicos, t\u00e1cticos y me dejaron tirado a mi suerte, devolvi\u00e9ndome cuatro euros y cincuenta (!tengo la factura! ) por supuestos da\u00f1os y perjuicios.\u00a0<\/p>\n<p>\u00a1Ah! Y de la \u2018temblaera\u2019 que me entr\u00f3 al salir de la Scala.<\/p>\n<p>Pero&#8230;son otras historias.\u00a0<\/p>\n<p>Eso s\u00ed, historias para no olvidar nunca por su perversidad.<\/p>\n<p><b>Francisco R. Breijo M\u00e1rquez<\/b><\/p>\n<p>\u00a0<\/p>\n<p>\u00a0<\/p>\n<p>VOLVER<\/p>\n<\/p><\/div>\n<p><script async defer crossorigin=\"anonymous\" src=\"https:\/\/connect.facebook.net\/es_ES\/sdk.js#xfbml=1&#038;version=v14.0&#038;appId=1094405827282836&#038;autoLogAppEvents=1\" nonce=\"C7y2XWG6\"><\/script><br \/>\n<br \/><\/p>\n<p><em> &#8221; Fuentes www.dclm.es &#8221; <\/em><\/p>\n","protected":false},"excerpt":{"rendered":"<p>DCLM.ES \u00b7 OPINIONES \u00b7 Francisco R. Breijo-M\u00e1rquez 22.05.2023 Por Francisco R. Breijo-M\u00e1rquez Evidentemente y, como bien dice el refranero castellano, \u201cen todos sitios cuecen habas\u201d, \u201chay gente \u2018pa t\u00f3\u2019 \u201c, \u201clo de los justos y los pecadores\u201d. Adem\u00e1s de otros rollos m\u00e1s que ni debo ni quiero escribir. Soy un aut\u00e9ntico y veraz enamorado de [&hellip;]<\/p>\n","protected":false},"author":4,"featured_media":542472,"comment_status":"open","ping_status":"closed","sticky":false,"template":"","format":"standard","meta":{"om_disable_all_campaigns":false,"jnews-multi-image_gallery":[],"jnews_single_post":[],"jnews_primary_category":[],"jnews_social_meta":[],"footnotes":""},"categories":[144872,40],"tags":[],"class_list":["post-542471","post","type-post","status-publish","format-standard","has-post-thumbnail","hentry","category-fashion","category-industria"],"_links":{"self":[{"href":"https:\/\/dimensionturistica.com\/es\/wp-json\/wp\/v2\/posts\/542471","targetHints":{"allow":["GET"]}}],"collection":[{"href":"https:\/\/dimensionturistica.com\/es\/wp-json\/wp\/v2\/posts"}],"about":[{"href":"https:\/\/dimensionturistica.com\/es\/wp-json\/wp\/v2\/types\/post"}],"author":[{"embeddable":true,"href":"https:\/\/dimensionturistica.com\/es\/wp-json\/wp\/v2\/users\/4"}],"replies":[{"embeddable":true,"href":"https:\/\/dimensionturistica.com\/es\/wp-json\/wp\/v2\/comments?post=542471"}],"version-history":[{"count":0,"href":"https:\/\/dimensionturistica.com\/es\/wp-json\/wp\/v2\/posts\/542471\/revisions"}],"wp:featuredmedia":[{"embeddable":true,"href":"https:\/\/dimensionturistica.com\/es\/wp-json\/wp\/v2\/media\/542472"}],"wp:attachment":[{"href":"https:\/\/dimensionturistica.com\/es\/wp-json\/wp\/v2\/media?parent=542471"}],"wp:term":[{"taxonomy":"category","embeddable":true,"href":"https:\/\/dimensionturistica.com\/es\/wp-json\/wp\/v2\/categories?post=542471"},{"taxonomy":"post_tag","embeddable":true,"href":"https:\/\/dimensionturistica.com\/es\/wp-json\/wp\/v2\/tags?post=542471"}],"curies":[{"name":"wp","href":"https:\/\/api.w.org\/{rel}","templated":true}]}}