{"id":542321,"date":"2023-05-22T20:35:00","date_gmt":"2023-05-22T20:35:00","guid":{"rendered":"https:\/\/dimensionturistica.com\/es\/?p=542321"},"modified":"2024-02-20T22:42:06","modified_gmt":"2024-02-20T22:42:06","slug":"ryanair-lanza-vuelos-en-la-plataforma-de-viajes-amadeus","status":"publish","type":"post","link":"https:\/\/dimensionturistica.com\/es\/ryanair-lanza-vuelos-en-la-plataforma-de-viajes-amadeus\/","title":{"rendered":"Ryanair lanza vuelos en la plataforma de viajes Amadeus"},"content":{"rendered":"<p> <br \/>\n<\/p>\n<div>\n<p class=\"text-align-justify\"><span><span><span><span><span><span><img decoding=\"async\" alt=\"\" data-entity-type=\"file\" data-entity-uuid=\"c590f8d4-b17d-4778-8ca5-ad516546cf03\" height=\"641\" src=\"https:\/\/www.expreso.info\/files\/2023-05\/Ryanair.jpg\" width=\"1152\"\/>Ryanair, aerol\u00ednea n\u00famero 1 de Europa, ha anunciado que ha ampliado su oferta de viajes de empresa de bajo coste a Amadeus Travel Platform.<\/span><\/span><\/span><\/span><\/span><\/span><\/p>\n<p class=\"text-align-justify\"><span><span><span><span><span><span>As\u00ed, opera con una red inigualable de m\u00e1s de 3.000 vuelos diarios a m\u00e1s de 235 destinos en 36 pa\u00edses disponibles para que la amplia base de clientes B2B de Amadeus pueda reservar ya.\u00a0 <\/span><\/span><\/span><\/span><\/span><\/span><\/p>\n<p class=\"text-align-justify\"><span><span><span><span><span><span>Con una inflaci\u00f3n r\u00e9cord y el disparado coste de vida, ahora es m\u00e1s importante que nunca que las empresas gestionen su cuenta de resultados y, con cada vez m\u00e1s compa\u00f1\u00edas y clientes que vuelven a las reuniones en persona, navegar por el coste de los viajes es un aspecto fundamental para ello. <\/span><\/span><\/span><\/span><\/span><\/span><\/p>\n<p class=\"text-align-justify\"><span><span><span><span><span><span>Sin embargo, las empresas pueden estar seguras de que sus gastos de viaje no se disparar\u00e1n gracias a las bajas tarifas de <a rel=\"nofollow noopener\" target=\"_blank\" href=\"https:\/\/www.ryanair.com\/es\/es\">Ryanair<\/a>, l\u00edderes del sector, que conectan ciudades clave de Europa con vuelos regulares por la ma\u00f1ana y por la tarde para garantizar unas opciones de viaje corporativo c\u00f3modas y con la mejor puntualidad de las principales aerol\u00edneas europeas.<\/span><\/span><\/span><\/span><\/span><\/span><\/p>\n<p class=\"text-align-justify\"><span><span><span><span><span><span>Ryanair no s\u00f3lo ofrece una puntualidad l\u00edder en el sector y un ahorro sustancial en los costes de viaje para los clientes corporativos, sino que tambi\u00e9n les ayudar\u00e1 a gestionar su huella de carbono con las emisiones de CO2 por pasajero\/km m\u00e1s bajas de las principales aerol\u00edneas europeas, un logro respaldado por su estrategia de cero emisiones netas para 2050.\u00a0 <\/span><\/span><\/span><\/span><\/span><\/span><\/p>\n<p class=\"text-align-justify\"><span><span><span><span><span><span>Ryanair es la \u00fanica gran aerol\u00ednea que crece en Europa y transportar\u00e1 m\u00e1s de 185 millones de pasajeros este a\u00f1o -un 30% m\u00e1s que antes de la llegada del COVID-, ofreciendo conexiones, frecuencias, puntualidad y tarifas l\u00edderes en Europa.\u00a0 <\/span><\/span><\/span><\/span><\/span><\/span><\/p>\n<p class=\"text-align-justify\"><span><span><span><span><span><span>Dara Brady, de Ryanair, ha declarado que \u2018estamos encantados de estar ahora en la plataforma Amadeus Travel con la incomparable red de Ryanair de m\u00e1s de 3.000 vuelos a m\u00e1s de 235 destinos, ampliando a\u00fan m\u00e1s la oferta de viajes corporativos de Ryanair y permitiendo a los clientes corporativos un mayor acceso a nuestra red de rutas l\u00edder en el mercado, altas frecuencias, puntualidad y tarifas de bajo coste inmejorables.\u00a0 Estamos deseando trabajar con Amadeus en los pr\u00f3ximos a\u00f1os, a medida que Ryanair crezca hasta transportar 225 millones de pasajeros al a\u00f1o en el ejercicio fiscal 26\u2019.\u00a0 <\/span><\/span><\/span><\/span><\/span><\/span><\/p>\n<p class=\"text-align-justify\"><span><span><span><span><span><span>Jos\u00e9 Luis Arag\u00f3n, vicepresidente regional de Distribuci\u00f3n A\u00e9rea para Europa de Amadeus, a\u00f1adi\u00f3 que \u2018estamos muy contentos de que Ryanair haya elegido capitalizar la tecnolog\u00eda de Amadeus para apoyar su estrategia de distribuci\u00f3n. Con la integraci\u00f3n de sus contenidos en Amadeus Travel Platform, los vendedores de viajes y las empresas dispondr\u00e1n de una oferta m\u00e1s amplia de opciones de viaje, a la vez que se beneficiar\u00e1n de una integraci\u00f3n fluida y sin fisuras en sus herramientas y procesos cotidianos\u2019.<\/span><\/span><\/span><\/span><\/span><\/span><\/p>\n<p class=\"text-align-justify\"><span><span><span><em><span><span><span>Expreso. Redacci\u00f3n. J.R<\/span><\/span><\/span><\/em><\/span><\/span><\/span><\/p>\n<\/div>\n\n<p><em> &#8221; Fuentes www.expreso.info &#8221; <\/em><\/p>\n","protected":false},"excerpt":{"rendered":"<p>Ryanair, aerol\u00ednea n\u00famero 1 de Europa, ha anunciado que ha ampliado su oferta de viajes de empresa de bajo coste a Amadeus Travel Platform. As\u00ed, opera con una red inigualable de m\u00e1s de 3.000 vuelos diarios a m\u00e1s de 235 destinos en 36 pa\u00edses disponibles para que la amplia base de clientes B2B de Amadeus [&hellip;]<\/p>\n","protected":false},"author":4,"featured_media":542322,"comment_status":"open","ping_status":"closed","sticky":false,"template":"","format":"standard","meta":{"om_disable_all_campaigns":false,"jnews-multi-image_gallery":[],"jnews_single_post":[],"jnews_primary_category":[],"jnews_social_meta":[],"footnotes":""},"categories":[144872,40],"tags":[],"class_list":["post-542321","post","type-post","status-publish","format-standard","has-post-thumbnail","hentry","category-fashion","category-industria"],"_links":{"self":[{"href":"https:\/\/dimensionturistica.com\/es\/wp-json\/wp\/v2\/posts\/542321","targetHints":{"allow":["GET"]}}],"collection":[{"href":"https:\/\/dimensionturistica.com\/es\/wp-json\/wp\/v2\/posts"}],"about":[{"href":"https:\/\/dimensionturistica.com\/es\/wp-json\/wp\/v2\/types\/post"}],"author":[{"embeddable":true,"href":"https:\/\/dimensionturistica.com\/es\/wp-json\/wp\/v2\/users\/4"}],"replies":[{"embeddable":true,"href":"https:\/\/dimensionturistica.com\/es\/wp-json\/wp\/v2\/comments?post=542321"}],"version-history":[{"count":0,"href":"https:\/\/dimensionturistica.com\/es\/wp-json\/wp\/v2\/posts\/542321\/revisions"}],"wp:featuredmedia":[{"embeddable":true,"href":"https:\/\/dimensionturistica.com\/es\/wp-json\/wp\/v2\/media\/542322"}],"wp:attachment":[{"href":"https:\/\/dimensionturistica.com\/es\/wp-json\/wp\/v2\/media?parent=542321"}],"wp:term":[{"taxonomy":"category","embeddable":true,"href":"https:\/\/dimensionturistica.com\/es\/wp-json\/wp\/v2\/categories?post=542321"},{"taxonomy":"post_tag","embeddable":true,"href":"https:\/\/dimensionturistica.com\/es\/wp-json\/wp\/v2\/tags?post=542321"}],"curies":[{"name":"wp","href":"https:\/\/api.w.org\/{rel}","templated":true}]}}