{"id":542283,"date":"2023-05-22T19:41:39","date_gmt":"2023-05-22T19:41:39","guid":{"rendered":"https:\/\/dimensionturistica.com\/es\/?p=542283"},"modified":"2023-05-22T19:41:39","modified_gmt":"2023-05-22T19:41:39","slug":"uber-ofrece-viajes-especiales-para-menores-de-entre-13-y-17-anos-que-viajan-solos","status":"publish","type":"post","link":"https:\/\/dimensionturistica.com\/es\/uber-ofrece-viajes-especiales-para-menores-de-entre-13-y-17-anos-que-viajan-solos\/","title":{"rendered":"Uber ofrece viajes especiales para menores de entre 13 y 17 a\u00f1os que viajan solos"},"content":{"rendered":"<p> <br \/>\n<\/p>\n<div>\n<p>\t\t\t<!-- cpm_m config es --><br \/>\n<center><amp-ad data-force-safeframe=\"true\" data-block-on-consent=\"_till_responded\" width=\"320\" height=\"100\" class=\"ad-slot\" type=\"doubleclick\" data-slot=\"\/138855687\/nacional-ep\/vida-y-estilo\/tecnologia\/noticia\" json=\"{&quot;targeting&quot;:{&quot;p&quot;:&quot;cpm_m&quot;,&quot;page&quot;:87737417,&quot;platform&quot;:&quot;amp&quot;,&quot;tagepi&quot;:[&quot;uber&quot;]}}\" rtc-config=\"{&quot;url&quot;:[&quot;https:\/\/analytics.prensaiberica.es\/api\/delivery\/knowledge?amp=1&quot;],&quot;vendors&quot;:{&quot;criteo&quot;:{&quot;NETWORK_ID&quot;: &quot;5100&quot;,&quot;PUBLISHER_SUB_ID&quot;:&quot;cpm_m&quot;},&quot;aps&quot;:{&quot;PUB_ID&quot;: &quot;3471&quot;,&quot;PARAMS&quot;:{&quot;amp&quot;:&quot;1&quot;}},&quot;indexexchange&quot;: {&quot;SITE_ID&quot; : &quot;793957&quot;},&quot;richaudience&quot;: {&quot;PLACEMENT_ID&quot;: &quot;ZxjMXjiGHD&quot;}}}\" layout=\"fixed\" data-multi-size=\"320x53,320x50,300x100,300x50,300x53,fluid\" data-multi-size-validation=\"false\"\/><\/center><\/p>\n<nav class=\"ep-toolbar\">\n<div class=\"signature\">\n<div class=\"txt\">\n<p>\t<time class=\"date\" itemprop=\"dateModified\" datetime=\"2023-05-22T21:31:37+02:00\"><br \/>\n\t\t<span>Nueva York &#8211; <\/span><br \/>\n\t    <span class=\"day\">Lunes,<\/span><br \/>\n\t    <span class=\"datePublisher\">22\/05\/2023 &#8211; 21:31 <\/span><\/p>\n<p>\t<\/time>\t<\/p><\/div><\/div>\n<\/nav>\n<article>\n<p>\t <!-- --><\/p>\n<p>La multinacional estadounidense de transporte Uber ha empezado este lunes a <strong>ofrecer su &#8220;cuenta para adolescentes<\/strong>&#8220;, que permite viajar solos a menores de entre 13 y 17 a\u00f1os en diversas ciudades de Estados Unidos. Este tipo de cuentas <strong>se pueden crear en un perfil familiar agregando a un adolescente<\/strong>.<\/p>\n<p>\t\t\t\t\t\t\t<!-- cpm_r_dcha config es--><br \/>\n<center><amp-ad data-force-safeframe=\"true\" data-block-on-consent=\"_till_responded\" width=\"336\" height=\"600\" class=\"ad-slot\" type=\"doubleclick\" data-slot=\"\/138855687\/nacional-ep\/vida-y-estilo\/tecnologia\/noticia\" json=\"{&quot;targeting&quot;:{&quot;p&quot;:&quot;cpm_r_dcha&quot;,&quot;page&quot;:87737417,&quot;platform&quot;:&quot;amp&quot;,&quot;tagepi&quot;:[&quot;uber&quot;]}}\" rtc-config=\"{&quot;urls&quot;: [&quot;https:\/\/analytics.prensaiberica.es\/api\/delivery\/knowledge?amp=1&quot;], &quot;vendors&quot;:{&quot;criteo&quot;:{&quot;NETWORK_ID&quot;: &quot;5100&quot;,&quot;PUBLISHER_SUB_ID&quot;:&quot;cpm_r_dcha&quot;},&quot;aps&quot;:{&quot;PUB_ID&quot;: &quot;3471&quot;,&quot;PARAMS&quot;:{&quot;amp&quot;:&quot;1&quot;}},&quot;indexexchange&quot;: {&quot;SITE_ID&quot; : &quot;793957&quot;},&quot;richaudience&quot;: {&quot;PLACEMENT_ID&quot;: &quot;Pm1Bn5KUaw&quot;}}}\" layout=\"fixed\" data-multi-size=\"300x600,336x280,320x480,300x300,300x250,250x250,fluid\" data-multi-size-validation=\"false\"\/><\/center><\/p>\n<p>El menor <strong>podr\u00e1 solicitar sus propios viajes<\/strong> y los padres o tutores recibir\u00e1n una notificaci\u00f3n cada vez que se haga y podr\u00e1n hacer un seguimiento desde el punto de partida hasta el de destino.<\/p>\n<p>\t\t\t\t\t\t<!-- sunmedia config es--><amp-ad width=\"4\" height=\"3\" type=\"sunmedia\" layout=\"responsive\" data-cid=\"fa925e52-b23e-4a06-be91-d9a70aeb6b6a\" data-html-access-allowed=\"true\" data-block-on-consent=\"_till_responded\"\/><\/p>\n<p>Uber, explica en su p\u00e1gina web que los conductores encargados de hacer estos viajes ser\u00e1n solo los que <strong>tengan &#8220;experiencia y altas calificaciones<\/strong>&#8221; y que todos trabajadores de la plataforma &#8220;<strong>deben someterse a una verificaci\u00f3n <\/strong>de antecedentes exhaustiva&#8221;.<\/p>\n<p>\t <!-- --><\/p>\n<p>&#8220;Si el usuario adolescente elige configurarlo, la <strong>funci\u00f3n de grabaci\u00f3n de audio se activar\u00e1 autom\u00e1ticamente<\/strong> para cada viaje. Tambi\u00e9n tendr\u00e1n acceso a las funciones de <strong>seguridad durante el viaje<\/strong>, como llamar al 911(la polic\u00eda), contactar al equipo de soporte o reportar un problema a trav\u00e9s de la aplicaci\u00f3n&#8221;, se\u00f1ala la compa\u00f1\u00eda.<\/p>\n<p>\t\t\t\t\t\t<!-- cpm_r_dchab config es--><br \/>\n<center><amp-ad data-force-safeframe=\"true\" data-block-on-consent=\"_till_responded\" width=\"336\" height=\"600\" class=\"ad-slot\" type=\"doubleclick\" data-slot=\"\/138855687\/nacional-ep\/vida-y-estilo\/tecnologia\/noticia\" json=\"{&quot;targeting&quot;:{&quot;p&quot;:&quot;cpm_r_dchab&quot;,&quot;page&quot;:87737417,&quot;platform&quot;:&quot;amp&quot;,&quot;tagepi&quot;:[&quot;uber&quot;]}}\" rtc-config=\"{&quot;urls&quot;: [&quot;https:\/\/analytics.prensaiberica.es\/api\/delivery\/knowledge?amp=1&quot;], &quot;vendors&quot;:{&quot;criteo&quot;:{&quot;NETWORK_ID&quot;: &quot;5100&quot;,&quot;PUBLISHER_SUB_ID&quot;:&quot;cpm_r_dchab&quot;},&quot;aps&quot;:{&quot;PUB_ID&quot;: &quot;3471&quot;,&quot;PARAMS&quot;:{&quot;amp&quot;:&quot;1&quot;}},&quot;indexexchange&quot;: {&quot;SITE_ID&quot; : &quot;793957&quot;},&quot;richaudience&quot;: {&quot;PLACEMENT_ID&quot;: &quot;5eU94eOGNk&quot;}}}\" layout=\"fixed\" data-multi-size=\"300x600,336x280,320x480,300x300,300x250,250x250,fluid\" data-multi-size-validation=\"false\"\/><\/center><\/p>\n<p>De momento, esta funci\u00f3n est\u00e1 <strong>disponible para 14 ciudades<\/strong>, entre otras: Atlanta (Georgia), Dallas y Houston (Texas), Kansas City (Missouri) y la ciudad de Nueva York y sus alrededores. Pero la empresa <strong>quiere implantar las cuentas para adolescentes &#8220;pronto en m\u00e1s ubicaciones<\/strong>&#8220;. <\/p>\n<p>\t <!-- --><\/p>\n<p>\t <!-- --><\/p>\n<\/article>\n<p>\t\t\t<!-- taboola config es--><amp-embed width=\"100\" height=\"100\" type=\"taboola\" layout=\"responsive\" data-mode=\"organic-thumbnails-a\" data-placement=\"AMP Below Article Thumbnails\" data-target_type=\"mix\" data-article=\"auto\" data-url=\"\" data-publisher=\"peridico-elperidico\"><br \/>\n\t<\/amp-embed><\/p>\n<p>\t<amp-iframe style=\"height:650px;\" width=\"100\" height=\"100\" layout=\"responsive\" sandbox=\"allow-top-navigation allow-scripts allow-same-origin allow-popups allow-popups-to-escape-sandbox\" data-block-on-consent=\"_till_accepted\" scrolling=\"no\" src=\"https:\/\/analytics-cdn.prensaiberica.es\/static\/html\/widget_amp_generic.html?fd=elperiodico.com&amp;wid=50&amp;nrecs=4\"><br \/>\n\t<\/amp-iframe><\/p>\n<p>\t\t\t<!-- cpm_r_dchac config es --><br \/>\n<center><amp-ad data-force-safeframe=\"true\" data-block-on-consent=\"_till_responded\" width=\"336\" height=\"600\" class=\"ad-slot\" type=\"doubleclick\" data-slot=\"\/138855687\/nacional-ep\/vida-y-estilo\/tecnologia\/noticia\" json=\"{&quot;targeting&quot;:{&quot;p&quot;:&quot;cpm_r_dchac&quot;,&quot;page&quot;:87737417,&quot;platform&quot;:&quot;amp&quot;,&quot;tagepi&quot;:[&quot;uber&quot;]}}\" rtc-config=\"{&quot;urls&quot;: [&quot;https:\/\/analytics.prensaiberica.es\/api\/delivery\/knowledge?amp=1&quot;], &quot;vendors&quot;:{&quot;criteo&quot;:{&quot;NETWORK_ID&quot;: &quot;5100&quot;,&quot;PUBLISHER_SUB_ID&quot;:&quot;cpm_r_dchac&quot;},&quot;aps&quot;:{&quot;PUB_ID&quot;: &quot;3471&quot;,&quot;PARAMS&quot;:{&quot;amp&quot;:&quot;1&quot;}},&quot;indexexchange&quot;: {&quot;SITE_ID&quot; : &quot;793957&quot;},&quot;richaudience&quot;: {&quot;PLACEMENT_ID&quot;: &quot;uZxPQpBr4E&quot;}}}\" layout=\"fixed\" data-multi-size=\"300x600,336x280,320x480,300x300,300x250,250x250,fluid\" data-multi-size-validation=\"false\"\/><\/center><\/p><\/div>\n\n<p><em> &#8221; Fuentes amp.elperiodico.com &#8221; <\/em><\/p>\n","protected":false},"excerpt":{"rendered":"<p>Nueva York &#8211; Lunes, 22\/05\/2023 &#8211; 21:31 La multinacional estadounidense de transporte Uber ha empezado este lunes a ofrecer su &#8220;cuenta para adolescentes&#8220;, que permite viajar solos a menores de entre 13 y 17 a\u00f1os en diversas ciudades de Estados Unidos. Este tipo de cuentas se pueden crear en un perfil familiar agregando a un [&hellip;]<\/p>\n","protected":false},"author":4,"featured_media":542284,"comment_status":"open","ping_status":"closed","sticky":false,"template":"","format":"standard","meta":{"om_disable_all_campaigns":false,"jnews-multi-image_gallery":[],"jnews_single_post":[],"jnews_primary_category":[],"jnews_social_meta":[],"footnotes":""},"categories":[39],"tags":[1537],"class_list":["post-542283","post","type-post","status-publish","format-standard","has-post-thumbnail","hentry","category-viajes","tag-uber"],"_links":{"self":[{"href":"https:\/\/dimensionturistica.com\/es\/wp-json\/wp\/v2\/posts\/542283","targetHints":{"allow":["GET"]}}],"collection":[{"href":"https:\/\/dimensionturistica.com\/es\/wp-json\/wp\/v2\/posts"}],"about":[{"href":"https:\/\/dimensionturistica.com\/es\/wp-json\/wp\/v2\/types\/post"}],"author":[{"embeddable":true,"href":"https:\/\/dimensionturistica.com\/es\/wp-json\/wp\/v2\/users\/4"}],"replies":[{"embeddable":true,"href":"https:\/\/dimensionturistica.com\/es\/wp-json\/wp\/v2\/comments?post=542283"}],"version-history":[{"count":0,"href":"https:\/\/dimensionturistica.com\/es\/wp-json\/wp\/v2\/posts\/542283\/revisions"}],"wp:featuredmedia":[{"embeddable":true,"href":"https:\/\/dimensionturistica.com\/es\/wp-json\/wp\/v2\/media\/542284"}],"wp:attachment":[{"href":"https:\/\/dimensionturistica.com\/es\/wp-json\/wp\/v2\/media?parent=542283"}],"wp:term":[{"taxonomy":"category","embeddable":true,"href":"https:\/\/dimensionturistica.com\/es\/wp-json\/wp\/v2\/categories?post=542283"},{"taxonomy":"post_tag","embeddable":true,"href":"https:\/\/dimensionturistica.com\/es\/wp-json\/wp\/v2\/tags?post=542283"}],"curies":[{"name":"wp","href":"https:\/\/api.w.org\/{rel}","templated":true}]}}