{"id":542225,"date":"2023-05-22T18:44:59","date_gmt":"2023-05-22T18:44:59","guid":{"rendered":"https:\/\/dimensionturistica.com\/es\/?p=542225"},"modified":"2023-05-22T18:44:59","modified_gmt":"2023-05-22T18:44:59","slug":"la-coleccion-dior-crucero-2024-tiene-como-destino-mexico","status":"publish","type":"post","link":"https:\/\/dimensionturistica.com\/es\/la-coleccion-dior-crucero-2024-tiene-como-destino-mexico\/","title":{"rendered":"La colecci\u00f3n Dior crucero 2024 tiene como destino M\u00e9xico"},"content":{"rendered":"<p> <br \/>\n<\/p>\n<div>\n<p>Esta ma\u00f1ana en el Antiguo Colegio de San Ildefonso, precisamente en el anfiteatro Sim\u00f3n Bolivar \u2014lugar donde Diego Rivera y Frida Kahlo tuvieron uno de sus primeros encuentros\u2014 con un mural de Diego como escenario, tuvo lugar la conferencia de prensa con <strong>Maria Grazia Chiuri<\/strong>, donde habl\u00f3 sobre esta su aventura. \u201cLa ropa est\u00e1 dentro de su obra\u201d dijo al referirse a Frida y al legado que dej\u00f3 en sus pinturas.<\/p>\n<p>En una pl\u00e1tica con la curadora de arte <strong>Circe Henestrosa<\/strong>, Maria Grazia comparti\u00f3 sus ideas y pensamientos sobre la colecci\u00f3n, el arte, los artesanos, M\u00e9xico y por supuesto <strong><em>maison <\/em>Dior<\/strong>. Dej\u00f3 claro su amor por M\u00e9xico y por artistas como la fot\u00f3grafa Tina Modotti o la misma Frida, as\u00ed como por las artesan\u00edas de nuestro pa\u00eds y del mundo entero.<\/p>\n<p>Maria Grazia es una apasionada de la artesan\u00eda y la ha puesto al mismo nivel que el dise\u00f1o, \u201c\u2026la conversaci\u00f3n entre artesanos y la <em>maison<\/em> es muy importante\u201d. Coment\u00f3 que para esta colecci\u00f3n tres estados de la Rep\u00fablica fueron su marco de trabajo: Oaxaca, Chiapas y Puebla. \u201cMe fascina la artesan\u00eda mexicana, es el lenguaje que est\u00e1 cerca de mi <em>background <\/em>italiano\u201d, dijo con una sonrisa. \u201cConocer a Circe es un sue\u00f1o, pues ella cur\u00f3 la exposici\u00f3n que se hizo en Par\u00eds de Frida donde puso en evidencia el gusto Kahlo por la ropa\u201d.<\/p>\n<p>Circe tambi\u00e9n cur\u00f3 el guardarropa de Frida para el museo Victoria and Albert de Londres. \u201cMuchos piensan que (la ropa) distra\u00eda su arte (el de Frida) pero ella se vest\u00eda para sus pinturas, para su obra, para las fotos. Es una construcci\u00f3n de su identidad\u201d, afirma Circe. En esta colecci\u00f3n, como en las colecciones crucero que Maria Grazia ha presentado en distintos lugares del mundo, hay una celebraci\u00f3n de la artesan\u00eda como elemento cultural del pa\u00eds escogido pero tambi\u00e9n como arte que se integra a la visi\u00f3n de Maria Grazia y a los valores de la <em>maison<\/em>.<\/p>\n<p>En Dior se ha dado la gran oportunidad de trabajar con los artistas y empezar esta conversaci\u00f3n en diferentes pa\u00edses, para Maria Grazia todo se centra en un di\u00e1logo rico en ideas que se aterrizan en prendas incre\u00edbles de la m\u00e1s alta calidad. \u201cSiempre les damos a los artesanos un elemento representativo de la casa\u201d, en esta ocasi\u00f3n uno de ellos ser\u00e1 la <em>Bar Jacket<\/em>. Lo que Maria Grazia quiere evitar es el olvido y la p\u00e9rdida de tradiciones tan ricas como el bordado, el tejido\u2026 t\u00e9cnicas que se transmiten de madres a hijas pueden perderse en el tiempo si las nuevas generaciones pierden el inter\u00e9s. En muchas partes del mundo las artesan\u00edas se siguen considerando como un trabajo de casa, dom\u00e9stico y as\u00ed se han perdido tradiciones, como ella misma lo ha vivido en su Italia natal. \u201cHay que interesar y educar a las nuevas generaciones para que descubran las artesan\u00edas y a trav\u00e9s de ellas expresen su creatividad\u201d, afirma.<\/p>\n<p>Conocer y hacer un viaje a Oaxaca con la fot\u00f3grafa <strong>Graciela Iturbide<\/strong> ha sido un privilegio que valora enormemente de hecho pensaba que Graciela no iba a aceptar la invitaci\u00f3n a colaborar. Promover el talento femenino en todos los \u00e1mbitos: arte, artesan\u00eda, dise\u00f1o es parte clara de la visi\u00f3n que Maria Grazia tiene tanto personal como para la <em>maison<\/em>. \u201cEste es un pa\u00eds donde los artistas de otras partes del mundo pueden expresar su creatividad, <strong>Leonora Carrington<\/strong> por ejemplo, su estudio es un lugar m\u00e1gico\u201d.<\/p>\n<p>\u201cTodo esto me interesa ponerlo en un di\u00e1logo: Par\u00eds, M\u00e9xico, Italia, esa conexi\u00f3n me interesa\u2026 Arte, moda, artesan\u00eda crear un puente entre ellos, ese es mi sue\u00f1o\u201d. La energ\u00eda y la sensatez de Maria Grazia Chiuri son impresionantes al igual que la sencillez con la que se presenta simplemente a platicar sobre lo que sin duda ser\u00e1 su legado: promover a la mujer, proteger y educar sobre el valor de las artesan\u00edas, el arte y por supuesto la herencia de una casa como Dior.<\/p>\n<p>No podemos esperar a conocer el resultado de este di\u00e1logo, por segunda ocasi\u00f3n con M\u00e9xico.<\/p>\n<p>\t\t\t\t\t\t\t\t\t\t\t\t\t                                                 <!-- End Insticator API Embed --><\/p><\/div>\n<p><script>\n\t!function(f,b,e,v,n,t,s)\n\t{if(f.fbq)return;n=f.fbq=function(){n.callMethod?\n\t\tn.callMethod.apply(n,arguments):n.queue.push(arguments)};\n\t\tif(!f._fbq)f._fbq=n;n.push=n;n.loaded=!0;n.version='2.0';\n\t\tn.queue=[];t=b.createElement(e);t.async=!0;\n\t\tt.src=v;s=b.getElementsByTagName(e)[0];\n\t\ts.parentNode.insertBefore(t,s)}(window, document,'script','https:\/\/connect.facebook.net\/en_US\/fbevents.js');\n\tfbq('init', 1322500474846818);\n\tfbq('track', 'PageView');\n<\/script><script>\n\t\twindow.fbAsyncInit = function() {\n\t\t\tFB.init({\n\t\t\t\tappId      : '1075295459551099',\n\t\t\t\tcookie     : true,\n\t\t\t\txfbml      : true,\n\t\t\t\tversion    : 'v2.10'\n\t\t\t});\n\t\t};\n\t\t(function(d, s, id){\n\t\t\tvar js, fjs = d.getElementsByTagName(s)[0];\n\t\t\tif (d.getElementById(id)) {return;}\n\t\t\tjs = d.createElement(s); js.id = id;\n\t\t\tjs.src = \"https:\/\/connect.facebook.net\/en_US\/sdk.js\";\n\t\t\tfjs.parentNode.insertBefore(js, fjs);\n\t\t}(document, 'script', 'facebook-jssdk'));\n\t<\/script><br \/>\n<br \/><\/p>\n<p><em> &#8221; Fuentes graziamagazine.com &#8221; <\/em><\/p>\n","protected":false},"excerpt":{"rendered":"<p>Esta ma\u00f1ana en el Antiguo Colegio de San Ildefonso, precisamente en el anfiteatro Sim\u00f3n Bolivar \u2014lugar donde Diego Rivera y Frida Kahlo tuvieron uno de sus primeros encuentros\u2014 con un mural de Diego como escenario, tuvo lugar la conferencia de prensa con Maria Grazia Chiuri, donde habl\u00f3 sobre esta su aventura. \u201cLa ropa est\u00e1 dentro [&hellip;]<\/p>\n","protected":false},"author":4,"featured_media":542226,"comment_status":"open","ping_status":"closed","sticky":false,"template":"","format":"standard","meta":{"om_disable_all_campaigns":false,"jnews-multi-image_gallery":[],"jnews_single_post":[],"jnews_primary_category":[],"jnews_social_meta":[],"footnotes":""},"categories":[41],"tags":[25966,68259,769],"class_list":["post-542225","post","type-post","status-publish","format-standard","has-post-thumbnail","hentry","category-cruceros","tag-dior","tag-maria-grazia-chiuir","tag-mexico"],"_links":{"self":[{"href":"https:\/\/dimensionturistica.com\/es\/wp-json\/wp\/v2\/posts\/542225","targetHints":{"allow":["GET"]}}],"collection":[{"href":"https:\/\/dimensionturistica.com\/es\/wp-json\/wp\/v2\/posts"}],"about":[{"href":"https:\/\/dimensionturistica.com\/es\/wp-json\/wp\/v2\/types\/post"}],"author":[{"embeddable":true,"href":"https:\/\/dimensionturistica.com\/es\/wp-json\/wp\/v2\/users\/4"}],"replies":[{"embeddable":true,"href":"https:\/\/dimensionturistica.com\/es\/wp-json\/wp\/v2\/comments?post=542225"}],"version-history":[{"count":0,"href":"https:\/\/dimensionturistica.com\/es\/wp-json\/wp\/v2\/posts\/542225\/revisions"}],"wp:featuredmedia":[{"embeddable":true,"href":"https:\/\/dimensionturistica.com\/es\/wp-json\/wp\/v2\/media\/542226"}],"wp:attachment":[{"href":"https:\/\/dimensionturistica.com\/es\/wp-json\/wp\/v2\/media?parent=542225"}],"wp:term":[{"taxonomy":"category","embeddable":true,"href":"https:\/\/dimensionturistica.com\/es\/wp-json\/wp\/v2\/categories?post=542225"},{"taxonomy":"post_tag","embeddable":true,"href":"https:\/\/dimensionturistica.com\/es\/wp-json\/wp\/v2\/tags?post=542225"}],"curies":[{"name":"wp","href":"https:\/\/api.w.org\/{rel}","templated":true}]}}