{"id":541155,"date":"2023-05-21T15:03:50","date_gmt":"2023-05-21T15:03:50","guid":{"rendered":"https:\/\/dimensionturistica.com\/es\/?p=541155"},"modified":"2023-05-21T15:03:50","modified_gmt":"2023-05-21T15:03:50","slug":"famoso-tiktokero-de-viajes-quedo-enamorado-de-paraguay","status":"publish","type":"post","link":"https:\/\/dimensionturistica.com\/es\/famoso-tiktokero-de-viajes-quedo-enamorado-de-paraguay\/","title":{"rendered":"famoso tiktokero de viajes qued\u00f3 enamorado de Paraguay"},"content":{"rendered":"<p> <br \/>\n<\/p>\n<div>\n<div class=\"pa-c \">\n<p class=\"paragraph\"><b>El popular tiktokero mexicano Eddie N\u00f3mada, que recorre el mundo realizando blogs de viajes, arrib\u00f3 a suelo guaran\u00ed y qued\u00f3 encantado con la cultura nacional: <\/b>desde la gastronom\u00eda hasta la pasi\u00f3n que demuestra la poblaci\u00f3n por el f\u00fatbol. \u201cYa no me quiero ir\u201d, asegur\u00f3 en redes sociales y r\u00e1pidamente se viraliz\u00f3.<\/p>\n<p class=\"paragraph\">M\u00e1s all\u00e1 de la calidez y amabilidad de su gente, <b>el creador de \u201cEl arte del n\u00f3mada\u201d en TikTok asegur\u00f3 que nunca se imagin\u00f3 la gran calidad que pod\u00eda tener la gastronom\u00eda del Paraguay<\/b> y asegur\u00f3 que nadie le coment\u00f3 sobre \u201clos perfectos asados\u201d elaborados en suelo guaran\u00ed. \u201cPor favor. Tenemos que dar a conocer las delicias de aqu\u00ed, que a m\u00ed en lo personal me encantaron\u201d, indic\u00f3 en un posteo de la popular plataforma de videos.<\/p>\n<p class=\"paragraph\">Adem\u00e1s de la gastronom\u00eda, el tiktokero mexicano tambi\u00e9n qued\u00f3 sorprendido con la pasi\u00f3n por el f\u00fatbol que tienen los paraguayos y el gran nivel que demuestran los deportistas de esta disciplina en la cancha. <b>\u201cNadie me coment\u00f3 tampoco sobre el gran nivel que tiene Paraguay en el f\u00fatbol\u201d, expres\u00f3.<\/b><\/p>\n<p class=\"paragraph\"><a rel=\"nofollow noopener\" target=\"_blank\" href=\"https:\/\/www.lanacion.com.py\/lnpop\/2023\/05\/20\/termino-el-furor-poca-gente-en-boda-religiosa-de-na-rufina-y-juan-ramon\/\"><b>Lea tambi\u00e9n: Termin\u00f3 el furor: poca gente en boda religiosa de \u00f1a Rufina y Juan Ram\u00f3n<\/b><\/a><\/p>\n<p class=\"paragraph\">Eddie N\u00f3mada es originario de M\u00e9xico, vivi\u00f3 durante siete a\u00f1os en China y aprendi\u00f3 a la perfecci\u00f3n el mandar\u00edn. Actualmente, el joven se dedica a viajar por el mundo y compartir sus experiencias como \u201cn\u00f3mada\u201d en redes sociales. <b>En medio de este recorrido por distintos pa\u00edses, nunca se top\u00f3 con una cultura tan maravillosa como la paraguaya, indic\u00f3 en TikTok.<\/b><\/p>\n<p class=\"paragraph\">\u201cParaguay est\u00e1 entre los mejores pa\u00edses que he visitado. <b>Me dediqu\u00e9 a viajar por el mundo hasta que me top\u00e9 con Paraguay. Sinceramente, no ten\u00eda conocimiento sobre este pa\u00eds y la verdad es que no me quiero ir\u201d, detall\u00f3 emocionado <\/b>en redes sociales. El joven mexicano lleg\u00f3 a suelo guaran\u00ed en medio de la algarab\u00eda por los festejos patrios y aprovech\u00f3 para conocer sitios tur\u00edsticos nacionales, adem\u00e1s de interactuar con la gente en las calles.<\/p>\n<p class=\"paragraph\"><a rel=\"nofollow noopener\" target=\"_blank\" href=\"https:\/\/www.lanacion.com.py\/lnpop\/2023\/05\/20\/guerra-mediatica-shakira-y-pique-actualizan-sus-redes-y-desatan-escandalo\/\"><b>Te puede interesar: \u00a1Guerra medi\u00e1tica! Shakira y Piqu\u00e9 actualizan sus redes y desatan esc\u00e1ndalo<\/b><\/a><\/p>\n<\/div>\n<\/div>\n<p><script>!function(f,b,e,v,n,t,s)\n          {if(f.fbq)return;n=f.fbq=function(){n.callMethod?\n          n.callMethod.apply(n,arguments):n.queue.push(arguments)};\n          if(!f._fbq)f._fbq=n;n.push=n;n.loaded=!0;n.version='2.0';\n          n.queue=[];t=b.createElement(e);t.async=!0;\n          t.src=v;s=b.getElementsByTagName(e)[0];\n          s.parentNode.insertBefore(t,s)}(window, document,'script',\n          'https:\/\/connect.facebook.net\/en_US\/fbevents.js');\n          fbq('init', '291189108605310');\n          fbq('track', 'PageView');<\/script><br \/>\n<br \/><\/p>\n<p><em> &#8221; Fuentes www.lanacion.com.py &#8221; <\/em><\/p>\n","protected":false},"excerpt":{"rendered":"<p>El popular tiktokero mexicano Eddie N\u00f3mada, que recorre el mundo realizando blogs de viajes, arrib\u00f3 a suelo guaran\u00ed y qued\u00f3 encantado con la cultura nacional: desde la gastronom\u00eda hasta la pasi\u00f3n que demuestra la poblaci\u00f3n por el f\u00fatbol. \u201cYa no me quiero ir\u201d, asegur\u00f3 en redes sociales y r\u00e1pidamente se viraliz\u00f3. M\u00e1s all\u00e1 de la [&hellip;]<\/p>\n","protected":false},"author":4,"featured_media":541156,"comment_status":"open","ping_status":"closed","sticky":false,"template":"","format":"standard","meta":{"om_disable_all_campaigns":false,"jnews-multi-image_gallery":[],"jnews_single_post":[],"jnews_primary_category":[],"jnews_social_meta":[],"footnotes":""},"categories":[39],"tags":[68168,68170,68169,68171,2462],"class_list":["post-541155","post","type-post","status-publish","format-standard","has-post-thumbnail","hentry","category-viajes","tag-eddie-nomada","tag-el-arte-del-nomada","tag-famoso-tiktokero-mexicano","tag-quedo-encantado-con-el-paraguay","tag-viral"],"_links":{"self":[{"href":"https:\/\/dimensionturistica.com\/es\/wp-json\/wp\/v2\/posts\/541155","targetHints":{"allow":["GET"]}}],"collection":[{"href":"https:\/\/dimensionturistica.com\/es\/wp-json\/wp\/v2\/posts"}],"about":[{"href":"https:\/\/dimensionturistica.com\/es\/wp-json\/wp\/v2\/types\/post"}],"author":[{"embeddable":true,"href":"https:\/\/dimensionturistica.com\/es\/wp-json\/wp\/v2\/users\/4"}],"replies":[{"embeddable":true,"href":"https:\/\/dimensionturistica.com\/es\/wp-json\/wp\/v2\/comments?post=541155"}],"version-history":[{"count":0,"href":"https:\/\/dimensionturistica.com\/es\/wp-json\/wp\/v2\/posts\/541155\/revisions"}],"wp:featuredmedia":[{"embeddable":true,"href":"https:\/\/dimensionturistica.com\/es\/wp-json\/wp\/v2\/media\/541156"}],"wp:attachment":[{"href":"https:\/\/dimensionturistica.com\/es\/wp-json\/wp\/v2\/media?parent=541155"}],"wp:term":[{"taxonomy":"category","embeddable":true,"href":"https:\/\/dimensionturistica.com\/es\/wp-json\/wp\/v2\/categories?post=541155"},{"taxonomy":"post_tag","embeddable":true,"href":"https:\/\/dimensionturistica.com\/es\/wp-json\/wp\/v2\/tags?post=541155"}],"curies":[{"name":"wp","href":"https:\/\/api.w.org\/{rel}","templated":true}]}}