{"id":540902,"date":"2023-05-20T23:47:50","date_gmt":"2023-05-20T23:47:50","guid":{"rendered":"https:\/\/dimensionturistica.com\/es\/?p=540902"},"modified":"2023-05-20T23:47:50","modified_gmt":"2023-05-20T23:47:50","slug":"la-martha-argerich-del-violin-entrevista-con-pilar-policano-que-tiene-15-anos-y-nacio-en-lanus","status":"publish","type":"post","link":"https:\/\/dimensionturistica.com\/es\/la-martha-argerich-del-violin-entrevista-con-pilar-policano-que-tiene-15-anos-y-nacio-en-lanus\/","title":{"rendered":"La Martha Argerich del viol\u00edn | Entrevista con Pilar Policano, que tiene 15 a\u00f1os y naci\u00f3 en Lan\u00fas\u00a0"},"content":{"rendered":"<p> <br \/>\n<\/p>\n<div>\n<p>Cuenta la historia que en 1954, el presidente Juan Domingo Per\u00f3n recib\u00eda en su despacho a una ni\u00f1a prodigio, con un talento para el piano fuera de lo com\u00fan. Daba conciertos desde los siete y con apenas doce ya hab\u00eda tocado Schumann en el Teatro Col\u00f3n.<\/p>\n<p>El Presidente, al enterarse de su capacidad, y conocerla, le ofreci\u00f3 una beca para perfeccionarse, en cualquier lugar del mundo. La joven eligi\u00f3 Viena. \u201cPara estudiar con Friedrich Gulda\u201d, le dijo. <\/p>\n<p>Su nombre era\u00a0<b>Martha <\/b><b>Argerich\u00a0<\/b>y con el paso de los a\u00f1os\u00a0se transform\u00f3 en una de las pianistas m\u00e1s importantes de la historia. Casi 80 a\u00f1os despu\u00e9s de aquel encuentro con Per\u00f3n, una adolescente que la admira sigue sus pasos. <b>Pilar Policano<\/b> recorre el mundo, y el 30 de abril capt\u00f3 la atenci\u00f3n de todo el pa\u00eds al tocar su viol\u00edn frente al Papa, durante una visita de Francisco a Budapest. El embajador argentino en Hungr\u00eda, Hern\u00e1n Pati\u00f1o Mayer, viejo conocido del Jorge Bergoglio, fue quien arregl\u00f3 la audiencia. Pilar toc\u00f3 una versi\u00f3n de &#8220;La Cumparsita&#8221; con arreglos para solo de viol\u00edn que duraba menos de cuatro minutos. La hija mayor de Pati\u00f1o, adem\u00e1s, fue directora de la orquesta juvenil de Lan\u00fas. Justo el distrito donde naci\u00f3 Pilar hace 15 a\u00f1os.<\/p>\n<p>Pilar comparte con Argerich haber debutado a los 12 en el teatro Col\u00f3n y haber obtenido una beca a los 14 para estudiar en Austria con los mejores maestros del mundo. <b>\u201cEstoy enfocada en mis sue\u00f1os\u201d<\/b>, asegura.<\/p>\n<p>La comparaci\u00f3n con Martha Argerich no se da solo por la nacionalidad, por debutar en el Colon a los 12 a\u00f1os y por haber ido a estudiar a Austria. Se debe al talento que los cr\u00edticos reconocieron en Argerich en su momento y en Policano ahora.\u00a0<\/p>\n<p>Esa historia con la m\u00fasica arranc\u00f3 a los seis a\u00f1os.\u00a0<b>Su mam\u00e1, Laura Minniti, era la directora de la Orquesta Escuela de Lan\u00fas, un programa de la Provincia de Buenos Aires donde m\u00e1s de 12 mil chicos y chicas aprenden a conectar con instrumentos y hacer m\u00fasica con sus compa\u00f1eros de escuela.<\/b><\/p>\n<p>Esos instrumentos que formaban parte de su cotidianeidad empezaron r\u00e1pidamente a ser sus juguetes preferidos. Aprendi\u00f3 viol\u00edn antes que a leer, s\u00f3lo para ser parte de aquella orquesta con formato barrial en la que estuvo hasta los 11 a\u00f1os. \u201cLa m\u00fasica para mi fue algo muy natural, como parte de un juego, y siempre lo tom\u00e9 as\u00ed&#8221;, dice Pilar. &#8220;En el barrio, en el Col\u00f3n o con el Papa, para m\u00ed siempre fue jugar y disfrutar de la m\u00fasica\u201d, cuenta la adolescente con una sonrisa ampl\u00edsima .<\/p>\n<p>Aunque es muy joven, los recuerdos de aquellos a\u00f1os en la Orquesta Escuela le agregan a su mirada algo similar a la nostalgia. \u201c<b>Es hermoso estar rodeada de amigas, y ver que te escuchan hacer lo que te gusta\u201d<\/b>, dice. Y agrega: \u201cLa orquesta escuela es donde yo tuve las primeras oportunidades de tocar y de mostrar lo que hago; y no solo a mi, sino a un mont\u00f3n de compa\u00f1eros, algo que siempre nos impulsaban a ser mejores\u201d.<\/p>\n<p>Desde septiembre de 2005, el Programa de Coros y Orquestas busca ofrecer a ni\u00f1as, ni\u00f1os y j\u00f3venes de toda la provincia de Buenos Aire, el acceso abierto y gratuito a una educaci\u00f3n musical de calidad. Al d\u00eda de hoy cuenta con 102 sedes de orquestas y coros, ubicadas en escuelas, centros educativos o edificios propios en distintos puntos. Funcionan en horario extracurricular, para no superponerse con la actividad escolar, y por eso uno de los d\u00edas de mayor asistencia es el s\u00e1bado. La matr\u00edcula actual es de 12.710 estudiantes.<\/p>\n<p>De hecho, la primera vez que Pilar toc\u00f3 en\u00a0 Col\u00f3n fue gracias al programa Orquesta Escuela. \u201cFue una experiencia hermosa que nunca me voy a olvidar\u201d, dice con un acento en el que ya se empieza a observar alg\u00fan rastro del idioma alem\u00e1n.<\/p>\n<p>El primer paso para dedicarse de lleno a la m\u00fasica lleg\u00f3 en 2019. Con 11 a\u00f1os, su profesora la llev\u00f3 a tomar una<i> master class<\/i> en la Universidad de Lan\u00fas (UNLA) con <b>Rafael Gintoli,\u00a0<\/b>uno de los profesores de viol\u00edn m\u00e1s reconocidos del pa\u00eds. Cuando la escuch\u00f3 tocar, la seleccion\u00f3 como alumna. \u201cFueron a\u00f1os en los que aprend\u00ed much\u00edsimo y de mucha exigencia, porque eran tiempos de cuarentena y casi que no par\u00e1bamos, pero fijate que lo cuento con una sonrisa\u201d, subraya Pilar.\u00a0<\/p>\n<p>Otro de los hitos de su carrera se dio en junio del a\u00f1o pasado donde toc\u00f3 el Concierto n\u00b0 2 de Henryk Wieniawski\u00a0junto a la orquesta Filarm\u00f3nica de Buenos Aires,\u00a0 en el Col\u00f3n. Ella lo define como \u201cuno de los momentos m\u00e1s importantes&#8221; de su carrera.<\/p>\n<p><b>Su familia la completan su padre Pablo Policano y su hermano menor Juli\u00e1n, que la acompa\u00f1an en la aventura europea que comenz\u00f3 en octubre de 2022<\/b>, cuando Pilar <b>fue la ganadora m\u00e1s joven de la historia de la Beca Teresa Gr\u00fcneisen\u00a02022<\/b> , para seguir sus estudios en el exterior. <\/p>\n<p><b>Con apenas 14 a\u00f1os era seleccionada para viajar con toda su familia a Viena a prepararse junto a Boris Kuschnir<\/b>, uno de los mejores profesores del mundo. \u201cYo vengo de una familia normal. No hubi\u00e9semos podido hacer este viaje sin el apoyo de la beca. Hab\u00eda que trasladar a cuatro personas y cambiar toda nuestra vida a la otra parte del mundo para que yo estudiara.\u201d\u00a0<\/p>\n<p>\u201cLa verdad que adaptarse a Viena no fue nada dif\u00edcil, es una ciudad un poco m\u00e1s chica que Buenos Aires pero preciosa, llena de cultura, con muchos museos son gratuitos, y una escena musical enorme\u201d, dice.\u00a0 \u201cAc\u00e1 vienen muchos m\u00fasicos de los m\u00e1s importantes del mundo y de los que uno m\u00e1s admira&#8221;, agrega Pilar. &#8220;Vamos mucho a conciertos y teatros y aprendemos todo el tiempo.\u201d\u00a0<\/p>\n<h2>Tocar para el Papa<\/h2>\n<p>Francisco ten\u00eda una visita oficial a Hungr\u00eda,\u00a0pa\u00eds lim\u00edtrofe con Austria. La embajada argentina aprovech\u00f3 la oportunidad para conectar al Sumo Pont\u00edfice con &#8220;algo de argentinidad&#8221;, seg\u00fan define el embajador, raz\u00f3n por la cual se comunicaron con Pilar.\u00a0All\u00ed fue toda la familia, que se qued\u00f3 en casa de Pati\u00f1o Mayer unos d\u00edas hasta el concierto arreglado.\u00a0<\/p>\n<p>El 30 de abril se dio el encuentro en el que Francisco, un gran tanguero, escuch\u00f3 su versi\u00f3n de &#8220;La Cumparsita&#8221;. \u201cCuando termin\u00e9 lo vi contento y emocionado, hasta me cont\u00f3 an\u00e9cdotas, y me dijo que yo ten\u00eda un gran futuro por delante\u201d, recuerda Pilar.<\/p>\n<p>La artista tiene registrada aquella charla con Francisco como muy \u201cc\u00e1lida y c\u00f3moda\u201d, en la que se habl\u00f3 principalmente de m\u00fasica. \u201cHablamos de una artista que yo admiro mucho como Martha Argerich, y me cont\u00f3 que una vez se hab\u00eda lastimado una mano y, como ten\u00eda un concierto, entonces toc\u00f3 el Bolero de Ravel para mano izquierda\u201d, rememora.<\/p>\n<p>Argerich es su referente, pero en los relatos de Pilar tambi\u00e9n aparecen otros artistas destacados como\u00a0el director Daniel Barenboim y la chelista cordobesa Sol Gabetta. Le gusta &#8220;toda la m\u00fasica cl\u00e1sica&#8221;.<\/p>\n<p>Pilar se nuestra como lo que es, una adolescente normal, aunque dice ser consciente de la importancia de lo que est\u00e1 viviendo y afirma que est\u00e1 dispuesta a trabajar y aprender junto a sus a sus docentes. \u201cNo es f\u00e1cil dejar todo para venir al otro lado del mundo\u201d, dice, al tiempo que agrega que sin el apoyo de su familia \u201cno podr\u00eda haber hecho nada&#8221;.\u00a0<\/p>\n<p>El trabajo, el esfuerzo y el estudio son tres elementos que aprecen frecuentemente en la charla. Sostiene que si bien el talento \u201ces importante\u201d, sin trabajo \u201cno se va a ning\u00fan lado\u201d.\u00a0<\/p>\n<p>Mientras recomienda escuchar en viol\u00edn a Hilary Hann, Itzhak Perlman y Jascha Heifetz, se sonroja con la idea de que ella pueda inspirar a otros chicos y chicas en aquel lejano conurbano de su infancia. \u201cNo s\u00e9 si alguien puede sentirse identificado conmigo o gracias a mi se atreve a so\u00f1ar, pero si es as\u00ed le dir\u00eda que no se rinda y que tome cada oportunidad como una puerta que lo puede llevar a donde sea\u201d, afirma.\u00a0<\/p>\n<p>\u201cYo creo que cualquiera que lo sienta y lo desea puede pensar en so\u00f1ar en llegar a Viena, al Col\u00f3n o donde sea. La m\u00fasica de c\u00e1mara es hermosa, y creo que hay que impulsar a los ni\u00f1os que tienen esos sue\u00f1os a que peleen por ellos. Si lo m\u00edo sirve para ayudarlos me parece hermoso.\u201d\u00a0<\/p>\n<p>&#8220;No s\u00e9 si puedo hablar de d\u00f3nde llegu\u00e9, porque reci\u00e9n estoy empezando&#8221;, dice Pilar. &#8220;Todav\u00eda esto no termina ac\u00e1, porque yo vine a estudiar y tengo muchos sue\u00f1os por cumplir.&#8221;\u00a0<\/p>\n<p>&#8220;Creo que es importante trabajar y aprovechar cada oportunidad y como te dec\u00eda antes seguir jugando. Por supuesto que una va subiendo el nivel y aumentan los desaf\u00edos, y detr\u00e1s de eso hay mucho trabajo, pero al fin de cuentas subo a un escenario y sigo jugando.\u201d<\/p>\n<\/div>\n\n<p><em> &#8221; Fuentes www.pagina12.com.ar &#8221; <\/em><\/p>\n","protected":false},"excerpt":{"rendered":"<p>Cuenta la historia que en 1954, el presidente Juan Domingo Per\u00f3n recib\u00eda en su despacho a una ni\u00f1a prodigio, con un talento para el piano fuera de lo com\u00fan. Daba conciertos desde los siete y con apenas doce ya hab\u00eda tocado Schumann en el Teatro Col\u00f3n. El Presidente, al enterarse de su capacidad, y conocerla, [&hellip;]<\/p>\n","protected":false},"author":4,"featured_media":540903,"comment_status":"open","ping_status":"closed","sticky":false,"template":"","format":"standard","meta":{"om_disable_all_campaigns":false,"jnews-multi-image_gallery":[],"jnews_single_post":[],"jnews_primary_category":[],"jnews_social_meta":[],"footnotes":""},"categories":[39],"tags":[546],"class_list":["post-540902","post","type-post","status-publish","format-standard","has-post-thumbnail","hentry","category-viajes","tag-politica"],"_links":{"self":[{"href":"https:\/\/dimensionturistica.com\/es\/wp-json\/wp\/v2\/posts\/540902","targetHints":{"allow":["GET"]}}],"collection":[{"href":"https:\/\/dimensionturistica.com\/es\/wp-json\/wp\/v2\/posts"}],"about":[{"href":"https:\/\/dimensionturistica.com\/es\/wp-json\/wp\/v2\/types\/post"}],"author":[{"embeddable":true,"href":"https:\/\/dimensionturistica.com\/es\/wp-json\/wp\/v2\/users\/4"}],"replies":[{"embeddable":true,"href":"https:\/\/dimensionturistica.com\/es\/wp-json\/wp\/v2\/comments?post=540902"}],"version-history":[{"count":0,"href":"https:\/\/dimensionturistica.com\/es\/wp-json\/wp\/v2\/posts\/540902\/revisions"}],"wp:featuredmedia":[{"embeddable":true,"href":"https:\/\/dimensionturistica.com\/es\/wp-json\/wp\/v2\/media\/540903"}],"wp:attachment":[{"href":"https:\/\/dimensionturistica.com\/es\/wp-json\/wp\/v2\/media?parent=540902"}],"wp:term":[{"taxonomy":"category","embeddable":true,"href":"https:\/\/dimensionturistica.com\/es\/wp-json\/wp\/v2\/categories?post=540902"},{"taxonomy":"post_tag","embeddable":true,"href":"https:\/\/dimensionturistica.com\/es\/wp-json\/wp\/v2\/tags?post=540902"}],"curies":[{"name":"wp","href":"https:\/\/api.w.org\/{rel}","templated":true}]}}