{"id":540753,"date":"2023-05-20T16:01:40","date_gmt":"2023-05-20T16:01:40","guid":{"rendered":"https:\/\/dimensionturistica.com\/es\/?p=540753"},"modified":"2023-05-20T16:01:40","modified_gmt":"2023-05-20T16:01:40","slug":"las-reservas-mundiales-para-viajar-en-verano-aumentan-un-35-un-40-en-europa","status":"publish","type":"post","link":"https:\/\/dimensionturistica.com\/es\/las-reservas-mundiales-para-viajar-en-verano-aumentan-un-35-un-40-en-europa\/","title":{"rendered":"Las reservas mundiales para viajar en verano aumentan un 35%, un 40% en Europa"},"content":{"rendered":"<p> <br \/>\n<\/p>\n<div>\n<p>Las reservas de viajes a\u00e9reos a nivel mundial para volar entre mayo y septiembre son un 35% superiores al mismo periodo de 2022, seg\u00fan datos de la Asociaci\u00f3n de Transporte A\u00e9reo Internacional (IATA).<\/p>\n<p>La encuesta, que abarc\u00f3 a 4.700 <a rel=\"nofollow noopener\" target=\"_blank\" href=\"https:\/\/theobjective.com\/etiqueta\/viajeros\/\">viajeros<\/a> de 11 pa\u00edses, <strong>corresponde con datos de reservas del primer trimestre de este a\u00f1o<\/strong>.<\/p>\n<p>Las reservas repuntan sobre todo en la regi\u00f3n <a rel=\"nofollow noopener\" target=\"_blank\" href=\"https:\/\/theobjective.com\/etiqueta\/asia\">Asia-Pac\u00edfico<\/a> (+134,7%) tras la desaparici\u00f3n de restricciones por el <a rel=\"nofollow noopener\" target=\"_blank\" href=\"https:\/\/theobjective.com\/etiqueta\/coronavirus\/\">Covid-19<\/a>, seguido de <a rel=\"nofollow noopener\" target=\"_blank\" href=\"https:\/\/theobjective.com\/etiqueta\/oriente-medio\">Oriente Medio<\/a> (+42,9%), <a rel=\"nofollow noopener\" target=\"_blank\" href=\"https:\/\/theobjective.com\/etiqueta\/europa\/\">Europa<\/a> (39,9%) y <a rel=\"nofollow noopener\" target=\"_blank\" href=\"https:\/\/theobjective.com\/etiqueta\/africa\/\">\u00c1frica<\/a> (+36,4%).<\/p>\n<p>Adem\u00e1s, IATA se\u00f1ala que el 79% de los pasajeros tiene previsto viajar durante la temporada alta de este a\u00f1o. Asimismo, la gran mayor\u00eda espera viajar sin problemas, <strong>despu\u00e9s de que las compa\u00f1\u00edas a\u00e9reas y los aeropuertos reforzaran sus operaciones tras el caos del a\u00f1o pasado.<\/strong><\/p>\n<p>El vicepresidente senior de Operaciones, Seguridad y Protecci\u00f3n de la IATA, Nick Careen, ha destacado que \u00abaunque cabe esperar algunas perturbaciones, <strong>existe una clara expectativa de que se habr\u00e1n resuelto los problemas de aumento de tr\u00e1fico a los que se enfrentaron algunos <a rel=\"nofollow noopener\" target=\"_blank\" href=\"https:\/\/theobjective.com\/etiqueta\/aeropuertos\/\">aeropuertos<\/a> clave en 2022<\/strong>\u00bb.<\/p>\n<p>\u00abPara hacer frente a la fuerte demanda, las compa\u00f1\u00edas a\u00e9reas est\u00e1n planificando los horarios en funci\u00f3n de la capacidad que han declarado los aeropuertos, los controles fronterizos, los servicios de asistencia en tierra y los proveedores de servicios de navegaci\u00f3n a\u00e9rea\u00bb, ha a\u00f1adido.<\/p>\n<\/p><\/div>\n\n<p><em> &#8221; Fuentes theobjective.com &#8221; <\/em><\/p>\n","protected":false},"excerpt":{"rendered":"<p>Las reservas de viajes a\u00e9reos a nivel mundial para volar entre mayo y septiembre son un 35% superiores al mismo periodo de 2022, seg\u00fan datos de la Asociaci\u00f3n de Transporte A\u00e9reo Internacional (IATA). La encuesta, que abarc\u00f3 a 4.700 viajeros de 11 pa\u00edses, corresponde con datos de reservas del primer trimestre de este a\u00f1o. Las [&hellip;]<\/p>\n","protected":false},"author":4,"featured_media":540754,"comment_status":"open","ping_status":"closed","sticky":false,"template":"","format":"standard","meta":{"om_disable_all_campaigns":false,"jnews-multi-image_gallery":[],"jnews_single_post":[],"jnews_primary_category":[],"jnews_social_meta":[],"footnotes":""},"categories":[39],"tags":[1558,1865,4725,2873,790,545],"class_list":["post-540753","post","type-post","status-publish","format-standard","has-post-thumbnail","hentry","category-viajes","tag-aeropuertos","tag-reservas","tag-vacaciones-de-verano","tag-verano","tag-viajar","tag-viajes"],"_links":{"self":[{"href":"https:\/\/dimensionturistica.com\/es\/wp-json\/wp\/v2\/posts\/540753","targetHints":{"allow":["GET"]}}],"collection":[{"href":"https:\/\/dimensionturistica.com\/es\/wp-json\/wp\/v2\/posts"}],"about":[{"href":"https:\/\/dimensionturistica.com\/es\/wp-json\/wp\/v2\/types\/post"}],"author":[{"embeddable":true,"href":"https:\/\/dimensionturistica.com\/es\/wp-json\/wp\/v2\/users\/4"}],"replies":[{"embeddable":true,"href":"https:\/\/dimensionturistica.com\/es\/wp-json\/wp\/v2\/comments?post=540753"}],"version-history":[{"count":0,"href":"https:\/\/dimensionturistica.com\/es\/wp-json\/wp\/v2\/posts\/540753\/revisions"}],"wp:featuredmedia":[{"embeddable":true,"href":"https:\/\/dimensionturistica.com\/es\/wp-json\/wp\/v2\/media\/540754"}],"wp:attachment":[{"href":"https:\/\/dimensionturistica.com\/es\/wp-json\/wp\/v2\/media?parent=540753"}],"wp:term":[{"taxonomy":"category","embeddable":true,"href":"https:\/\/dimensionturistica.com\/es\/wp-json\/wp\/v2\/categories?post=540753"},{"taxonomy":"post_tag","embeddable":true,"href":"https:\/\/dimensionturistica.com\/es\/wp-json\/wp\/v2\/tags?post=540753"}],"curies":[{"name":"wp","href":"https:\/\/api.w.org\/{rel}","templated":true}]}}