{"id":540113,"date":"2023-05-20T10:39:11","date_gmt":"2023-05-20T10:39:11","guid":{"rendered":"https:\/\/dimensionturistica.com\/es\/?p=540113"},"modified":"2023-05-20T10:39:11","modified_gmt":"2023-05-20T10:39:11","slug":"cuba-premiada-en-feria-turistica-de-china","status":"publish","type":"post","link":"https:\/\/dimensionturistica.com\/es\/cuba-premiada-en-feria-turistica-de-china\/","title":{"rendered":"Cuba premiada en feria tur\u00edstica de China"},"content":{"rendered":"<p> <br \/>\n<\/p>\n<div>\n<p>   El lauro fue otorgado al Ministerio de Turismo de la isla y reconoce a la naci\u00f3n antillana como el destino m\u00e1s singular y caracter\u00edstico, con seguridad, amplio legado cultural,  patrimonial e hist\u00f3rico.<\/p>\n<p>   Adem\u00e1s, destaca los numerosos productos tur\u00edsticos de salud,  bienestar y calidad de vida de Cuba, sus aromas y sabores, as\u00ed como la hospitalidad y  amabilidad del pueblo.<\/p>\n<p>   El galard\u00f3n lo recibi\u00f3 la consejera de Turismo de la embajada de la isla en China,  Elizabeth Vela.<\/p>\n<p>   El estado caribe\u00f1o participa en esta importante feria y en ese contexto present\u00f3 oficialmente la campa\u00f1a promocional Cuba \u00danica en China.<\/p>\n<p>    Im\u00e1genes y videos con informaci\u00f3n de esa iniciativa engalanan el pabell\u00f3n de la isla en el evento, que se espera permita el fortalecimiento de la cooperaci\u00f3n bilateral en la llamada industria sin chimeneas.<\/p>\n<p>   Autoridades cubanas aqu\u00ed consideran a la feria una buena oportunidad para la promoci\u00f3n de los destinos, productos y potencialidades del turismo cubano en la regi\u00f3n del Caribe.<\/p>\n<p>   Cuba \u00danica coloca a los habitantes, las bondades y valores de la de la naci\u00f3n antillana en el centro de los atractivos que distinguen su industria del ocio.<\/p>\n<p>   En octubre pasado el p\u00fablico chino conoci\u00f3 sobre dicha campa\u00f1a en el contexto del cap\u00edtulo latinoamericano y caribe\u00f1o del evento Hola Mundo Mua de Shangh\u00e1i.        La Feria Internacional de Viajes de Guangzhou es una de las m\u00e1s importantes en Asia-Pac\u00edfico, se le conoce como la ventana del sector en la regi\u00f3n y en los \u00faltimos a\u00f1os sesion\u00f3 solo por Internet, debido a la pandemia de Covid-19.<\/p>\n<p>    A la presente edici\u00f3n asisten medio centenar de pa\u00edses.<\/p>\n<p>ro\/ymr<\/p>\n<\/p><\/div>\n\n<p><em> &#8221; Fuentes www.prensa-latina.cu &#8221; <\/em><\/p>\n","protected":false},"excerpt":{"rendered":"<p>El lauro fue otorgado al Ministerio de Turismo de la isla y reconoce a la naci\u00f3n antillana como el destino m\u00e1s singular y caracter\u00edstico, con seguridad, amplio legado cultural, patrimonial e hist\u00f3rico. Adem\u00e1s, destaca los numerosos productos tur\u00edsticos de salud, bienestar y calidad de vida de Cuba, sus aromas y sabores, as\u00ed como la hospitalidad [&hellip;]<\/p>\n","protected":false},"author":4,"featured_media":540114,"comment_status":"open","ping_status":"closed","sticky":false,"template":"","format":"standard","meta":{"om_disable_all_campaigns":false,"jnews-multi-image_gallery":[],"jnews_single_post":[],"jnews_primary_category":[],"jnews_social_meta":[],"footnotes":""},"categories":[40],"tags":[2405,956,35201,544],"class_list":["post-540113","post","type-post","status-publish","format-standard","has-post-thumbnail","hentry","category-industria","tag-china","tag-cuba","tag-nota-informativa","tag-turismo"],"_links":{"self":[{"href":"https:\/\/dimensionturistica.com\/es\/wp-json\/wp\/v2\/posts\/540113","targetHints":{"allow":["GET"]}}],"collection":[{"href":"https:\/\/dimensionturistica.com\/es\/wp-json\/wp\/v2\/posts"}],"about":[{"href":"https:\/\/dimensionturistica.com\/es\/wp-json\/wp\/v2\/types\/post"}],"author":[{"embeddable":true,"href":"https:\/\/dimensionturistica.com\/es\/wp-json\/wp\/v2\/users\/4"}],"replies":[{"embeddable":true,"href":"https:\/\/dimensionturistica.com\/es\/wp-json\/wp\/v2\/comments?post=540113"}],"version-history":[{"count":0,"href":"https:\/\/dimensionturistica.com\/es\/wp-json\/wp\/v2\/posts\/540113\/revisions"}],"wp:featuredmedia":[{"embeddable":true,"href":"https:\/\/dimensionturistica.com\/es\/wp-json\/wp\/v2\/media\/540114"}],"wp:attachment":[{"href":"https:\/\/dimensionturistica.com\/es\/wp-json\/wp\/v2\/media?parent=540113"}],"wp:term":[{"taxonomy":"category","embeddable":true,"href":"https:\/\/dimensionturistica.com\/es\/wp-json\/wp\/v2\/categories?post=540113"},{"taxonomy":"post_tag","embeddable":true,"href":"https:\/\/dimensionturistica.com\/es\/wp-json\/wp\/v2\/tags?post=540113"}],"curies":[{"name":"wp","href":"https:\/\/api.w.org\/{rel}","templated":true}]}}