{"id":540064,"date":"2023-05-20T08:38:01","date_gmt":"2023-05-20T08:38:01","guid":{"rendered":"https:\/\/dimensionturistica.com\/es\/?p=540064"},"modified":"2024-02-20T22:42:19","modified_gmt":"2024-02-20T22:42:19","slug":"la-bermuda-de-pedri-y-springfield-es-la-prenda-ideal-para-los-viajes-y-festivales-del-verano","status":"publish","type":"post","link":"https:\/\/dimensionturistica.com\/es\/la-bermuda-de-pedri-y-springfield-es-la-prenda-ideal-para-los-viajes-y-festivales-del-verano\/","title":{"rendered":"La bermuda de Pedri y Springfield es la prenda ideal para los viajes y festivales del verano"},"content":{"rendered":"<p> <br \/>\n<\/p>\n<div>\n<p class=\"\">El f\u00fatbol tambi\u00e9n puede vestir a la moda y marcar tendencias. Esa es la clave de la <a rel=\"nofollow noopener\" target=\"_blank\" href=\"https:\/\/as.com\/showroom\/pedri-x-springfield-asi-es-la-nueva-coleccion-de-ropa-sport-inspirada-en-el-futbolista-del-barcelona-n\/\">reciente colaboraci\u00f3n<\/a> entre la firma espa\u00f1ola <b>Springfield<\/b> y la joven estrella del FC Barcelona, <b>Pedri Gonz\u00e1lez<\/b>. Entre los dos han concebido la <a rel=\"nofollow noopener\" target=\"_blank\" href=\"https:\/\/www.awin1.com\/cread.php?awinmid=18295&amp;awinaffid=484367&amp;clickref=showbermudapedri200523&amp;ued=https%3A%2F%2Fmyspringfield.com%2Fes%2Fes%2Fhombre%2Ftendencias%2Fpedri-x-springfield\"><b>colecci\u00f3n Pedri x Springfield<\/b><\/a>, que se centra en llevar un <b>estilo deportivo<\/b> a la ropa de la vida diaria, adaptada a cada temporada del a\u00f1o. Por lo tanto, en esta ocasi\u00f3n nos centraremos en la <a rel=\"nofollow noopener\" target=\"_blank\" href=\"https:\/\/www.awin1.com\/cread.php?awinmid=18295&amp;awinaffid=484367&amp;clickref=showbermudapedri200523&amp;ued=https%3A%2F%2Fmyspringfield.com%2Fes%2Fes%2Fhombre%2Fpantalones%2Fbermuda-felpa-pedri-gonzalez%2F0225114.html\"><b>bermuda de felpa<\/b><\/a> que forma parte de esta l\u00ednea, ya que es la prenda ideal para utilizar en la calle, la playa y los festivales este verano.<\/p>\n<h3 class=\"\"><b>Fresca y f\u00e1cil de combinar<\/b><\/h3>\n<p class=\"\">No cabe duda de que el <b>mejor color para usar en verano<\/b>, especialmente al aire libre, es el <b>blanco<\/b>. Por lo tanto, esta bermuda ha sido seleccionada especialmente por Pedri para <b>mantenerse fresco<\/b> en los d\u00edas con temperaturas altas, ya que la ropa blanca evita la retenci\u00f3n del calor y, adem\u00e1s, es <b>f\u00e1cil de combinar<\/b> con cualquiera de los tonos de tu armario.<\/p>\n<p class=\"\">Se trata de una<b> bermuda de tres cabos sin perchar<\/b>, en el que destacan dos aspectos decorativos <b>bordados en color negro<\/b> de contraste. En la cara delantera, sobre la pierna izquierda, aparece la inscripci\u00f3n <b>\u201cEst. 2002\u2033<\/b>, en referencia al a\u00f1o de nacimiento del futbolista de origen canario. Mientras, en la parte trasera aparece el <b>logotipo de Pedri<\/b> \u2014una combinaci\u00f3n de su inicial, \u201cP\u201d, con el n\u00famero 8 que utiliza en el Barcelona\u2014.<\/p>\n<h3 class=\"\"><b>Tejido c\u00f3modo y suave<\/b><\/h3>\n<p class=\"\">En la misma l\u00ednea con lo anterior, la <b>bermuda de Pedri y Springfield<\/b> est\u00e1 confeccionada al <b>100% en algod\u00f3n de origen org\u00e1nico<\/b>. Se trata de un tejido que te permitir\u00e1 <b>mantenerte fresco<\/b> en verano y cuyo <b>tacto suave<\/b> se siente c\u00f3modo en cualquier situaci\u00f3n, incluso en momentos de mayor actividad, <b>sin roces o humedades inc\u00f3modas<\/b>.<\/p>\n<p class=\"\">Para esto \u00faltimo, un <b>ajuste perfecto<\/b> es imprescindible si utilizas la bermuda, por ejemplo, para ir a un festival o a la playa. Es por ello que la cintura cuenta con una <b>pretina de resorte<\/b> y <b>cierre de cordones<\/b> para regular el ajuste a tu gusto y necesidades. Adem\u00e1s, presenta un <b>largo hasta las rodillas<\/b>, muy al estilo de los pantalones cortos de f\u00fatbol, que la hace f\u00e1cil de combinar con <b>atuendo deportivos o m\u00e1s casuales<\/b>.<\/p>\n<p class=\"\"><b>*Todos los precios incluidos en este art\u00edculo est\u00e1n actualizados a fecha 20-05-2023.<\/b><\/p>\n<p class=\"\"><a rel=\"nofollow noopener\" target=\"_blank\" href=\"https:\/\/asfan.as.com\/newsletters\/lnp\/1\/370?id_externo_noti=contenido&amp;v=pf\"><i><b>Suscr\u00edbete a la newsletter de Showroom y recibe peri\u00f3dicamente las mejores ofertas<\/b><\/i><\/a><\/p>\n<\/div>\n\n<p><em> &#8221; Fuentes as.com &#8221; <\/em><\/p>\n","protected":false},"excerpt":{"rendered":"<p>El f\u00fatbol tambi\u00e9n puede vestir a la moda y marcar tendencias. Esa es la clave de la reciente colaboraci\u00f3n entre la firma espa\u00f1ola Springfield y la joven estrella del FC Barcelona, Pedri Gonz\u00e1lez. Entre los dos han concebido la colecci\u00f3n Pedri x Springfield, que se centra en llevar un estilo deportivo a la ropa de [&hellip;]<\/p>\n","protected":false},"author":4,"featured_media":540065,"comment_status":"open","ping_status":"closed","sticky":false,"template":"","format":"standard","meta":{"om_disable_all_campaigns":false,"jnews-multi-image_gallery":[],"jnews_single_post":[],"jnews_primary_category":[],"jnews_social_meta":[],"footnotes":""},"categories":[144872,39],"tags":[],"class_list":["post-540064","post","type-post","status-publish","format-standard","has-post-thumbnail","hentry","category-fashion","category-viajes"],"_links":{"self":[{"href":"https:\/\/dimensionturistica.com\/es\/wp-json\/wp\/v2\/posts\/540064","targetHints":{"allow":["GET"]}}],"collection":[{"href":"https:\/\/dimensionturistica.com\/es\/wp-json\/wp\/v2\/posts"}],"about":[{"href":"https:\/\/dimensionturistica.com\/es\/wp-json\/wp\/v2\/types\/post"}],"author":[{"embeddable":true,"href":"https:\/\/dimensionturistica.com\/es\/wp-json\/wp\/v2\/users\/4"}],"replies":[{"embeddable":true,"href":"https:\/\/dimensionturistica.com\/es\/wp-json\/wp\/v2\/comments?post=540064"}],"version-history":[{"count":0,"href":"https:\/\/dimensionturistica.com\/es\/wp-json\/wp\/v2\/posts\/540064\/revisions"}],"wp:featuredmedia":[{"embeddable":true,"href":"https:\/\/dimensionturistica.com\/es\/wp-json\/wp\/v2\/media\/540065"}],"wp:attachment":[{"href":"https:\/\/dimensionturistica.com\/es\/wp-json\/wp\/v2\/media?parent=540064"}],"wp:term":[{"taxonomy":"category","embeddable":true,"href":"https:\/\/dimensionturistica.com\/es\/wp-json\/wp\/v2\/categories?post=540064"},{"taxonomy":"post_tag","embeddable":true,"href":"https:\/\/dimensionturistica.com\/es\/wp-json\/wp\/v2\/tags?post=540064"}],"curies":[{"name":"wp","href":"https:\/\/api.w.org\/{rel}","templated":true}]}}