{"id":539560,"date":"2023-05-19T16:19:12","date_gmt":"2023-05-19T16:19:12","guid":{"rendered":"https:\/\/dimensionturistica.com\/es\/?p=539560"},"modified":"2023-05-19T16:19:12","modified_gmt":"2023-05-19T16:19:12","slug":"ocupacion-hotelera-caeria-4-8-en-vacaciones-de-mitad-de-ano-cotelco","status":"publish","type":"post","link":"https:\/\/dimensionturistica.com\/es\/ocupacion-hotelera-caeria-4-8-en-vacaciones-de-mitad-de-ano-cotelco\/","title":{"rendered":"Ocupaci\u00f3n hotelera caer\u00eda 4.8% en vacaciones de mitad de a\u00f1o: Cotelco"},"content":{"rendered":"<p> <br \/>\n<\/p>\n<div>\n<p>Se acerca en Colombia una de las temporadas m\u00e1s importantes para el sector tur\u00edstico y hotelero, <strong>las vacaciones de mitad de a\u00f1o,<\/strong> cuando miles de familias han comprado sus planes de viaje para poder disfrutar de un momento de descanso.<\/p>\n<p><amp-ad width=\"300\" height=\"250\" type=\"doubleclick\" data-slot=\"\/1656666\/RCN_RADIO\/AMP\/roba_pagina_m\" rtc-config=\"{&quot;urls&quot;: [&quot;https:\/\/ads.us.e-planning.net\/hb\/1\/2a4fe\/ADCID\/HB_AMP\/ROS?dc=1&amp;e=ATTR(width)xATTR(height)!ATTR(data-slot)&amp;ur=HREF&quot;], &quot;timeoutMillis&quot;: 750}\"\/><\/p>\n<p>El <strong>presidente de la Asociaci\u00f3n Hotelera y Tur\u00edstica de Colombia\u00a0(Cotelco), Jos\u00e9 Andr\u00e9s Duarte<\/strong>, sostuvo que se tiene previsto que para estas fechas se presente una reducci\u00f3n del 4.8% en la ocupaci\u00f3n hotelera a nivel nacional.<\/p>\n<p><amp-ad width=\"4\" height=\"3\" type=\"sunmedia\" layout=\"responsive\" data-cid=\"5fa53d24-c81f-44ac-b7ae-85b209318bc9\" data-html-access-allowed=\"true\" data-block-on-consent=\"_auto_reject\" rtc-config=\"{&quot;urls&quot;: [&quot;https:\/\/ads.us.e-planning.net\/hb\/1\/2a4fe\/ADCID\/HB_AMP\/ROS?dc=1&amp;e=ATTR(width)xATTR(height)!ATTR(data-slot)&amp;ur=HREF&quot;], &quot;timeoutMillis&quot;: 750}\"\/><\/p>\n<p>&#8220;<strong>Una reducci\u00f3n en la ocupaci\u00f3n de menos 4.8 % <\/strong>respecto al mismo periodo del a\u00f1o 2022. Esto se suma por supuesto al comportamiento que hemos venido registrando nosotros desde los primeros meses del a\u00f1o que a su vez constatan el comportamiento que hemos registrado<strong> en el mes de abril en una ca\u00edda de menos 4, 2 % al pasar del 59, 8% de ocupaci\u00f3n<\/strong> hotelera en abril al 55, 58% en el abril de este a\u00f1o&#8221;, destac\u00f3 Duarte.<\/p>\n<p>Seg\u00fan Cotelco, <strong>se tiene previsto que dos millones y medio de personas se transporten por v\u00eda terrestre <\/strong>para esta temporada y que <strong>m\u00e1s de tres millones lo hagan a trav\u00e9s de veh\u00edculo <\/strong>por las diferentes carreteras de todo el pa\u00eds.<\/p>\n<p><amp-ad width=\"4\" height=\"3\" type=\"sunmedia\" layout=\"responsive\" data-cid=\"966a6131-cc43-426b-9773-e4f9a1a059eb\" data-html-access-allowed=\"true\" data-block-on-consent=\"_auto_reject\" rtc-config=\"{&quot;urls&quot;: [&quot;https:\/\/ads.us.e-planning.net\/hb\/1\/2a4fe\/ADCID\/HB_AMP\/ROS?dc=1&amp;e=ATTR(width)xATTR(height)!ATTR(data-slot)&amp;ur=HREF&quot;], &quot;timeoutMillis&quot;: 750}\"\/><\/p>\n<p>Lea tambi\u00e9n:<strong>\u00a0<a rel=\"nofollow noopener\" target=\"_blank\" href=\"https:\/\/www.rcnradio.com\/economia\/las-marcas-de-leche-que-sorprenden-con-su-bajo-precio-tras-anuncio-de-supermercados\" hreflang=\"es\">Las marcas de leche que sorprenden con su bajo precio tras anuncio de supermercados<\/a><\/strong><\/p>\n<p>La presidenta ejecutiva de la <strong>Asociaci\u00f3n Colombiana de Agencias de Viajes y Turismo (Anato), Paula Cort\u00e9s, <\/strong>sostuvo desde el sector se espera que no se presente una contracci\u00f3n de la econom\u00eda en lo que representa este sector.<\/p>\n<p>Indic\u00f3 que <strong>se encuentran a la espera de que las aerol\u00edneas ofrezcan reacomodaci\u00f3n gratuita<\/strong> a pasajeros afectados por el cese de operaciones de las aerol\u00edneas <strong>Viva Air y Ultra Air<\/strong>.<\/p>\n<p>&#8220;Eso es lo que <strong>estamos haciendo para seguir aumentando el turismo en nuestro pa\u00eds.<\/strong> Lo que no queremos y lo menos que puede pasar es que volvamos a tener una contracci\u00f3n de la econom\u00eda basada en lo que genera el sector tur\u00edstico&#8221;, sostuvo la presidenta ejecutiva de Anato.<\/p>\n<p>Agreg\u00f3 que &#8220;<strong>vamos a trabajar para que la temporada de junio y julio <\/strong>sea una temporada importante. Estamos viendo c\u00f3mo se reacomodan las aerol\u00edneas o cubriendo el espacio que dej\u00f3 viva y que dej\u00f3 ultra&#8221;.<\/p>\n<p>Lea tambi\u00e9n:\u00a0<strong><a rel=\"nofollow noopener\" target=\"_blank\" href=\"https:\/\/www.rcnradio.com\/economia\/la-venta-de-vivienda-sigue-cayendo-en-colombia-cifras-alarmantes\" hreflang=\"es\">La venta de vivienda sigue cayendo en Colombia: cifras alarmantes<\/a><\/strong><\/p>\n<p>Cort\u00e9s a\u00f1adi\u00f3 que en caso de que no se presente reacomodaci\u00f3n gratuita por parte de Aerol\u00edneas, <strong>el sector tur\u00edstico y hotelero se podr\u00e1 ver afectado <\/strong>e incluso <strong>varias agencias podr\u00edan presentar inconvenientes <\/strong>en sus finanzas.<\/p>\n<p>&#8220;Es una preocupaci\u00f3n del sector de las agencias de viajes,<strong> si no se logra poder reacomodar la gente que ya pag\u00f3 los tiquetes en vivo a trav\u00e9s de las agencias de viajes, pues obviamente va a haber un problema enorme <\/strong>porque los consumidores van a reclamar y las agencias de viaje no tienen ese dinero&#8221;, agreg\u00f3.<\/p>\n<p>El <strong>sector tur\u00edstico y hotelero solicit\u00f3 al Gobierno Nacional establecer estrategias <\/strong>que permitan que se presente un crecimiento, teniendo en cuenta los factores que han impactado el mercado como el cese de operaciones de dos aerol\u00edneas y<strong> la inflaci\u00f3n de 12.82% que ha hecho que algunos usuarios desistan de viajar.<\/strong><\/p>\n<\/div>\n\n<p><em> &#8221; Fuentes www.rcnradio.com &#8221; <\/em><\/p>\n","protected":false},"excerpt":{"rendered":"<p>Se acerca en Colombia una de las temporadas m\u00e1s importantes para el sector tur\u00edstico y hotelero, las vacaciones de mitad de a\u00f1o, cuando miles de familias han comprado sus planes de viaje para poder disfrutar de un momento de descanso. El presidente de la Asociaci\u00f3n Hotelera y Tur\u00edstica de Colombia\u00a0(Cotelco), Jos\u00e9 Andr\u00e9s Duarte, sostuvo que [&hellip;]<\/p>\n","protected":false},"author":4,"featured_media":0,"comment_status":"open","ping_status":"closed","sticky":false,"template":"","format":"standard","meta":{"om_disable_all_campaigns":false,"jnews-multi-image_gallery":[],"jnews_single_post":[],"jnews_primary_category":[],"jnews_social_meta":[],"footnotes":""},"categories":[40],"tags":[5748,1149,544],"class_list":["post-539560","post","type-post","status-publish","format-standard","hentry","category-industria","tag-cotelco","tag-ocupacion-hotelera","tag-turismo"],"_links":{"self":[{"href":"https:\/\/dimensionturistica.com\/es\/wp-json\/wp\/v2\/posts\/539560","targetHints":{"allow":["GET"]}}],"collection":[{"href":"https:\/\/dimensionturistica.com\/es\/wp-json\/wp\/v2\/posts"}],"about":[{"href":"https:\/\/dimensionturistica.com\/es\/wp-json\/wp\/v2\/types\/post"}],"author":[{"embeddable":true,"href":"https:\/\/dimensionturistica.com\/es\/wp-json\/wp\/v2\/users\/4"}],"replies":[{"embeddable":true,"href":"https:\/\/dimensionturistica.com\/es\/wp-json\/wp\/v2\/comments?post=539560"}],"version-history":[{"count":0,"href":"https:\/\/dimensionturistica.com\/es\/wp-json\/wp\/v2\/posts\/539560\/revisions"}],"wp:attachment":[{"href":"https:\/\/dimensionturistica.com\/es\/wp-json\/wp\/v2\/media?parent=539560"}],"wp:term":[{"taxonomy":"category","embeddable":true,"href":"https:\/\/dimensionturistica.com\/es\/wp-json\/wp\/v2\/categories?post=539560"},{"taxonomy":"post_tag","embeddable":true,"href":"https:\/\/dimensionturistica.com\/es\/wp-json\/wp\/v2\/tags?post=539560"}],"curies":[{"name":"wp","href":"https:\/\/api.w.org\/{rel}","templated":true}]}}