{"id":539552,"date":"2023-05-19T16:11:25","date_gmt":"2023-05-19T16:11:25","guid":{"rendered":"https:\/\/dimensionturistica.com\/es\/?p=539552"},"modified":"2023-05-19T16:11:25","modified_gmt":"2023-05-19T16:11:25","slug":"la-fiebre-por-viajar-dispara-los-precios","status":"publish","type":"post","link":"https:\/\/dimensionturistica.com\/es\/la-fiebre-por-viajar-dispara-los-precios\/","title":{"rendered":"La fiebre por viajar dispara los precios"},"content":{"rendered":"<p> <br \/>\n<\/p>\n<div>\n<div class=\"paragraph\">\n<p class=\"p_1\">Viajar est\u00e1 caro, muy caro. Los datos reflejan una subida espectacular de la demanda que ha impactado de manera total en la oferta. El fin de la pandemia y la inflaci\u00f3n general de los precios ha provocado que hoy en d\u00eda toque rascarse mucho el bolsillo. \u00abHa subido todo en general. Es una sobrecarga encima de la carga. Todo sube y los viajes no est\u00e1n aparte. Todo hace que el viaje sea m\u00e1s caro. Los vuelos, los hoteles, la comida&#8230; Los viajes que antes val\u00edan 1.000 ahora valen 1.300 o 1.400 euros. Es un efecto domin\u00f3 total\u00bb, as\u00ed resume perfectamente <b>Meritxell<\/b>, trabajadora de la agencia de viajes <b>Emilio Tour<\/b> lo que est\u00e1 sucediendo durante el \u00faltimo a\u00f1o en el sector del turismo.<\/p>\n<p class=\"p_2\"><b>Manel Aguil\u00f3, de la Galia Viatges<\/b>, agencia situada en <b>Reus<\/b>, confirma tambi\u00e9n esta tendencia: \u00abLa demanda ha subido porque no hay toda la oferta que hab\u00eda antes de la pandemia, no todas las l\u00edneas a\u00e9reas est\u00e1n operativas de manera total y la gente tiene ahora m\u00e1s ganas de viajar\u00bb. Sin embargo, viajar es una actividad que casi todas las familias y personas ponen muy arriba en su lista de prioridades. Durante dos a\u00f1os, debido a la pandemia, no se pudo hacer con la libertad que ya se hace hoy en d\u00eda. Ese freno ha provocado que volver a hacer las maletas se haga con mayor entusiasmo y en muchas ocasiones nada detenga el viaje. \u00abTodo el mundo quiere viajar y no se encuentran casi lugares porque todos son caros, pero terminan pagando porque quieren irse de viaje. Hay mucha demanda. Despu\u00e9s de la pandemia es el a\u00f1o que m\u00e1s se ha viajado\u00bb, relata la trabajadora de <b>Emilio Tours<\/b>.<\/p>\n<\/p><\/div>\n<blockquote class=\"quote\"><p> <span><\/p>\n<p>Hay mucha demanda. Despu\u00e9s de la pandemia es el a\u00f1o que m\u00e1s se ha viajado<\/p>\n<p><\/span> <\/p><\/blockquote>\n<div class=\"paragraph\">\n<p class=\"p_3\">Aguil\u00f3 tambi\u00e9n refleja con sus palabras que viajar hoy en d\u00eda est\u00e1 otra vez en un punto muy \u00e1lgido: \u00abDurante el comienzo de a\u00f1o el nivel de reservas funcion\u00f3 bien. A partir de finales de Semana Santa ha subido mucho el precio de los vuelos. Te dir\u00eda que ha aumentado el precio de los viajes en general entre un 15 y 20%\u00bb.<\/p>\n<p class=\"p_4\">Los datos reflejan esta tendencia al alza y lo hacen de manera firme. Seg\u00fan un estudio elaborado por Adigital, en colaboraci\u00f3n con<b> TravelgateX, Destinia, eBooking.com y Rentalia<\/b>, el gasto medio por viaje de los espa\u00f1oles ya est\u00e1 por encima de las cifras de 2019. <b>As\u00ed, en la \u00e9poca precovid, ir al extranjero s\u00f3lo conllevaba un 6% m\u00e1s de gasto (819 euros) respecto a quedarse en Espa\u00f1a, mientras que ahora llega a suponer un 21% m\u00e1s (1.000\u20ac) respecto al turismo nacional. <\/b><\/p>\n<p class=\"p_5\">No obstante, este encarecimiento no ha frenado la demanda, y los destinos internacionales siguen siendo una prioridad. Hay un lugar que Meritxell confirma que est\u00e1 ganando mucha popularidad entre sus clientes y que confirma que viajar lejos es hoy en d\u00eda una prioridad para muchos ciudadanos: \u00abLos viajes internacionales han subido much\u00edsimo m\u00e1s. Egipto es el destino favorito y est\u00e1 destacad\u00edsimo. Pero tambi\u00e9n sigue habiendo mucha demanda de viajes por Europa o los cruceros, que siguen muy de moda\u00bb.<\/p>\n<\/p><\/div>\n<p> En la \u00e9poca precovid, ir al extranjero s\u00f3lo conllevaba un 6% m\u00e1s de gasto (819 euros) respecto a quedarse en Espa\u00f1a, mientras que ahora llega a suponer un 21% m\u00e1s (1.000\u20ac) respecto al turismo nacional\n                  <\/p>\n<div class=\"paragraph\">\n<p class=\"p_6\">Tambi\u00e9n hay una diferencia a la hora de afrontar un viaje respecto al rango de edad. Los j\u00f3venes y los mayores tienen prioridades diferentes en su lista. \u00abLos mayores apuestan mucho por la calidad y el bienestar por encima de lo econ\u00f3mico. Prefieren pagar m\u00e1s, pero contar mejor servicios. En cambio, los j\u00f3venes s\u00ed que son m\u00e1s organizados y prefieren tener un viaje m\u00e1s basado en lo econ\u00f3mico que en el bienestar\u00bb, explica <b>Meritxell<\/b>.<\/p>\n<p class=\"p_7\">L\u00f3gicamente, la subida de precio de los viajes ha provocado cambios a la hora de afrontar un viaje. <b>Manel Aguil\u00f3<\/b> ha detectado sobre todo dos grandes variaciones en los \u00faltimos a\u00f1os: \u00abUna de las cosas que ha cambiado es que ahora se viaja menos d\u00edas si el presupuesto se dispara demasiado de precio. Adem\u00e1s, en los \u00faltimos a\u00f1os se ha modificado la estacionalidad. Antes la gran carga de viajas se concentraba en los meses de julio y agosto, pero ahora la gente que no tiene sobre todo limitaciones de ni\u00f1os opta para evitar la temporada alta\u00bb.<\/p>\n<\/p><\/div>\n<blockquote class=\"quote\"><p> <span><\/p>\n<p>Una de las cosas que ha cambiado es que ahora se viaja menos d\u00edas si el presupuesto se dispara demasiado de precio. Adem\u00e1s, en los \u00faltimos a\u00f1os se ha modificado la estacionalidad<\/p>\n<p><\/span> <\/p><\/blockquote>\n<div class=\"paragraph\">\n<p class=\"p_8\">Sandra y Adri\u00e1n son una joven pareja tarraconense que se marcha de luna de miel a <b>Thailandia<\/b> en el mes de diciembre. Su boda se celebra en septiembre, pero han decidido aplazar su viaje por un asunto meramente econ\u00f3mico: \u00abNos ahorramos casi <b>300 euros<\/b> por persona entre vuelos y alojamientos. Adem\u00e1s mi mujer es profesora y prefiere comenzar el curso escolar y luego ya cogerse las vacaciones en diciembre\u00bb.<\/p>\n<p class=\"p_9\">Sobre el precio futuro de los viajes, ambas agencias cree que tiene que terminar estabiliz\u00e1ndose. As\u00ed lo afirma <b>Meritxell, de Emilio Tour<\/b>: \u201cCreo que se tiene que estabilizar. No puede subir m\u00e1s. Pero es mi pensamiento y todo depende de diferentes factores a nivel mundial\u201d. Aguil\u00f3 va m\u00e1s all\u00e1 y pronostica lo siguiente: \u00abCreo que los precios econ\u00f3micos que ten\u00edamos antes ser\u00e1 muy complicado que los podamos volver a tener hace <b>3-4 a\u00f1os<\/b>. Las compa\u00f1\u00edas <i>low cost<\/i> se est\u00e1n viendo obligadas a aumentar sus costes. Todos tenemos un modelo de negocio para ganar dinero\u00bb.<\/p>\n<p class=\"p_10\">En definitiva, la alta demanda ha tenido un impacto significativo en el aumento del costo de los viajes. Esto ha llevado a un incremento en los precios de los vuelos, alojamientos y otros servicios relacionados con los viajes. El futuro es desconocido, pero nada asegura que se estabilicen los precios ni mucho menos disminuyan. Hacer las maletas tiene un coste, aunque parece que el ciudadano no tiene reparos en asumirlo. Cuesti\u00f3n de prioridades.<\/p>\n<\/p><\/div><\/div>\n\n<p><em> &#8221; Fuentes www.diaridetarragona.com &#8221; <\/em><\/p>\n","protected":false},"excerpt":{"rendered":"<p>Viajar est\u00e1 caro, muy caro. Los datos reflejan una subida espectacular de la demanda que ha impactado de manera total en la oferta. El fin de la pandemia y la inflaci\u00f3n general de los precios ha provocado que hoy en d\u00eda toque rascarse mucho el bolsillo. \u00abHa subido todo en general. Es una sobrecarga encima [&hellip;]<\/p>\n","protected":false},"author":4,"featured_media":539553,"comment_status":"open","ping_status":"closed","sticky":false,"template":"","format":"standard","meta":{"om_disable_all_campaigns":false,"jnews-multi-image_gallery":[],"jnews_single_post":[],"jnews_primary_category":[],"jnews_social_meta":[],"footnotes":""},"categories":[40],"tags":[1356],"class_list":["post-539552","post","type-post","status-publish","format-standard","has-post-thumbnail","hentry","category-industria","tag-covid"],"_links":{"self":[{"href":"https:\/\/dimensionturistica.com\/es\/wp-json\/wp\/v2\/posts\/539552","targetHints":{"allow":["GET"]}}],"collection":[{"href":"https:\/\/dimensionturistica.com\/es\/wp-json\/wp\/v2\/posts"}],"about":[{"href":"https:\/\/dimensionturistica.com\/es\/wp-json\/wp\/v2\/types\/post"}],"author":[{"embeddable":true,"href":"https:\/\/dimensionturistica.com\/es\/wp-json\/wp\/v2\/users\/4"}],"replies":[{"embeddable":true,"href":"https:\/\/dimensionturistica.com\/es\/wp-json\/wp\/v2\/comments?post=539552"}],"version-history":[{"count":0,"href":"https:\/\/dimensionturistica.com\/es\/wp-json\/wp\/v2\/posts\/539552\/revisions"}],"wp:featuredmedia":[{"embeddable":true,"href":"https:\/\/dimensionturistica.com\/es\/wp-json\/wp\/v2\/media\/539553"}],"wp:attachment":[{"href":"https:\/\/dimensionturistica.com\/es\/wp-json\/wp\/v2\/media?parent=539552"}],"wp:term":[{"taxonomy":"category","embeddable":true,"href":"https:\/\/dimensionturistica.com\/es\/wp-json\/wp\/v2\/categories?post=539552"},{"taxonomy":"post_tag","embeddable":true,"href":"https:\/\/dimensionturistica.com\/es\/wp-json\/wp\/v2\/tags?post=539552"}],"curies":[{"name":"wp","href":"https:\/\/api.w.org\/{rel}","templated":true}]}}