{"id":539459,"date":"2023-05-19T14:02:19","date_gmt":"2023-05-19T14:02:19","guid":{"rendered":"https:\/\/dimensionturistica.com\/es\/?p=539459"},"modified":"2024-02-20T21:28:23","modified_gmt":"2024-02-20T21:28:23","slug":"la-plataforma-intermodal-en-el-eje-de-las-propuestas-de-industria-de-ramon","status":"publish","type":"post","link":"https:\/\/dimensionturistica.com\/es\/la-plataforma-intermodal-en-el-eje-de-las-propuestas-de-industria-de-ramon\/","title":{"rendered":"La plataforma intermodal en el eje de las propuestas de industria de Ram\u00f3n"},"content":{"rendered":"<p> <br \/>\n<\/p>\n<div>\n<p><strong>Los socialistas de Ponferrada presentaron hoy las medidas que en materia de industria y empleo.<\/strong><\/p>\n<figure class=\"wp-block-image size-full\"><amp-img width=\"1200\" height=\"675\" src=\"https:\/\/www.bierzotv.com\/wp-content\/uploads\/2023\/05\/ramon-propuestasq-industria.jpg\" alt=\"\" class=\"wp-image-114299 amp-wp-enforced-sizes i-amphtml-layout-intrinsic i-amphtml-layout-size-defined\" srcset=\"https:\/\/www.bierzotv.com\/wp-content\/uploads\/2023\/05\/ramon-propuestasq-industria.jpg 1200w, https:\/\/www.bierzotv.com\/wp-content\/uploads\/2023\/05\/ramon-propuestasq-industria-768x432.jpg 768w\" sizes=\"(max-width: 1200px) 100vw, 1200px\" layout=\"intrinsic\" disable-inline-width=\"\" i-amphtml-layout=\"intrinsic\"><i-amphtml-sizer slot=\"i-amphtml-svc\" class=\"i-amphtml-sizer\"><img decoding=\"async\" alt=\"\" aria-hidden=\"true\" class=\"i-amphtml-intrinsic-sizer\" role=\"presentation\" src=\"data:image\/svg+xml;base64,PHN2ZyBoZWlnaHQ9IjY3NSIgd2lkdGg9IjEyMDAiIHhtbG5zPSJodHRwOi8vd3d3LnczLm9yZy8yMDAwL3N2ZyIgdmVyc2lvbj0iMS4xIi8+\"\/><\/i-amphtml-sizer><noscript><img decoding=\"async\" loading=\"lazy\" width=\"1200\" height=\"675\" src=\"https:\/\/www.bierzotv.com\/wp-content\/uploads\/2023\/05\/ramon-propuestasq-industria.jpg\" alt=\"\" srcset=\"https:\/\/www.bierzotv.com\/wp-content\/uploads\/2023\/05\/ramon-propuestasq-industria.jpg 1200w, https:\/\/www.bierzotv.com\/wp-content\/uploads\/2023\/05\/ramon-propuestasq-industria-768x432.jpg 768w\" sizes=\"auto, (max-width: 1200px) 100vw, 1200px\"\/><\/noscript><\/amp-img><figcaption class=\"wp-element-caption\">Olegario Ram\u00f3n presenta las propuestas del \u00e1rea de industria en Ponferrada<\/figcaption><\/figure>\n<p>El alcalde y candidato por el PSOE, Olegario Ram\u00f3n, se\u00f1al\u00f3 que \u00abnuestra prioridad ser\u00e1 la <strong>rehabilitaci\u00f3n y modernizaci\u00f3n<\/strong>, tanto de los accesos como del interior y de las infraestructuras del<strong> pol\u00edgono de La Llanada<\/strong>, para facilitar el trabajo de las empresas radicadas en \u00e9l y para atraer a otras empresas\u201d. El actual Alcalde considera prioritario <strong>continuar con el proceso de desarrollo de la plataforma intermodal <\/strong>en el entorno de La Placa, ejecutando el proyecto del apartadero de trenes y creando un \u00e1rea log\u00edstica, que conlleva la creaci\u00f3n de nuevo suelo industrial, as\u00ed como la recuperaci\u00f3n y puesta en valor del patrimonio industrial de los edificios de La Placa\u201d.<\/p>\n<p>Otro proyecto complementario que ya est\u00e1 en marcha es el desarrollo del<strong> parque agroalimentario del Bierzo<\/strong>, en colaboraci\u00f3n intermunicipal, as\u00ed como el impulso de eventos promocionales e impulsores del desarrollo local, econ\u00f3mico y social, tales como ferias y congresos.<\/p>\n<p>Asimismo intensificar\u00e1 la aplicaci\u00f3n de instrumentos para la <strong>adaptaci\u00f3n digital de las empresas <\/strong>y de manera acompasada con la recualificaci\u00f3n de las y los trabajadores y para evitar que la brecha digital se ampl\u00ede cada vez m\u00e1s y suponga la expulsi\u00f3n del mercado de trabajo de las personas con menos recursos.<\/p>\n<p>Entre las medidas que propone el programa electoral, el actual alcalde Olegario Ram\u00f3n apunt\u00f3 que \u00abcontinuaremos promoviendo <strong>espacios de coworking que permitan a ideas emprendedoras <\/strong>o empresas reci\u00e9n creadas alcanzar una situaci\u00f3n que posibilite su posterior desarrollo independiente, as\u00ed como, atraer el emprendimiento y favorecer la instalaci\u00f3n de profesionales para impulsar la modernizaci\u00f3n y creaci\u00f3n de PYMES y MicroPYMES en el municipio. \u00ab.<\/p>\n<p>Por \u00faltimo se\u00f1al\u00f3 que continuando con la l\u00ednea de trabajo iniciada en este mandado, \u00abSe trata, por un lado, de <strong>potenciar la industria local desde el \u00e1mbito local, articulando esfuerzos privados y pol\u00edticas p\u00fablicas<\/strong> que contribuyan a crear trabajo y a revitalizar los circuitos de creaci\u00f3n tecnol\u00f3gica, eliminando trabas administrativas y agilizando tr\u00e1mites. Y, por otro lado, promoviendo la implicaci\u00f3n del resto de administraciones y entidades p\u00fablicas y privadas para el desarrollo industrial y productivo mediante el desarrollo de procesos de transici\u00f3n tecnol\u00f3gico digital y de transici\u00f3n energ\u00e9tico- clim\u00e1tica\u201d<\/p>\n<\/div>\n\n<p><em> &#8221; Fuentes www.bierzotv.com &#8221; <\/em><\/p>\n","protected":false},"excerpt":{"rendered":"<p>Los socialistas de Ponferrada presentaron hoy las medidas que en materia de industria y empleo. Olegario Ram\u00f3n presenta las propuestas del \u00e1rea de industria en Ponferrada El alcalde y candidato por el PSOE, Olegario Ram\u00f3n, se\u00f1al\u00f3 que \u00abnuestra prioridad ser\u00e1 la rehabilitaci\u00f3n y modernizaci\u00f3n, tanto de los accesos como del interior y de las infraestructuras [&hellip;]<\/p>\n","protected":false},"author":4,"featured_media":539460,"comment_status":"open","ping_status":"closed","sticky":false,"template":"","format":"standard","meta":{"om_disable_all_campaigns":false,"jnews-multi-image_gallery":[],"jnews_single_post":[],"jnews_primary_category":[],"jnews_social_meta":[],"footnotes":""},"categories":[144872],"tags":[],"class_list":["post-539459","post","type-post","status-publish","format-standard","has-post-thumbnail","hentry","category-fashion"],"_links":{"self":[{"href":"https:\/\/dimensionturistica.com\/es\/wp-json\/wp\/v2\/posts\/539459","targetHints":{"allow":["GET"]}}],"collection":[{"href":"https:\/\/dimensionturistica.com\/es\/wp-json\/wp\/v2\/posts"}],"about":[{"href":"https:\/\/dimensionturistica.com\/es\/wp-json\/wp\/v2\/types\/post"}],"author":[{"embeddable":true,"href":"https:\/\/dimensionturistica.com\/es\/wp-json\/wp\/v2\/users\/4"}],"replies":[{"embeddable":true,"href":"https:\/\/dimensionturistica.com\/es\/wp-json\/wp\/v2\/comments?post=539459"}],"version-history":[{"count":0,"href":"https:\/\/dimensionturistica.com\/es\/wp-json\/wp\/v2\/posts\/539459\/revisions"}],"wp:featuredmedia":[{"embeddable":true,"href":"https:\/\/dimensionturistica.com\/es\/wp-json\/wp\/v2\/media\/539460"}],"wp:attachment":[{"href":"https:\/\/dimensionturistica.com\/es\/wp-json\/wp\/v2\/media?parent=539459"}],"wp:term":[{"taxonomy":"category","embeddable":true,"href":"https:\/\/dimensionturistica.com\/es\/wp-json\/wp\/v2\/categories?post=539459"},{"taxonomy":"post_tag","embeddable":true,"href":"https:\/\/dimensionturistica.com\/es\/wp-json\/wp\/v2\/tags?post=539459"}],"curies":[{"name":"wp","href":"https:\/\/api.w.org\/{rel}","templated":true}]}}