{"id":539444,"date":"2023-05-19T13:31:45","date_gmt":"2023-05-19T13:31:45","guid":{"rendered":"https:\/\/dimensionturistica.com\/es\/?p=539444"},"modified":"2023-05-19T13:31:45","modified_gmt":"2023-05-19T13:31:45","slug":"jitin-joshi-chef-de-the-crossingel-visitante-va-a-poder-disfrutar-del-producto","status":"publish","type":"post","link":"https:\/\/dimensionturistica.com\/es\/jitin-joshi-chef-de-the-crossingel-visitante-va-a-poder-disfrutar-del-producto\/","title":{"rendered":"Jitin Joshi, chef de &#8216;The Crossing&#8217;:\u201cEl visitante va a poder disfrutar\u00a0 del producto&#8230;"},"content":{"rendered":"<p> <br \/>\n<\/p>\n<div>\n<p><strong>Jitin Joshi, el reputado chef de \u2018The Crossing\u2019 con una estrella Michelin<\/strong>, estar\u00e1 presente en la apertura del restaurante en <strong>Cap Vermell Grand Hotel, <\/strong>que tiene lugar este viernes, 19 de mayo, y que permanecer\u00e1 abierto en formato \u2018pop \u2013 up\u2019 durante un mes, hasta el pr\u00f3ximo 18 de junio, en el exclusivo completo hotelero.<\/p>\n<div class=\"ad-slot oat oat-visible oat-top \" data-mark=\"Publicidad\" style=\"height: 265px;\"><a rel=\"nofollow noopener\" target=\"_blank\" href=\"https:\/\/www.economiademallorca.com\/ads\/20230512192405082194\"> <img loading=\"lazy\" decoding=\"async\" src=\"https:\/\/www.economiademallorca.com\/media\/economiademallorca\/images\/2023\/05\/14\/2023051420415210304.png\" alt=\"Publicidad 82194\" width=\"300\" height=\"250\" class=\"lazyload\" srcset=\"https:\/\/www.economiademallorca.comhttps:\/\/www.economiademallorca.comhttps:\/\/www.economiademallorca.comhttps:\/\/www.economiademallorca.com\/asset\/thumbnail,https:\/\/www.economiademallorca.com\/480,https:\/\/www.economiademallorca.com\/270,https:\/\/www.economiademallorca.com\/https:\/\/www.economiademallorca.com\/https:\/\/www.economiademallorca.com\/https:\/\/www.economiademallorca.com\/center,https:\/\/www.economiademallorca.com\/https:\/\/www.economiademallorca.com\/https:\/\/www.economiademallorca.com\/https:\/\/www.economiademallorca.com\/center\/media\/economiademallorca\/images\/2023\/05\/14\/2023051420415210304.png https:\/\/www.economiademallorca.com\/480w,https:\/\/www.economiademallorca.comhttps:\/\/www.economiademallorca.comhttps:\/\/www.economiademallorca.comhttps:\/\/www.economiademallorca.com\/asset\/thumbnail,https:\/\/www.economiademallorca.com\/768,https:\/\/www.economiademallorca.com\/432,https:\/\/www.economiademallorca.com\/https:\/\/www.economiademallorca.com\/https:\/\/www.economiademallorca.com\/https:\/\/www.economiademallorca.com\/center,https:\/\/www.economiademallorca.com\/https:\/\/www.economiademallorca.com\/https:\/\/www.economiademallorca.com\/https:\/\/www.economiademallorca.com\/center\/media\/economiademallorca\/images\/2023\/05\/14\/2023051420415210304.png https:\/\/www.economiademallorca.com\/768w,https:\/\/www.economiademallorca.comhttps:\/\/www.economiademallorca.comhttps:\/\/www.economiademallorca.comhttps:\/\/www.economiademallorca.com\/asset\/thumbnail,https:\/\/www.economiademallorca.com\/992,https:\/\/www.economiademallorca.com\/558,https:\/\/www.economiademallorca.com\/https:\/\/www.economiademallorca.com\/https:\/\/www.economiademallorca.com\/https:\/\/www.economiademallorca.com\/center,https:\/\/www.economiademallorca.com\/https:\/\/www.economiademallorca.com\/https:\/\/www.economiademallorca.com\/https:\/\/www.economiademallorca.com\/center\/media\/economiademallorca\/images\/2023\/05\/14\/2023051420415210304.png https:\/\/www.economiademallorca.com\/992w,https:\/\/www.economiademallorca.comhttps:\/\/www.economiademallorca.comhttps:\/\/www.economiademallorca.comhttps:\/\/www.economiademallorca.com\/asset\/thumbnail,https:\/\/www.economiademallorca.com\/1280,https:\/\/www.economiademallorca.com\/720,https:\/\/www.economiademallorca.com\/https:\/\/www.economiademallorca.com\/https:\/\/www.economiademallorca.com\/https:\/\/www.economiademallorca.com\/center,https:\/\/www.economiademallorca.com\/https:\/\/www.economiademallorca.com\/https:\/\/www.economiademallorca.com\/https:\/\/www.economiademallorca.com\/center\/media\/economiademallorca\/images\/2023\/05\/14\/2023051420415210304.png https:\/\/www.economiademallorca.com\/1280w\" sizes=\"auto, (max-width: 480px) 480px, (max-width: 768px) 768px, (max-width: 992px) 992px, 1280px\"\/> <\/a><\/div>\n<p>El exclusivo restaurante es famoso por su cocina de alto nivel. Su men\u00fa refleja sabores, influencias y recetas de toda la India, desde los cl\u00e1sicos tradicionales hasta las recetas m\u00e1s modernas.<\/p>\n<div class=\"ad-slot oat oat-visible oat-top \" data-mark=\"Publicidad\" style=\"height: 265px;\"><a rel=\"nofollow noopener\" target=\"_blank\" href=\"https:\/\/www.economiademallorca.com\/ads\/20230518095432082371\"> <img loading=\"lazy\" decoding=\"async\" src=\"https:\/\/www.economiademallorca.com\/media\/economiademallorca\/images\/2023\/05\/18\/2023051809595683635.png\" alt=\"Publicidad 82371\" width=\"300\" height=\"250\" class=\"lazyload\" srcset=\"https:\/\/www.economiademallorca.comhttps:\/\/www.economiademallorca.comhttps:\/\/www.economiademallorca.comhttps:\/\/www.economiademallorca.com\/asset\/thumbnail,https:\/\/www.economiademallorca.com\/480,https:\/\/www.economiademallorca.com\/270,https:\/\/www.economiademallorca.com\/https:\/\/www.economiademallorca.com\/https:\/\/www.economiademallorca.com\/https:\/\/www.economiademallorca.com\/center,https:\/\/www.economiademallorca.com\/https:\/\/www.economiademallorca.com\/https:\/\/www.economiademallorca.com\/https:\/\/www.economiademallorca.com\/center\/media\/economiademallorca\/images\/2023\/05\/18\/2023051809595683635.png https:\/\/www.economiademallorca.com\/480w,https:\/\/www.economiademallorca.comhttps:\/\/www.economiademallorca.comhttps:\/\/www.economiademallorca.comhttps:\/\/www.economiademallorca.com\/asset\/thumbnail,https:\/\/www.economiademallorca.com\/768,https:\/\/www.economiademallorca.com\/432,https:\/\/www.economiademallorca.com\/https:\/\/www.economiademallorca.com\/https:\/\/www.economiademallorca.com\/https:\/\/www.economiademallorca.com\/center,https:\/\/www.economiademallorca.com\/https:\/\/www.economiademallorca.com\/https:\/\/www.economiademallorca.com\/https:\/\/www.economiademallorca.com\/center\/media\/economiademallorca\/images\/2023\/05\/18\/2023051809595683635.png https:\/\/www.economiademallorca.com\/768w,https:\/\/www.economiademallorca.comhttps:\/\/www.economiademallorca.comhttps:\/\/www.economiademallorca.comhttps:\/\/www.economiademallorca.com\/asset\/thumbnail,https:\/\/www.economiademallorca.com\/992,https:\/\/www.economiademallorca.com\/558,https:\/\/www.economiademallorca.com\/https:\/\/www.economiademallorca.com\/https:\/\/www.economiademallorca.com\/https:\/\/www.economiademallorca.com\/center,https:\/\/www.economiademallorca.com\/https:\/\/www.economiademallorca.com\/https:\/\/www.economiademallorca.com\/https:\/\/www.economiademallorca.com\/center\/media\/economiademallorca\/images\/2023\/05\/18\/2023051809595683635.png https:\/\/www.economiademallorca.com\/992w,https:\/\/www.economiademallorca.comhttps:\/\/www.economiademallorca.comhttps:\/\/www.economiademallorca.comhttps:\/\/www.economiademallorca.com\/asset\/thumbnail,https:\/\/www.economiademallorca.com\/1280,https:\/\/www.economiademallorca.com\/720,https:\/\/www.economiademallorca.com\/https:\/\/www.economiademallorca.com\/https:\/\/www.economiademallorca.com\/https:\/\/www.economiademallorca.com\/center,https:\/\/www.economiademallorca.com\/https:\/\/www.economiademallorca.com\/https:\/\/www.economiademallorca.com\/https:\/\/www.economiademallorca.com\/center\/media\/economiademallorca\/images\/2023\/05\/18\/2023051809595683635.png https:\/\/www.economiademallorca.com\/1280w\" sizes=\"auto, (max-width: 480px) 480px, (max-width: 768px) 768px, (max-width: 992px) 992px, 1280px\"\/> <\/a><\/div>\n<p>El chef Jitin Joshi destaca que \u201cestamos muy contentos, ya que es el primer \u2018The Crossing que se instala en Europa, con la idea de ir expandiendo el restaurante por el continente, y que se haga en uno de los mejores hoteles de Mallorca, es muy emocionante. Tenemos muchas ganas de comenzar a trabajar en Cap Vermell Grand Hotel\u201d.<\/p>\n<div class=\"ad-slot oat oat-visible oat-top \" data-mark=\"Publicidad\" style=\"height: 265px;\"><a rel=\"nofollow noopener\" target=\"_blank\" href=\"https:\/\/www.economiademallorca.com\/ads\/20230518125302082394\"> <img loading=\"lazy\" decoding=\"async\" src=\"https:\/\/www.economiademallorca.com\/media\/economiademallorca\/images\/2023\/05\/18\/2023051812510790355.gif\" alt=\"Publicidad 82394\" width=\"300\" height=\"250\" class=\"lazyload\" srcset=\"https:\/\/www.economiademallorca.comhttps:\/\/www.economiademallorca.comhttps:\/\/www.economiademallorca.comhttps:\/\/www.economiademallorca.com\/asset\/thumbnail,https:\/\/www.economiademallorca.com\/480,https:\/\/www.economiademallorca.com\/270,https:\/\/www.economiademallorca.com\/https:\/\/www.economiademallorca.com\/https:\/\/www.economiademallorca.com\/https:\/\/www.economiademallorca.com\/center,https:\/\/www.economiademallorca.com\/https:\/\/www.economiademallorca.com\/https:\/\/www.economiademallorca.com\/https:\/\/www.economiademallorca.com\/center\/media\/economiademallorca\/images\/2023\/05\/18\/2023051812510790355.gif https:\/\/www.economiademallorca.com\/480w,https:\/\/www.economiademallorca.comhttps:\/\/www.economiademallorca.comhttps:\/\/www.economiademallorca.comhttps:\/\/www.economiademallorca.com\/asset\/thumbnail,https:\/\/www.economiademallorca.com\/768,https:\/\/www.economiademallorca.com\/432,https:\/\/www.economiademallorca.com\/https:\/\/www.economiademallorca.com\/https:\/\/www.economiademallorca.com\/https:\/\/www.economiademallorca.com\/center,https:\/\/www.economiademallorca.com\/https:\/\/www.economiademallorca.com\/https:\/\/www.economiademallorca.com\/https:\/\/www.economiademallorca.com\/center\/media\/economiademallorca\/images\/2023\/05\/18\/2023051812510790355.gif https:\/\/www.economiademallorca.com\/768w,https:\/\/www.economiademallorca.comhttps:\/\/www.economiademallorca.comhttps:\/\/www.economiademallorca.comhttps:\/\/www.economiademallorca.com\/asset\/thumbnail,https:\/\/www.economiademallorca.com\/992,https:\/\/www.economiademallorca.com\/558,https:\/\/www.economiademallorca.com\/https:\/\/www.economiademallorca.com\/https:\/\/www.economiademallorca.com\/https:\/\/www.economiademallorca.com\/center,https:\/\/www.economiademallorca.com\/https:\/\/www.economiademallorca.com\/https:\/\/www.economiademallorca.com\/https:\/\/www.economiademallorca.com\/center\/media\/economiademallorca\/images\/2023\/05\/18\/2023051812510790355.gif https:\/\/www.economiademallorca.com\/992w,https:\/\/www.economiademallorca.comhttps:\/\/www.economiademallorca.comhttps:\/\/www.economiademallorca.comhttps:\/\/www.economiademallorca.com\/asset\/thumbnail,https:\/\/www.economiademallorca.com\/1280,https:\/\/www.economiademallorca.com\/720,https:\/\/www.economiademallorca.com\/https:\/\/www.economiademallorca.com\/https:\/\/www.economiademallorca.com\/https:\/\/www.economiademallorca.com\/center,https:\/\/www.economiademallorca.com\/https:\/\/www.economiademallorca.com\/https:\/\/www.economiademallorca.com\/https:\/\/www.economiademallorca.com\/center\/media\/economiademallorca\/images\/2023\/05\/18\/2023051812510790355.gif https:\/\/www.economiademallorca.com\/1280w\" sizes=\"auto, (max-width: 480px) 480px, (max-width: 768px) 768px, (max-width: 992px) 992px, 1280px\"\/> <\/a><\/div>\n<p>Adem\u00e1s, destaca que<strong> \u201cformar parte de la excelente oferta gastron\u00f3mica del hotel, como Voro, Roka o Tapas, es un placer para nosotros\u201d.<\/strong><\/p>\n<div class=\"ad-slot oat oat-visible oat-top \" data-mark=\"Publicidad\" style=\"height: 265px;\"><a rel=\"nofollow noopener\" target=\"_blank\" href=\"https:\/\/www.economiademallorca.com\/ads\/20220721095217071873\"> <img loading=\"lazy\" decoding=\"async\" src=\"https:\/\/www.economiademallorca.com\/media\/economiademallorca\/images\/2023\/05\/18\/2023051808133099988.gif\" alt=\"Publicidad 71873\" width=\"300\" height=\"250\" class=\"lazyload\" srcset=\"https:\/\/www.economiademallorca.comhttps:\/\/www.economiademallorca.comhttps:\/\/www.economiademallorca.comhttps:\/\/www.economiademallorca.com\/asset\/thumbnail,https:\/\/www.economiademallorca.com\/480,https:\/\/www.economiademallorca.com\/270,https:\/\/www.economiademallorca.com\/https:\/\/www.economiademallorca.com\/https:\/\/www.economiademallorca.com\/https:\/\/www.economiademallorca.com\/center,https:\/\/www.economiademallorca.com\/https:\/\/www.economiademallorca.com\/https:\/\/www.economiademallorca.com\/https:\/\/www.economiademallorca.com\/center\/media\/economiademallorca\/images\/2023\/05\/18\/2023051808133099988.gif https:\/\/www.economiademallorca.com\/480w,https:\/\/www.economiademallorca.comhttps:\/\/www.economiademallorca.comhttps:\/\/www.economiademallorca.comhttps:\/\/www.economiademallorca.com\/asset\/thumbnail,https:\/\/www.economiademallorca.com\/768,https:\/\/www.economiademallorca.com\/432,https:\/\/www.economiademallorca.com\/https:\/\/www.economiademallorca.com\/https:\/\/www.economiademallorca.com\/https:\/\/www.economiademallorca.com\/center,https:\/\/www.economiademallorca.com\/https:\/\/www.economiademallorca.com\/https:\/\/www.economiademallorca.com\/https:\/\/www.economiademallorca.com\/center\/media\/economiademallorca\/images\/2023\/05\/18\/2023051808133099988.gif https:\/\/www.economiademallorca.com\/768w,https:\/\/www.economiademallorca.comhttps:\/\/www.economiademallorca.comhttps:\/\/www.economiademallorca.comhttps:\/\/www.economiademallorca.com\/asset\/thumbnail,https:\/\/www.economiademallorca.com\/992,https:\/\/www.economiademallorca.com\/558,https:\/\/www.economiademallorca.com\/https:\/\/www.economiademallorca.com\/https:\/\/www.economiademallorca.com\/https:\/\/www.economiademallorca.com\/center,https:\/\/www.economiademallorca.com\/https:\/\/www.economiademallorca.com\/https:\/\/www.economiademallorca.com\/https:\/\/www.economiademallorca.com\/center\/media\/economiademallorca\/images\/2023\/05\/18\/2023051808133099988.gif https:\/\/www.economiademallorca.com\/992w,https:\/\/www.economiademallorca.comhttps:\/\/www.economiademallorca.comhttps:\/\/www.economiademallorca.comhttps:\/\/www.economiademallorca.com\/asset\/thumbnail,https:\/\/www.economiademallorca.com\/1280,https:\/\/www.economiademallorca.com\/720,https:\/\/www.economiademallorca.com\/https:\/\/www.economiademallorca.com\/https:\/\/www.economiademallorca.com\/https:\/\/www.economiademallorca.com\/center,https:\/\/www.economiademallorca.com\/https:\/\/www.economiademallorca.com\/https:\/\/www.economiademallorca.com\/https:\/\/www.economiademallorca.com\/center\/media\/economiademallorca\/images\/2023\/05\/18\/2023051808133099988.gif https:\/\/www.economiademallorca.com\/1280w\" sizes=\"auto, (max-width: 480px) 480px, (max-width: 768px) 768px, (max-width: 992px) 992px, 1280px\"\/> <\/a><\/div>\n<p>Joshi, que goza de un gran reconocimiento en el mundo gastron\u00f3mico, ha trabajado durante m\u00e1s de 23 a\u00f1os en 8 pa\u00edses diferentes, y es, hoy en d\u00eda, uno de los chefs m\u00e1s vers\u00e1tiles de la India. Su cocina se basa en revivir cl\u00e1sicos regionales y en recetas heredadas, que han pasado de generaci\u00f3n en generaci\u00f3n, d\u00e1ndole un toque cosmopolita y vanguardista.<\/p>\n<p>Para el chef, su cocina \u201ces una combinaci\u00f3n de sabores, no una fusi\u00f3n, ya que el concepto de \u2018The Crossing\u2019 que el comensal degustar\u00e1 en Cap Vermell Gran Hotel es una conexi\u00f3n entre la variedad cultural y culinaria de la India y los productos mediterr\u00e1neos, como los carabineros, el pimiento rojo o los pimientos de padr\u00f3n. Adem\u00e1s, usamos producto local, como los tomates y las verduras, que introducimos en nuestra cocina, incluyendo m\u00e1s de 20 especias diferentes procedentes de la India\u201d.<\/p>\n<p><strong>\u201cEl residente y el visitante van a poder disfrutar del producto\u00a0local, pero como si \u00e9ste viajara a la India<\/strong> y volviera con las especias en su maleta. Esa es la belleza de este compromiso culinario\u201d, afirma el reconocido chef Jitin Joshi.<\/p>\n<p>As\u00ed, la propuesta de \u2018The Crossing\u2019 incluye un \u2018chaat\u2019 de tomate de ramillete inspirado en un plato local de la hist\u00f3rica ciudad de Benar\u00e9s\u200b, en el norte de India. Tambi\u00e9n juegan un papel importante los \u2018Gunpowder\u2019, que utilizan los carabineros rojos, llenos de sabor y que hacen honor a una especia del sur de la India.<\/p>\n<p>Siguiendo la filosof\u00eda de mezcla intercultural de sabores, Jitin Joshi y su equipo utilizan pimientos de padr\u00f3n tostados y servidos con un queso suave de cardamomo y aceite de chile \u2018naga\u2019 picante, al estilo espa\u00f1ol. Los mejillones azules se cocinan suavemente en un caldo de tamarindo y coco y, por \u00faltimo, hay que destacar el cl\u00e1sico pollo de mantequilla en el men\u00fa de \u2018The Crossing\u2019.<\/p>\n<p>Respecto al nombre del restaurante, Joshi recuerda que \u201chace referencia a <strong>la intersecci\u00f3n de culturas, experiencias indias compartidas y las m\u00faltiples variedades de comida que coexisten en el pa\u00eds\u201d.<\/strong><\/p>\n<p>Cabe destacar que &#8216;The Crossing&#8217; abri\u00f3 sus puertas el 20 de enero de 2022 en Dubai, Emiratos \u00c1rabes Unidos. Est\u00e1 ubicado dentro del elegante hotel H en Sheikh Zayed Road. Refleja la India moderna y la est\u00e9tica india contempor\u00e1nea, &#8216;The Crossing Dub\u00e1i&#8217; se caracteriza por su decoraci\u00f3n minimalista y dise\u00f1o neoindio.<\/p>\n<p>Las reservas para &#8216;The Crossing&#8217;, que permanecer\u00e1 abierto hasta el pr\u00f3ximo 18 de junio en Cap Vermell Grand Hotel, ubicado en Canyamel, se pueden realizar a trav\u00e9s del 871 811 218 y en la p\u00e1gina web\u00a0www.capvermellgrandhotel.com.<\/p>\n<\/div>\n\n<p><em> &#8221; Fuentes www.economiademallorca.com &#8221; <\/em><\/p>\n","protected":false},"excerpt":{"rendered":"<p>Jitin Joshi, el reputado chef de \u2018The Crossing\u2019 con una estrella Michelin, estar\u00e1 presente en la apertura del restaurante en Cap Vermell Grand Hotel, que tiene lugar este viernes, 19 de mayo, y que permanecer\u00e1 abierto en formato \u2018pop \u2013 up\u2019 durante un mes, hasta el pr\u00f3ximo 18 de junio, en el exclusivo completo hotelero. [&hellip;]<\/p>\n","protected":false},"author":4,"featured_media":539445,"comment_status":"open","ping_status":"closed","sticky":false,"template":"","format":"standard","meta":{"om_disable_all_campaigns":false,"jnews-multi-image_gallery":[],"jnews_single_post":[],"jnews_primary_category":[],"jnews_social_meta":[],"footnotes":""},"categories":[39],"tags":[68056,634,743],"class_list":["post-539444","post","type-post","status-publish","format-standard","has-post-thumbnail","hentry","category-viajes","tag-cap-vermell","tag-empresas","tag-gastronomia"],"_links":{"self":[{"href":"https:\/\/dimensionturistica.com\/es\/wp-json\/wp\/v2\/posts\/539444","targetHints":{"allow":["GET"]}}],"collection":[{"href":"https:\/\/dimensionturistica.com\/es\/wp-json\/wp\/v2\/posts"}],"about":[{"href":"https:\/\/dimensionturistica.com\/es\/wp-json\/wp\/v2\/types\/post"}],"author":[{"embeddable":true,"href":"https:\/\/dimensionturistica.com\/es\/wp-json\/wp\/v2\/users\/4"}],"replies":[{"embeddable":true,"href":"https:\/\/dimensionturistica.com\/es\/wp-json\/wp\/v2\/comments?post=539444"}],"version-history":[{"count":0,"href":"https:\/\/dimensionturistica.com\/es\/wp-json\/wp\/v2\/posts\/539444\/revisions"}],"wp:featuredmedia":[{"embeddable":true,"href":"https:\/\/dimensionturistica.com\/es\/wp-json\/wp\/v2\/media\/539445"}],"wp:attachment":[{"href":"https:\/\/dimensionturistica.com\/es\/wp-json\/wp\/v2\/media?parent=539444"}],"wp:term":[{"taxonomy":"category","embeddable":true,"href":"https:\/\/dimensionturistica.com\/es\/wp-json\/wp\/v2\/categories?post=539444"},{"taxonomy":"post_tag","embeddable":true,"href":"https:\/\/dimensionturistica.com\/es\/wp-json\/wp\/v2\/tags?post=539444"}],"curies":[{"name":"wp","href":"https:\/\/api.w.org\/{rel}","templated":true}]}}