{"id":539369,"date":"2023-05-19T11:24:29","date_gmt":"2023-05-19T11:24:29","guid":{"rendered":"https:\/\/dimensionturistica.com\/es\/?p=539369"},"modified":"2023-05-19T11:24:29","modified_gmt":"2023-05-19T11:24:29","slug":"disney-cerrara-star-wars-galactic-starcruiser-y-cancela-proyecto-en-orlando","status":"publish","type":"post","link":"https:\/\/dimensionturistica.com\/es\/disney-cerrara-star-wars-galactic-starcruiser-y-cancela-proyecto-en-orlando\/","title":{"rendered":"Disney cerrar\u00e1 Star Wars: Galactic Starcruiser y cancela proyecto en Orlando"},"content":{"rendered":"<p> <br \/>\n<\/p>\n<div>\n<p class=\"content-element\"><a rel=\"nofollow noopener\" target=\"_blank\" href=\"https:\/\/www.elnuevodia.com\/topicos\/walt-disney-world\/\">Walt Disney World<\/a> anunci\u00f3 ayer finalmente que cerrar\u00e1 su hotel-experiencia de Star Wars: Galactic Starcruisers, a partir del 30 de septiembre.<\/p>\n<p class=\"content-element\">Una experiencia completa \u00fanica en su clase, que para muchos fue llamada el \u201chotel de <a rel=\"nofollow noopener\" target=\"_blank\" href=\"https:\/\/www.elnuevodia.com\/topicos\/star-wars\/\">Star Wars<\/a>\u201d, no era precisamente ni un hotel ni un crucero, pero s\u00ed algo diferente y muy exclusivo. Inaugurado como parte de la celebraci\u00f3n del 50 Aniversario, el 30 de marzo de 2022, promet\u00eda un viaje hacia otra galaxia, en un <a rel=\"nofollow noopener\" target=\"_blank\" href=\"https:\/\/www.elnuevodia.com\/topicos\/cruceros\/\">crucero <\/a>simulado, la nave Halcyon.<\/p>\n<p class=\"content-element\">La experiencia, que duraba dos noches, inclu\u00eda comida, encuentros con personajes de La Resistencia, como Rey y Chewbacca; del Primer Orden, como Kylo Ren; y varios nuevos, como la Capitana Riyola Keevan, l\u00edder de la nave, adem\u00e1s de adiestramiento con \u201clightsabers\u201d y una visita a \u201cBatuu\u201d, en Star Wars: Galaxy\u2019s Edge, en el parque de Hollywood Studios.<\/p>\n<p>PUBLICIDAD<\/p>\n<p><amp-fx-flying-carpet height=\"600\"><amp-ad width=\"300\" height=\"600\" type=\"doubleclick\" data-slot=\"\/282897603\/elnuevodia.com\/amp-flying-carpet\"\/><\/amp-fx-flying-carpet><\/p>\n<p>CONTIN\u00daE PARA VER M\u00c1S CONTENIDO<\/p>\n<p class=\"content-element\">El lugar, que cuenta con 100 cabinas y suites, fue meticulosamente dise\u00f1ado de manera art\u00edstica y creativa, cumpliendo su cometido de hacer que los hu\u00e9spedes se sintieran transportados a otra galaxia.<\/p>\n<div class=\"AmpImage\">\n<figure><figcaption>El atrio es el primer lugar que encuentra el pasajero en Star Wars: Galactic Starcruiser.<!-- --> <!-- -->(Gregorio May\u00ed)<\/figcaption><\/figure>\n<\/div>\n<p class=\"content-element\">Pero aunque todo eso era como un sue\u00f1o, especialmente para los fan\u00e1ticos de toda la tem\u00e1tica de Star Wars, y se notaba el entusiasmo en las redes sociales, el precio, que pod\u00eda sobrepasar los $5,000 por pareja, dependiendo de la temporada, hizo que muchos se quedaran con el deseo de vivir la experiencia.<\/p>\n<p class=\"content-element\">Aunque en marzo de este a\u00f1o, Disney confirmaba que reducir\u00eda los \u201cviajes\u201d a dos por semana, y que estaban en proceso de aprendizaje durante ese primer a\u00f1o de operaciones, la empresa confirm ayer el cierre, indicando que el \u00faltimo \u201cviaje\u201d ser\u00e1 el 28 de septiembre, culminando operaciones el 30 de ese mes.<\/p>\n<p class=\"content-element\">En una notificaci\u00f3n en su website, Disney dijo que contactar\u00e1 a quienes ten\u00edan reservaciones posteriores a esa fecha. \u201cEstamos orgullosos de todo lo que los Cast Members y los Imagineers (su divisi\u00f3n creativa), han tra\u00eddo a \u201cStar Wars: Galactic Starcruises\u201d y esperamos continuar brindado una experiencia excelente a los hu\u00e9spedes que nos visitar\u00e1n en los pr\u00f3ximos \u2018viajes\u2019\u201d, indic\u00f3 la empresa en su comunicaci\u00f3n. \u201cEsta experiencia Premium, boutique, nos dio la oportunidad de tratar nuevas cosas en escala menor de 100 habitaciones. Mientras nos preparamos para el \u2018viaje final\u2019, tomaremos lo aprendido para crear experiencias futuras que puedan llegar a m\u00e1s hu\u00e9spedes y fan\u00e1ticos\u201d, a\u00f1adi\u00f3 en su comunicaci\u00f3n.<\/p>\n<p class=\"content-element\">La informaci\u00f3n ya fue actualizada en la p\u00e1gina oficial de Walt Disney World, donde se inform\u00f3 que para dar prioridad a las reservaciones existentes, pausar\u00e1n las nuevas hasta el 26 de mayo.<\/p>\n<div class=\"AmpImage\">\n<figure><figcaption>Cama y litera en las cabinas del crucero.<!-- --> <!-- -->(gregorio May\u00ed)<\/figcaption><\/figure>\n<\/div>\n<h4 class=\"content-element\"><b>Tambi\u00e9n cancelan planes para campus de Lake Nona<\/b><\/h4>\n<p class=\"content-element\">A este anuncio de Disney se a\u00f1adi\u00f3 la confirmaci\u00f3n de que la empresa cancel\u00f3 planes para la construcci\u00f3n de su campus en Lake Nona, regi\u00f3n residencial y comercial cercana al Aeropuerto Internacional de <a rel=\"nofollow noopener\" target=\"_blank\" href=\"https:\/\/www.elnuevodia.com\/topicos\/orlando\/\">Orlando<\/a>.<\/p>\n<p class=\"content-element\">Ese proyecto era el que llevar\u00eda a relocalizarse en Orlando a unos 2,000 empleados de la empresa en California, para trabajar en las nuevas facilidades de Disney, que se proyectaba construir en un \u00e1rea de 60 acres.<\/p>\n<p class=\"content-element\">Disney, que dijo que han habido cambios considerables desde que anunciaron el proyecto, ha estado en medio de una controversia de m\u00e1s de un a\u00f1o con Ron DeSantis, gobernador de Florida, quien se\u00f1al\u00f3 en una comunicaci\u00f3n escrita que Disney anunci\u00f3 la posibilidad de un campus en Lake Nona hace casi dos a\u00f1os y nunca sali\u00f3 nada del proyecto. \u201cEl estado no estaba seguro de si llegar\u00eda a buen t\u00e9rmino. Dadas las dificultades financieras de la empresa, la ca\u00edda de la capitalizaci\u00f3n de mercado y la ca\u00edda del precio de las acciones, no sorprende que reestructuraran sus operaciones comerciales y cancelaran empresas fallidas\u201d, explic\u00f3 DeSantis.<\/p>\n<p class=\"content-element\">Pero el anuncio de la cancelaci\u00f3n ha tra\u00eddo preocupaci\u00f3n a diversos sectores pol\u00edticos y empresariales de Florida. \u201cEs lamentable que Disney no avance con la construcci\u00f3n del campus de Lake Nona. Sin embargo, estas son las consecuencias cuando no existe un ambiente de trabajo inclusivo y colaborativo entre el estado de Florida y la comunidad empresarial. Continuaremos trabajando de cerca con nuestros valiosos socios en Disney\u201d, dijo Jerry L. Demings, alcalde del Condado de Orange.<\/p>\n<\/div>\n\n<p><em> &#8221; Fuentes www.elnuevodia.com &#8221; <\/em><\/p>\n","protected":false},"excerpt":{"rendered":"<p>Walt Disney World anunci\u00f3 ayer finalmente que cerrar\u00e1 su hotel-experiencia de Star Wars: Galactic Starcruisers, a partir del 30 de septiembre. Una experiencia completa \u00fanica en su clase, que para muchos fue llamada el \u201chotel de Star Wars\u201d, no era precisamente ni un hotel ni un crucero, pero s\u00ed algo diferente y muy exclusivo. Inaugurado [&hellip;]<\/p>\n","protected":false},"author":4,"featured_media":539371,"comment_status":"open","ping_status":"closed","sticky":false,"template":"","format":"standard","meta":{"om_disable_all_campaigns":false,"jnews-multi-image_gallery":[],"jnews_single_post":[],"jnews_primary_category":[],"jnews_social_meta":[],"footnotes":""},"categories":[41],"tags":[1280,3222,2453,1542],"class_list":["post-539369","post","type-post","status-publish","format-standard","has-post-thumbnail","hentry","category-cruceros","tag-crucero","tag-disney","tag-florida","tag-orlando"],"_links":{"self":[{"href":"https:\/\/dimensionturistica.com\/es\/wp-json\/wp\/v2\/posts\/539369","targetHints":{"allow":["GET"]}}],"collection":[{"href":"https:\/\/dimensionturistica.com\/es\/wp-json\/wp\/v2\/posts"}],"about":[{"href":"https:\/\/dimensionturistica.com\/es\/wp-json\/wp\/v2\/types\/post"}],"author":[{"embeddable":true,"href":"https:\/\/dimensionturistica.com\/es\/wp-json\/wp\/v2\/users\/4"}],"replies":[{"embeddable":true,"href":"https:\/\/dimensionturistica.com\/es\/wp-json\/wp\/v2\/comments?post=539369"}],"version-history":[{"count":0,"href":"https:\/\/dimensionturistica.com\/es\/wp-json\/wp\/v2\/posts\/539369\/revisions"}],"wp:featuredmedia":[{"embeddable":true,"href":"https:\/\/dimensionturistica.com\/es\/wp-json\/wp\/v2\/media\/539371"}],"wp:attachment":[{"href":"https:\/\/dimensionturistica.com\/es\/wp-json\/wp\/v2\/media?parent=539369"}],"wp:term":[{"taxonomy":"category","embeddable":true,"href":"https:\/\/dimensionturistica.com\/es\/wp-json\/wp\/v2\/categories?post=539369"},{"taxonomy":"post_tag","embeddable":true,"href":"https:\/\/dimensionturistica.com\/es\/wp-json\/wp\/v2\/tags?post=539369"}],"curies":[{"name":"wp","href":"https:\/\/api.w.org\/{rel}","templated":true}]}}