{"id":539318,"date":"2023-05-19T10:15:47","date_gmt":"2023-05-19T10:15:47","guid":{"rendered":"https:\/\/dimensionturistica.com\/es\/?p=539318"},"modified":"2023-05-19T10:15:47","modified_gmt":"2023-05-19T10:15:47","slug":"sandoval-habla-del-costo-de-su-departamento-y-sobre-viajes-al-exterior","status":"publish","type":"post","link":"https:\/\/dimensionturistica.com\/es\/sandoval-habla-del-costo-de-su-departamento-y-sobre-viajes-al-exterior\/","title":{"rendered":"Sandoval habla del costo de su departamento y sobre viajes al exterior"},"content":{"rendered":"<p> <br \/>\n<\/p>\n<div>\n<p><span itemprop=\"name\">Alonso Urrutia y N\u00e9stor Jim\u00e9nez<\/span><\/p>\n<p>\u00a0<\/p>\n<p>Peri\u00f3dico La Jornada<br \/>Viernes 19 de mayo de 2023, p. 7<\/p>\n<p class=\"s-s\">El presidente Andr\u00e9s Manuel L\u00f3pez Obrador apoy\u00f3 al titular de la Secretar\u00eda de la Defensa Nacional, Luis Cresencio Sandoval, ante la informaci\u00f3n divulgada sobre compras inmobiliarias y viajes del general.<\/p>\n<p>El mandatario encuadr\u00f3 estas imputaciones en el recrudecimiento de cr\u00edticas a su gobierno por organizaciones ligadas a Claudio X. Gonz\u00e1lez, las cuales son financiadas por Estados Unidos. Se trata de apoyos a grupos opositores que son injerencistas, contra un pa\u00eds con un gobierno legal y leg\u00edtimamente constituido.<\/p>\n<p><q>\u00bfY por qu\u00e9 los ataques a las fuerzas armadas, en este caso al general? Porque antes hac\u00edan lo que quer\u00edan, les permit\u00edan todo; se lleg\u00f3 al extremo de que las agencias del gobierno de Estados Unidos mandaban en la Secretar\u00eda de Marina, imag\u00ednense eso. Ya se puso orden, ya no es as\u00ed, M\u00e9xico no es colonia, no es protectorado de ning\u00fan gobierno extranjero; van a tener que aprender a respetarnos. Por eso las investigaciones (al general).<\/q><\/p>\n<p>Presente en la conferencia, Sandoval habl\u00f3 por primera vez de la compra de un departamento en Bosque Real. Inform\u00f3 que se lo entregaron en obra gris (sin acabados, aunque ten\u00eda 11 a\u00f1os construido), por lo que su costo real fue de 9 millones de pesos, seg\u00fan un aval\u00fao del Banj\u00e9rcito, que le otorg\u00f3 un cr\u00e9dito para adquirirlo. <q>No es cierto que cueste 30 millones de pesos<\/q>; dijo que no conoc\u00eda ni tuvo contacto con el propietario, pues se manej\u00f3 con agentes inmobiliarios y s\u00f3lo en la firma de las escrituras vio al due\u00f1o, ligado a una de las empresas proveedoras de la Sedena.<\/p>\n<p>Se\u00f1al\u00f3 que desde que adquiri\u00f3 la propiedad (al comenzar el sexenio), la empresa que se menciona en las versiones period\u00edsticas particip\u00f3 en varias licitaciones, pero s\u00f3lo ha ganado en una de ellas, porque los par\u00e1metros son obtener los mejores precios, bajo supervisi\u00f3n de la Secretar\u00eda de la Funci\u00f3n P\u00fablica. <q>Incluso, aclar\u00f3, fue penalizada porque no cumpli\u00f3 con lo que ten\u00eda que hacer en cuanto a la entrega de los bienes, algo as\u00ed como 16 millones de pesos; se le mult\u00f3 por no cumplir con lo contratado.<\/q><\/p>\n<p>Para entonces, el Presidente ya hab\u00eda sostenido: <q>no tengo elementos, pero siempre he tenido un instinto certero de que esas son investigaciones de Claudio X. Gonz\u00e1lez, del grupo que tiene, que recibe dinero del gobierno de Estados Unidos<\/q>.<\/p>\n<p>Y lanz\u00f3: <q>\u00bfme preguntas si conf\u00edo en las fuerzas armadas? Claro que s\u00ed. Y le tengo confianza al general, claro que s\u00ed, desde que decid\u00ed invitarlo a participar, despu\u00e9s de un an\u00e1lisis de expedientes de todos los generales de divisi\u00f3n, llegu\u00e9 a la conclusi\u00f3n de que el general, entre otras virtudes, es una persona honesta<\/q>.<\/p>\n<p>Aunque en primera instancia Sandoval declin\u00f3 aludir a sus viajes y los de su familia, hacia el final de la conferencia abord\u00f3 el tema. <q>Como secretario de la Defensa nunca he volado hacia Europa. Solamente conozco Par\u00eds; en la administraci\u00f3n anterior me toc\u00f3 ir en dos ocasiones por cuestiones de trabajo para empezar las pl\u00e1ticas o las juntas de Estados Mayores M\u00e9xico-Francia<\/q>.<\/p>\n<p>En este sexenio, agreg\u00f3, ha viajado dos veces a Estados Unidos y una a Brasil, a la Conferencia de Ej\u00e9rcitos Americanos (aunque fue con el Presidente a Centroam\u00e9rica y Cuba). <q>En algunos de los pa\u00edses me ha acompa\u00f1ado mi familia, porque dentro de las actividades, en los protocolos de la Conferencia de Ej\u00e9rcitos Americanos est\u00e1 que lleve uno a las familias<\/q>.<\/p>\n<p>Como protocolo de la Sedena, expuso, tiene un grupo de ayudantes que lo apoyan a \u00e9l y a su familia.<\/p>\n<p>\u2013\u00bfAlg\u00fan viaje en el que se haya cancelado su participaci\u00f3n, y que de todas maneras haya viajado su familia?<\/p>\n<p>\u2013No, no, ninguno. El que mencionaron de Rusia, s\u00ed, fueron efectivos, personal militar; participamos antes de la guerra con nuestras bandas de m\u00fasica, apunt\u00f3.<\/p>\n<p>Ante la pregunta sobre viajes de su familia a Europa, el Presidente acot\u00f3: <q>ya explic\u00f3<\/q>.<\/p>\n<p>El mandatario lig\u00f3 estas investigaciones al general a otras, como el acoso a sus hijos, o la \u00faltima acusaci\u00f3n del periodista Carlos Loret de Mola, quien difundi\u00f3 que en realidad el salario de L\u00f3pez Obrador no es de 130 mil pesos, sino de 405 mil.<\/p>\n<p>Sin mediar pregunta, sac\u00f3 el tema: \u201ccomo dicen los abogados, aceptar sin conceder de que gano 405, que ah\u00ed me carga todo: la luz de aqu\u00ed de Palacio, los tel\u00e9fonos, todo. Si fuese as\u00ed, como cinco veces menos que \u00e9l. \u00bfCu\u00e1nto gana \u00e9l? Ya me sac\u00f3 la cuenta, \u00bfno? \u00bfPor qu\u00e9 no nos dice hoy cu\u00e1nto gana \u00e9l? Yo ya he dicho que gana 2 millones de pesos mensuales.<\/p>\n<\/div>\n\n<p><em> &#8221; Fuentes www.jornada.com.mx &#8221; <\/em><\/p>\n","protected":false},"excerpt":{"rendered":"<p>Alonso Urrutia y N\u00e9stor Jim\u00e9nez \u00a0 Peri\u00f3dico La JornadaViernes 19 de mayo de 2023, p. 7 El presidente Andr\u00e9s Manuel L\u00f3pez Obrador apoy\u00f3 al titular de la Secretar\u00eda de la Defensa Nacional, Luis Cresencio Sandoval, ante la informaci\u00f3n divulgada sobre compras inmobiliarias y viajes del general. El mandatario encuadr\u00f3 estas imputaciones en el recrudecimiento de [&hellip;]<\/p>\n","protected":false},"author":4,"featured_media":539319,"comment_status":"open","ping_status":"closed","sticky":false,"template":"","format":"standard","meta":{"om_disable_all_campaigns":false,"jnews-multi-image_gallery":[],"jnews_single_post":[],"jnews_primary_category":[],"jnews_social_meta":[],"footnotes":""},"categories":[40],"tags":[769,705],"class_list":["post-539318","post","type-post","status-publish","format-standard","has-post-thumbnail","hentry","category-industria","tag-mexico","tag-noticias"],"_links":{"self":[{"href":"https:\/\/dimensionturistica.com\/es\/wp-json\/wp\/v2\/posts\/539318","targetHints":{"allow":["GET"]}}],"collection":[{"href":"https:\/\/dimensionturistica.com\/es\/wp-json\/wp\/v2\/posts"}],"about":[{"href":"https:\/\/dimensionturistica.com\/es\/wp-json\/wp\/v2\/types\/post"}],"author":[{"embeddable":true,"href":"https:\/\/dimensionturistica.com\/es\/wp-json\/wp\/v2\/users\/4"}],"replies":[{"embeddable":true,"href":"https:\/\/dimensionturistica.com\/es\/wp-json\/wp\/v2\/comments?post=539318"}],"version-history":[{"count":0,"href":"https:\/\/dimensionturistica.com\/es\/wp-json\/wp\/v2\/posts\/539318\/revisions"}],"wp:featuredmedia":[{"embeddable":true,"href":"https:\/\/dimensionturistica.com\/es\/wp-json\/wp\/v2\/media\/539319"}],"wp:attachment":[{"href":"https:\/\/dimensionturistica.com\/es\/wp-json\/wp\/v2\/media?parent=539318"}],"wp:term":[{"taxonomy":"category","embeddable":true,"href":"https:\/\/dimensionturistica.com\/es\/wp-json\/wp\/v2\/categories?post=539318"},{"taxonomy":"post_tag","embeddable":true,"href":"https:\/\/dimensionturistica.com\/es\/wp-json\/wp\/v2\/tags?post=539318"}],"curies":[{"name":"wp","href":"https:\/\/api.w.org\/{rel}","templated":true}]}}