{"id":539091,"date":"2023-05-19T02:00:56","date_gmt":"2023-05-19T02:00:56","guid":{"rendered":"https:\/\/dimensionturistica.com\/es\/?p=539091"},"modified":"2023-05-19T02:00:56","modified_gmt":"2023-05-19T02:00:56","slug":"luis-arroyo-reelegido-presidente-de-la-asociacion-de-agencias-de-viajes-de-huelva","status":"publish","type":"post","link":"https:\/\/dimensionturistica.com\/es\/luis-arroyo-reelegido-presidente-de-la-asociacion-de-agencias-de-viajes-de-huelva\/","title":{"rendered":"Luis Arroyo, reelegido Presidente de la Asociaci\u00f3n de Agencias de Viajes de Huelva"},"content":{"rendered":"<p> <br \/>\n<\/p>\n<div>\n<p>Huelva, 18 mayo 2023.- El empresario Luis Arroyo ha sido reelegido Presidente de la Asociaci\u00f3n Provincial de Agencias de Viajes de Huelva, en el transcurso de una Asamblea electoral en la que qued\u00f3 igualmente renovada la Junta Directiva que result\u00f3 como sigue: Marisol Mesa Torres, vicepresidenta; Melisa Trinidad Isla, secretaria general; Ra\u00fal Romero Garc\u00eda, tesorero; Javier Prieto Moreno y Francisco J. Gonz\u00e1lez Camacho; vocales; y Francisco J. Mu\u00f1oz Mart\u00edn, secretario t\u00e9cnico.<\/p>\n<p>El Presidente, Luis Arroyo, ha agradecido a la anterior junta directiva el trabajo desarrollado durante los \u00faltimos a\u00f1os al frente de dicha Asociaci\u00f3n, resaltando los principales objetivos en los que centrar\u00e1 su mandato como son la defensa y promoci\u00f3n de los intereses del sector, as\u00ed como en la cooperaci\u00f3n entre los asociados.<\/p>\n<p>La Asociaci\u00f3n de Agencias de Viajes, es una organizaci\u00f3n en la que est\u00e1 presente todos y cada uno de los segmentos que constituyen ese sector empresarial de la provincia de Huelva entre los que se encuentran agencias emisoras, receptivas, corporate, MICE, on-line, etc. &#8230;<\/p>\n<p>Asimismo, el sector, regulado por una amplia normativa espec\u00edfica, tiene en la Asociaci\u00f3n su mejor valedor ante las Administraciones, de distinto nivel, adem\u00e1s de actuar convenientemente frente a los numerosos casos de intrusismo, competencia desleal, publicidad enga\u00f1osa, etc., que les afectan en el d\u00eda a d\u00eda.<\/p>\n<p>Igualmente, a trav\u00e9s de su pertenencia en la Confederaci\u00f3n nacional y la Federaci\u00f3n regional de Agencias de Viajes, desde la Asociaci\u00f3n provincial se han podido gestionar ayudas destinadas a ese sector sin olvidar las iniciativas promocionales que se llevan a cabo tambi\u00e9n en una eficiente colaboraci\u00f3n privada-p\u00fablica.<\/p>\n<\/p><\/div>\n\n<p><em> &#8221; Fuentes www.hosteltur.com &#8221; <\/em><\/p>\n","protected":false},"excerpt":{"rendered":"<p>Huelva, 18 mayo 2023.- El empresario Luis Arroyo ha sido reelegido Presidente de la Asociaci\u00f3n Provincial de Agencias de Viajes de Huelva, en el transcurso de una Asamblea electoral en la que qued\u00f3 igualmente renovada la Junta Directiva que result\u00f3 como sigue: Marisol Mesa Torres, vicepresidenta; Melisa Trinidad Isla, secretaria general; Ra\u00fal Romero Garc\u00eda, tesorero; [&hellip;]<\/p>\n","protected":false},"author":4,"featured_media":399427,"comment_status":"open","ping_status":"closed","sticky":false,"template":"","format":"standard","meta":{"om_disable_all_campaigns":false,"jnews-multi-image_gallery":[],"jnews_single_post":[],"jnews_primary_category":[],"jnews_social_meta":[],"footnotes":""},"categories":[39],"tags":[572],"class_list":["post-539091","post","type-post","status-publish","format-standard","has-post-thumbnail","hentry","category-viajes","tag-distribucion"],"_links":{"self":[{"href":"https:\/\/dimensionturistica.com\/es\/wp-json\/wp\/v2\/posts\/539091","targetHints":{"allow":["GET"]}}],"collection":[{"href":"https:\/\/dimensionturistica.com\/es\/wp-json\/wp\/v2\/posts"}],"about":[{"href":"https:\/\/dimensionturistica.com\/es\/wp-json\/wp\/v2\/types\/post"}],"author":[{"embeddable":true,"href":"https:\/\/dimensionturistica.com\/es\/wp-json\/wp\/v2\/users\/4"}],"replies":[{"embeddable":true,"href":"https:\/\/dimensionturistica.com\/es\/wp-json\/wp\/v2\/comments?post=539091"}],"version-history":[{"count":0,"href":"https:\/\/dimensionturistica.com\/es\/wp-json\/wp\/v2\/posts\/539091\/revisions"}],"wp:featuredmedia":[{"embeddable":true,"href":"https:\/\/dimensionturistica.com\/es\/wp-json\/wp\/v2\/media\/399427"}],"wp:attachment":[{"href":"https:\/\/dimensionturistica.com\/es\/wp-json\/wp\/v2\/media?parent=539091"}],"wp:term":[{"taxonomy":"category","embeddable":true,"href":"https:\/\/dimensionturistica.com\/es\/wp-json\/wp\/v2\/categories?post=539091"},{"taxonomy":"post_tag","embeddable":true,"href":"https:\/\/dimensionturistica.com\/es\/wp-json\/wp\/v2\/tags?post=539091"}],"curies":[{"name":"wp","href":"https:\/\/api.w.org\/{rel}","templated":true}]}}